{"id":180899,"date":"2014-07-07T00:06:38","date_gmt":"2014-07-07T05:06:38","guid":{"rendered":"http:\/\/www.diarioimagen.net\/?p=180899"},"modified":"2014-07-07T21:34:14","modified_gmt":"2014-07-08T02:34:14","slug":"edomex-tendra-300-planteles-de-telebachillerato-avila-villegas","status":"publish","type":"post","link":"https:\/\/www.diarioimagen.net\/?p=180899","title":{"rendered":"Edomex tendr\u00e1 300 planteles de telebachillerato: \u00c1vila Villegas"},"content":{"rendered":"<ul>\n<li><strong><em>Entrega apoyos del programa Acciones por la Escuela<\/em><\/strong><\/li>\n<\/ul>\n<div id=\"attachment_180959\" style=\"width: 430px\" class=\"wp-caption aligncenter\"><a href=\"http:\/\/www.diarioimagen.net\/wp-content\/uploads\/2014\/07\/eruviel-2393.jpg\"><img loading=\"lazy\" decoding=\"async\" aria-describedby=\"caption-attachment-180959\" class=\"wp-image-180959 size-large\" src=\"http:\/\/www.diarioimagen.net\/wp-content\/uploads\/2014\/07\/eruviel-2393-420x279.jpg\" alt=\"Al entregar apoyos de las Acciones por la Educaci\u00f3n a alumnos, maestros y padres de familia de los municipios de Papalotla, Texcoco, Tezoyuca, Chiautla, Chiconcuac, Tepetlaoxtoc, Atenco y Chicoloapan, el gobernador Eruviel \u00c1vila Villegas inform\u00f3 que el pr\u00f3ximo ciclo escolar 2014-2015, el Estado de M\u00e9xico contar\u00e1 con 300 escuelas de telebachillerato, lo que derivar\u00e1 en 30 mil espacios m\u00e1s para los j\u00f3venes que quieran continuar con sus estudios.\" width=\"420\" height=\"279\" srcset=\"https:\/\/www.diarioimagen.net\/wp-content\/uploads\/2014\/07\/eruviel-2393-420x279.jpg 420w, https:\/\/www.diarioimagen.net\/wp-content\/uploads\/2014\/07\/eruviel-2393-240x159.jpg 240w, https:\/\/www.diarioimagen.net\/wp-content\/uploads\/2014\/07\/eruviel-2393.jpg 1200w\" sizes=\"auto, (max-width: 420px) 100vw, 420px\" \/><\/a><p id=\"caption-attachment-180959\" class=\"wp-caption-text\">Al entregar apoyos de las Acciones por la Educaci\u00f3n a alumnos, maestros y padres de familia de los municipios de Papalotla, Texcoco, Tezoyuca, Chiautla, Chiconcuac, Tepetlaoxtoc, Atenco y Chicoloapan, el gobernador Eruviel \u00c1vila Villegas inform\u00f3 que el pr\u00f3ximo ciclo escolar 2014-2015, el Estado de M\u00e9xico contar\u00e1 con 300 escuelas de telebachillerato, lo que derivar\u00e1 en 30 mil espacios m\u00e1s para los j\u00f3venes que quieran continuar con sus estudios.<\/p><\/div>\n<p><strong>Atenco, Estado de M\u00e9xico<\/strong>.- El pr\u00f3ximo ciclo escolar 2014-2015, el Estado de M\u00e9xico contar\u00e1 con 300 escuelas de telebachillerato, lo que derivar\u00e1 en 30 mil espacios m\u00e1s para los j\u00f3venes que quieran continuar con sus estudios de nivel medio superior y as\u00ed tener mexiquenses mejor preparados, inform\u00f3 el gobernador Eruviel \u00c1vila Villegas, al entregar mobiliario a escuelas del sistema federalizado.<\/p>\n<p>\u201cEstamos entregando el equivalente a 811 millones de pesos en mobiliario para escuelas del sistema federalizado y tambi\u00e9n estamos entregando pantallas para las escuelas que est\u00e1n dentro de este programa. Hacemos este tipo de programas porque lo que quiero lograr, es generar una sana competencia entre los alumnos, s\u00ed, como lo escucharon, una sana competencia. Que se ense\u00f1en a ser los mejores de su grupo, de toda su escuela, o de su facultad, o de su municipio, del Estado de M\u00e9xico, que estudien y que piensen en grande, ese es el objetivo de este tipo de programas y muchos m\u00e1s que tenemos desde luego, para que se sigan preparando\u201d, manifest\u00f3.<\/p>\n<p>Ante alumnos, maestros y padres de familia de los municipios de Papalotla, Texcoco, Tezoyuca, Chiautla, Chinconcuac, Tepetlaoxtoc, Atenco y Chicoloapan, Eruviel \u00c1vila destac\u00f3 que el programa de telebachillerato se lleva a cabo en coordinaci\u00f3n con el gobierno federal.<\/p>\n<p>Indic\u00f3 que al arranque del pr\u00f3ximo ciclo escolar se sumar\u00e1n a los 10 telebachilleratos que ya est\u00e1n en operaci\u00f3n, 90 m\u00e1s, y se tiene como meta que al t\u00e9rmino de \u00e9ste se cuente con 300 espacios en total.<\/p>\n<p>En esta gira de trabajo, el titular del Ejecutivo estatal anunci\u00f3 el equipamiento de 347 telesecundarias con pantallas, adem\u00e1s otorg\u00f3 apoyos educativos a alumnos e instituciones educativas de la Zona Oriente de la entidad, como lentes, zapatos ortop\u00e9dicos, material did\u00e1ctico para Centros de Atenci\u00f3n M\u00faltiple (CAM), computadoras tiflot\u00e9cnicas, entre otros.<\/p>\n<p>Por su parte, el secretario de Educaci\u00f3n, Raymundo Mart\u00ednez Carbajal, destac\u00f3 que ya se han entregado m\u00e1s de 40 mil kits deportivos a los planteles educativos de educaci\u00f3n b\u00e1sica, adem\u00e1s se cuentan con 10 CAM que tienen su anexo laboral, donde se ense\u00f1an oficios, como panader\u00eda o serigraf\u00eda, a los ni\u00f1os que padecen alguna discapacidad.<\/p>\n","protected":false},"excerpt":{"rendered":"<p>El pr\u00f3ximo ciclo escolar 2014-2015, el Estado de M\u00e9xico contar\u00e1 con 300 escuelas de telebachillerato, lo que derivar\u00e1 en 30 mil espacios m\u00e1s para los j\u00f3venes que quieran continuar con sus estudios de nivel medio superior y as\u00ed tener mexiquenses mejor preparados, inform\u00f3 el gobernador Eruviel \u00c1vila Villegas, al entregar mobiliario a escuelas del sistema federalizado.<\/p>\n","protected":false},"author":3,"featured_media":180959,"comment_status":"open","ping_status":"open","sticky":false,"template":"","format":"standard","meta":{"_monsterinsights_skip_tracking":false,"_monsterinsights_sitenote_active":false,"_monsterinsights_sitenote_note":"","_monsterinsights_sitenote_category":0,"footnotes":""},"categories":[5],"tags":[13284,7484,5828,43675,43704,43674],"class_list":["post-180899","post","type-post","status-publish","format-standard","has-post-thumbnail","hentry","category-estado-de-mexico","tag-arco-norte","tag-atenco","tag-eruviel-avila-villegas","tag-estado-de-mexico","tag-jose-luis-montanez-aguilar","tag-opinion"],"_links":{"self":[{"href":"https:\/\/www.diarioimagen.net\/index.php?rest_route=\/wp\/v2\/posts\/180899","targetHints":{"allow":["GET"]}}],"collection":[{"href":"https:\/\/www.diarioimagen.net\/index.php?rest_route=\/wp\/v2\/posts"}],"about":[{"href":"https:\/\/www.diarioimagen.net\/index.php?rest_route=\/wp\/v2\/types\/post"}],"author":[{"embeddable":true,"href":"https:\/\/www.diarioimagen.net\/index.php?rest_route=\/wp\/v2\/users\/3"}],"replies":[{"embeddable":true,"href":"https:\/\/www.diarioimagen.net\/index.php?rest_route=%2Fwp%2Fv2%2Fcomments&post=180899"}],"version-history":[{"count":0,"href":"https:\/\/www.diarioimagen.net\/index.php?rest_route=\/wp\/v2\/posts\/180899\/revisions"}],"wp:featuredmedia":[{"embeddable":true,"href":"https:\/\/www.diarioimagen.net\/index.php?rest_route=\/wp\/v2\/media\/180959"}],"wp:attachment":[{"href":"https:\/\/www.diarioimagen.net\/index.php?rest_route=%2Fwp%2Fv2%2Fmedia&parent=180899"}],"wp:term":[{"taxonomy":"category","embeddable":true,"href":"https:\/\/www.diarioimagen.net\/index.php?rest_route=%2Fwp%2Fv2%2Fcategories&post=180899"},{"taxonomy":"post_tag","embeddable":true,"href":"https:\/\/www.diarioimagen.net\/index.php?rest_route=%2Fwp%2Fv2%2Ftags&post=180899"}],"curies":[{"name":"wp","href":"https:\/\/api.w.org\/{rel}","templated":true}]}}