{"id":180903,"date":"2014-07-07T00:13:18","date_gmt":"2014-07-07T05:13:18","guid":{"rendered":"http:\/\/www.diarioimagen.net\/?p=180903"},"modified":"2014-07-07T02:36:57","modified_gmt":"2014-07-07T07:36:57","slug":"investigar-a-fondo-ordena-eruviel","status":"publish","type":"post","link":"https:\/\/www.diarioimagen.net\/?p=180903","title":{"rendered":"Investigar a fondo, ordena Eruviel"},"content":{"rendered":"<h2>Arco Norte<\/h2>\n<h5>Jos\u00e9 Luis Monta\u00f1ez Aguilar<\/h5>\n<p>&nbsp;<\/p>\n<p><a href=\"http:\/\/www.diarioimagen.net\/wp-content\/uploads\/2014\/07\/arco-2393.jpg\" target=\"_blank\"><img loading=\"lazy\" decoding=\"async\" class=\"alignleft size-medium wp-image-180969\" src=\"http:\/\/www.diarioimagen.net\/wp-content\/uploads\/2014\/07\/arco-2393-240x135.jpg\" alt=\"arco-2393\" width=\"240\" height=\"135\" srcset=\"https:\/\/www.diarioimagen.net\/wp-content\/uploads\/2014\/07\/arco-2393-240x135.jpg 240w, https:\/\/www.diarioimagen.net\/wp-content\/uploads\/2014\/07\/arco-2393-420x236.jpg 420w, https:\/\/www.diarioimagen.net\/wp-content\/uploads\/2014\/07\/arco-2393-235x132.jpg 235w, https:\/\/www.diarioimagen.net\/wp-content\/uploads\/2014\/07\/arco-2393-202x114.jpg 202w, https:\/\/www.diarioimagen.net\/wp-content\/uploads\/2014\/07\/arco-2393-350x196.jpg 350w, https:\/\/www.diarioimagen.net\/wp-content\/uploads\/2014\/07\/arco-2393-220x123.jpg 220w, https:\/\/www.diarioimagen.net\/wp-content\/uploads\/2014\/07\/arco-2393-237x132.jpg 237w, https:\/\/www.diarioimagen.net\/wp-content\/uploads\/2014\/07\/arco-2393.jpg 480w\" sizes=\"auto, (max-width: 240px) 100vw, 240px\" \/><\/a>Mediante su cuenta de <em>Twitter<\/em>, el gobernador del Estado de M\u00e9xico, Eruviel \u00c1vila Villegas, expres\u00f3 sus condolencias a las familias y amigos de las personas que murieron tras salir de un concierto de m\u00fasica grupera. Ante ello, instruy\u00f3 al secretario general de Gobierno de la entidad, Jos\u00e9 Manzur, dar seguimiento a las investigaciones de los lamentables hechos ocurridos en un predio de la avenida 30-30 de Ecatepec.En su cuenta de\u00a0<em>Twitter<\/em> el mandatario estatal escribi\u00f3: \u201cInstru\u00ed al secretario @Manzur_Jose dar seguimiento a las investigaciones de lo ocurrido en este concierto para deslindar responsabilidades\u201d, public\u00f3. A\u00f1adi\u00f3 que tambi\u00e9n instruy\u00f3 al funcionario revisar junto con los ayuntamientos, la normatividad para este tipo de eventos y as\u00ed evitar futuros accidentes.<\/p>\n<p style=\"text-align: center;\"><strong>Coordinar\u00e1n seguridad en Tlalnepantla<\/strong><\/p>\n<p>Por otra parte, el gobierno estatal establecer\u00e1 mesas de trabajo con vecinos de la colonia L\u00e1zaro C\u00e1rdenas La Presa, con el prop\u00f3sito de coordinar acciones en materia de seguridad y servicios, para con ello, reducir la incidencia delictiva en la zona, adem\u00e1s de que se realizar\u00e1n recorridos de vigilancia a partir de la pr\u00f3xima semana. \u201cSeguiremos con mesas de trabajo, con visitas en las comunidades, juntos resolveremos los problemas que aquejen a los vecinos de esta zona; ellos tendr\u00e1n su participaci\u00f3n como ciudadanos que es informarnos claro y puntualmente el problema que se est\u00e9 dando en su regi\u00f3n y la de nosotros otorgar oportunamente los servicios y gestiones que se establezcan en estas reuniones\u201d, indic\u00f3 el subsecretario de Gobierno del Valle de M\u00e9xico Zona Nororiente, Carlos Preza Mill\u00e1n.<\/p>\n<p>&nbsp;<\/p>\n","protected":false},"excerpt":{"rendered":"<p><span style=\"color: #005497;\"><strong>Jos\u00e9 Luis Monta\u00f1ez Aguilar<\/strong><\/span><br \/>\n<br \/>\nMediante su cuenta de Twitter, el gobernador del Estado de M\u00e9xico, Eruviel \u00c1vila Villegas, expres\u00f3 sus condolencias a las familias y amigos de las personas que murieron tras salir de un concierto de m\u00fasica grupera. Ante ello, instruy\u00f3 al secretario general de Gobierno de la entidad, Jos\u00e9 Manzur, dar seguimiento a las investigaciones de los lamentables hechos ocurridos en un predio de la avenida 30-30 de Ecatepec.En su cuenta Twitter el mandatario estatal escribi\u00f3: \u201cInstru\u00ed al secretario @Manzur_Jose dar seguimiento a las investigaciones de lo ocurrido en este concierto para deslindar responsabilidades\u201d, public\u00f3. <\/p>\n","protected":false},"author":3,"featured_media":180969,"comment_status":"open","ping_status":"open","sticky":false,"template":"","format":"standard","meta":{"_monsterinsights_skip_tracking":false,"_monsterinsights_sitenote_active":false,"_monsterinsights_sitenote_note":"","_monsterinsights_sitenote_category":0,"footnotes":""},"categories":[5],"tags":[13284,5828,43704,43674],"class_list":["post-180903","post","type-post","status-publish","format-standard","has-post-thumbnail","hentry","category-estado-de-mexico","tag-arco-norte","tag-eruviel-avila-villegas","tag-jose-luis-montanez-aguilar","tag-opinion"],"_links":{"self":[{"href":"https:\/\/www.diarioimagen.net\/index.php?rest_route=\/wp\/v2\/posts\/180903","targetHints":{"allow":["GET"]}}],"collection":[{"href":"https:\/\/www.diarioimagen.net\/index.php?rest_route=\/wp\/v2\/posts"}],"about":[{"href":"https:\/\/www.diarioimagen.net\/index.php?rest_route=\/wp\/v2\/types\/post"}],"author":[{"embeddable":true,"href":"https:\/\/www.diarioimagen.net\/index.php?rest_route=\/wp\/v2\/users\/3"}],"replies":[{"embeddable":true,"href":"https:\/\/www.diarioimagen.net\/index.php?rest_route=%2Fwp%2Fv2%2Fcomments&post=180903"}],"version-history":[{"count":0,"href":"https:\/\/www.diarioimagen.net\/index.php?rest_route=\/wp\/v2\/posts\/180903\/revisions"}],"wp:featuredmedia":[{"embeddable":true,"href":"https:\/\/www.diarioimagen.net\/index.php?rest_route=\/wp\/v2\/media\/180969"}],"wp:attachment":[{"href":"https:\/\/www.diarioimagen.net\/index.php?rest_route=%2Fwp%2Fv2%2Fmedia&parent=180903"}],"wp:term":[{"taxonomy":"category","embeddable":true,"href":"https:\/\/www.diarioimagen.net\/index.php?rest_route=%2Fwp%2Fv2%2Fcategories&post=180903"},{"taxonomy":"post_tag","embeddable":true,"href":"https:\/\/www.diarioimagen.net\/index.php?rest_route=%2Fwp%2Fv2%2Ftags&post=180903"}],"curies":[{"name":"wp","href":"https:\/\/api.w.org\/{rel}","templated":true}]}}