{"id":180910,"date":"2014-07-07T00:07:29","date_gmt":"2014-07-07T05:07:29","guid":{"rendered":"http:\/\/www.diarioimagen.net\/?p=180910"},"modified":"2014-07-07T02:54:35","modified_gmt":"2014-07-07T07:54:35","slug":"rosario-quien-la-asesora","status":"publish","type":"post","link":"https:\/\/www.diarioimagen.net\/?p=180910","title":{"rendered":"Rosario, \u00bfqui\u00e9n la asesora?"},"content":{"rendered":"<h2>Tras la puerta del poder<\/h2>\n<h5>Roberto Vizca\u00edno<\/h5>\n<p>&nbsp;<\/p>\n<ul>\n<li><strong><em>Robles particip\u00f3 el pasado fin de semana en un acto del PRI, encabezado por C\u00e9sar Camacho \u00a0\u00a0\u00a0\u00a0<\/em><\/strong><\/li>\n<li><strong><em>La Comisi\u00f3n Permanente convocar\u00e1 a un extraordinario para ma\u00f1ana en San L\u00e1zaro \u00a0<\/em><\/strong><\/li>\n<li><strong><em>Carlos Flores Rico, ex dirigente del MT, pasa a ser director del Fifonafe dentro de la Sedatu<\/em><\/strong><\/li>\n<\/ul>\n<div id=\"attachment_180990\" style=\"width: 250px\" class=\"wp-caption alignleft\"><a href=\"http:\/\/www.diarioimagen.net\/wp-content\/uploads\/2014\/07\/QUe-NEGRO-FUTURO-jose-luis-2393.jpg\" target=\"_blank\"><img loading=\"lazy\" decoding=\"async\" aria-describedby=\"caption-attachment-180990\" class=\"size-medium wp-image-180990\" src=\"http:\/\/www.diarioimagen.net\/wp-content\/uploads\/2014\/07\/QUe-NEGRO-FUTURO-jose-luis-2393-240x156.jpg\" alt=\"Qu\u00e9 negro futuro... | Jos\u00e9 Luis\" width=\"240\" height=\"156\" srcset=\"https:\/\/www.diarioimagen.net\/wp-content\/uploads\/2014\/07\/QUe-NEGRO-FUTURO-jose-luis-2393-240x156.jpg 240w, https:\/\/www.diarioimagen.net\/wp-content\/uploads\/2014\/07\/QUe-NEGRO-FUTURO-jose-luis-2393-420x273.jpg 420w, https:\/\/www.diarioimagen.net\/wp-content\/uploads\/2014\/07\/QUe-NEGRO-FUTURO-jose-luis-2393.jpg 824w\" sizes=\"auto, (max-width: 240px) 100vw, 240px\" \/><\/a><p id=\"caption-attachment-180990\" class=\"wp-caption-text\">Qu\u00e9 negro futuro&#8230; | Jos\u00e9 Luis<\/p><\/div>\n<p>El s\u00f3lido pasado de Rosario Robles dentro de las izquierdas, su paso como dirigente nacional del PRD y por el gobierno del DF nada menos que como sustituta del ingeniero Cuauht\u00e9moc C\u00e1rdenas es su mayor activo.<\/p>\n<p>Ese perfil es quiz\u00e1 el que la llev\u00f3 a ser la secretaria de Desarrollo Social del gobierno del presidente Enrique Pe\u00f1a Nieto.<\/p>\n<p>Y el que la mantiene ah\u00ed luego de los dos grandes embates de sus opositores de dentro y fuera del gobierno luego de aquel asunto destapado por Miguel \u00c1ngel Yunes en Veracruz y el que vivi\u00f3 este a\u00f1o como consecuencia de un p\u00e9simo e inoportuno pronunciamiento contra la proliferaci\u00f3n de hijos de madres ind\u00edgenas.<\/p>\n<p>Los dos asuntos le pegaron directo al presidente Enrique Pe\u00f1a Nieto que era, hay que decirlo, el objetivo real de ambas campa\u00f1as.<\/p>\n<p>El mexiquense, que no se deja intimidar ni presionar, ha mantenido en el cargo a Rosario, quien todo hace suponer no ha entendido que debe meditar tres veces todo lo que hace y dice porque hay muchos y muy poderosos que quieren y buscar\u00e1n quitarla de enmedio.<\/p>\n<p style=\"text-align: center;\"><strong>\u00bfA QU\u00c9 FUE AL PRI?<\/strong><\/p>\n<p>Para nadie es nuevo que todos los dirigentes de partidos pol\u00edticos creen y afirman que la Secretar\u00eda de Desarrollo Social federal, y sus r\u00e9plicas estatales, son simple y llanamente instrumentos de control y manipulaci\u00f3n electoral.<\/p>\n<p>Y es que Sedesol, y sus clones estatales, son las que operan los mayores presupuestos mismos que reparten ya sea directamente, como bonos o como programas entre las franjas sociales m\u00e1s desfavorecidas: pobres y campesinos del pa\u00eds.<\/p>\n<p>Estas dependencias son las que cuentan con los padrones de todo este segmento social, el m\u00e1s numeroso en la Rep\u00fablica. Millones de nombres con direcci\u00f3n y reporte de su condici\u00f3n sociecon\u00f3mica y edad, ideolog\u00eda y afiliaci\u00f3n pol\u00edtica.<\/p>\n<p>Desde su creaci\u00f3n en el sexenio de Carlos Salinas, PRD y PAN, y la morralla partidista, se\u00f1alaron que Sedesol fue dise\u00f1ada justamente para lo electoral.<\/p>\n<p>Esta percepci\u00f3n creci\u00f3 y consolid\u00f3 cuando se corri\u00f3 la versi\u00f3n de que Salinas transformar\u00eda al PRI en el Partido de Solidaridad. No ocurri\u00f3 tal cosa, pero muchos enterados afirman que hubo ese intento.<\/p>\n<p>Llegaron los panistas a la Presidencia de la Rep\u00fablica y los pri\u00edstas y perredistas documentaron ampliamente el uso de Sedesol en procesos electorales.<\/p>\n<p>Luego de 12 a\u00f1os de administraci\u00f3n blanquiazul, el PRI regresa a Los Pinos, y Enrique Pe\u00f1a Nieto entrega Sedesol a Robles.<\/p>\n<p>Los antecedentes perredistas, en la izquierda, de Rosario precisamente la inoculaban de la denuncia de un posible uso de Sedesol en favor de candidatos del PRI.<\/p>\n<p>Hasta el s\u00e1bado pasado, en que la titular de Sedesol apareci\u00f3 en la tercera sesi\u00f3n presencial de la segunda generaci\u00f3n de la Escuela Nacional de Cuadros \u00a1del PRI!<\/p>\n<p>Lo hizo justo un d\u00eda antes de los comicios locales en Nayarit y Coahuila y a un a\u00f1o de las elecciones intermedias del 2015 en que se definir\u00e1n 500 diputaciones federales, 9 gubernaturas, los 16 nuevos delegados en el DF, 65 asientos de la Asamblea y cientos de alcald\u00edas y diputaciones en 17 estados del pa\u00eds.<\/p>\n<p>Acompa\u00f1ada por el presidente del PRI, el doctor C\u00e9sar Camacho, de la secretaria general Ivonne Ortega y de otros importantes miembros del CEN del tricolor, el partido en el poder, Rosario Robles diluy\u00f3 su independencia partidaria al ser tratada como un cuadro del m\u00e1s alto nivel del tricolor.<\/p>\n<p>Se antoja un disparate que el mexiquense le haya dicho a su secretaria de Desarrollo Social que fuese a ese evento, sabiendo que Sedesol siempre est\u00e1 bajo sospecha de ser un instrumento electoral. Suena absurdo que su propio sentido pol\u00edtico (el de Rosario), y sus asesores no le hayan advertido que hacer lo que hizo le podr\u00eda traer graves consecuencias no a ella, sino al gobierno al que sirve?<\/p>\n<p>En fin, ah\u00ed est\u00e1 documentada la visita y los discursos.<\/p>\n<p>En una parte de estos Robles afirm\u00f3 \u201cque la pol\u00edtica social\u00a0 de nueva generaci\u00f3n, puesta en marcha por el gobierno del Presidente Enrique Pe\u00f1a Nieto, no es clientelar ni corporativa, sino basada en la participaci\u00f3n ciudadana, la inclusi\u00f3n y la igualdad\u2026<\/p>\n<p>\u201cLa pol\u00edtica social del gobierno federal hoy tiene una visi\u00f3n republicana;\u00a0 deja atr\u00e1s las d\u00e1divas y el asistencialismo; promueve la inclusi\u00f3n productiva y la participaci\u00f3n ciudadana, y tiene como eje el territorio,\u00a0 las zonas rurales y urbanas, para combatir la profunda desigualdad y pobreza en que viven millones de mexicanos\u201d, dijo en las instalaciones del PRI.<\/p>\n<p>Ya me imagino lo que le van a responder los del PRD y PAN\u2026 y el resto, AMLO incluido.<\/p>\n<p style=\"text-align: center;\"><strong>AHORA VAN LOS DIPUTADOS<\/strong><\/p>\n<p>La Comisi\u00f3n Permanente del Congreso convocar\u00e1 hoy a un per\u00edodo extraordinario en la C\u00e1mara de Diputados que se iniciar\u00e1 ma\u00f1ana, para tramitar las leyes secundarias de la reforma de telecomunicaciones aprobadas en sesi\u00f3n marat\u00f3nica en el Senado el pasado fin de semana.<\/p>\n<p>\u00bfHabr\u00e1 quien crea que los diputados modificar\u00e1n algo de estas secundarias?<\/p>\n<p>Emilio Gamboa, coordinador de los senadores del PRI, ya va adelante y comenta que ahora su grupo y c\u00e1mara est\u00e1n listos para hacer lo mismo a fin de completar la reforma energ\u00e9tica.<\/p>\n<p>Lo mismo afirma Manlio Fabio Beltrones, coordinador del grupo de diputados del tricolor en San L\u00e1zaro.<\/p>\n<p style=\"text-align: center;\"><strong>TODO LISTO PARA LA CUMBRE<\/strong><\/p>\n<p>Una vez realizada la XVI Conferencia Iberoamericana de Ministros y Ministras de Administraci\u00f3n P\u00fablica y Reforma del Estado, los participantes entregaron un documento que regir\u00e1 la XXIV Cumbre Iberoamericana de Jefas y Jefes de Estado y de Gobierno, que se celebrar\u00e1 en Veracruz en diciembre pr\u00f3ximo y que ser\u00e1 encabezada por el presidente Enrique Pe\u00f1a Nieto.<\/p>\n<p>Al informar lo anterior, el titular de la Funci\u00f3n P\u00fablica, Juli\u00e1n Olivas Ugalde indic\u00f3 que el documento con las conclusiones denominado \u201cConsenso de M\u00e9xico\u201d, fue entregado a la representante de la Secretar\u00eda Pro-T\u00e9mpore de la Cumbre, la Directora General Adjunta de Organismos y Mecanismos Regionales Americanos de la Secretaria de Relaciones Exteriores, Erika Mart\u00ednez Li\u00e9vano.<\/p>\n<p style=\"text-align: center;\"><strong>VAN CON SENADORES<\/strong><\/p>\n<p>Los miembros del Consejo Mexicano de la Familia, que encabeza Juan Dabdoub Giacom\u00e1n, se hicieron presentes en la C\u00e1mara de Senadores a fin de apoyar a la Comisi\u00f3n de la Familia y Desarrollo Humano.<\/p>\n<p>En esa c\u00e1mara fueron recibidos y escuchados por el vicepresidente de la Mesa Directiva, el senador panista Jos\u00e9 Rosas Aispuro a quien entregaron un documento con m\u00e1s de 20,000 mil firmas, obtenidas durante una campa\u00f1a de 11 d\u00edas, como muestra del respaldo de la sociedad civil a dicha comisi\u00f3n.<\/p>\n<p>Dabdoub Giacom\u00e1n entreg\u00f3 adem\u00e1s el Manifiesto por la Familia,\u00a0 el primero de su tipo en M\u00e9xico, donde lanzan una \u201calerta a la sociedad civil y a todas las autoridades e instituciones de M\u00e9xico para proteger y fortalecer a la familia, a trav\u00e9s de la mejora del entorno en el que viven nuestros hijos\u201d.<\/p>\n<p style=\"text-align: center;\"><strong>FLORES RICO, A LA FIFONAFE<\/strong><\/p>\n<p>El ex dirigente del Movimiento Territorial del PRI, el ex diputado Carlos Flores Rico fue designado este fin de semana por el titular de la Secretar\u00eda de Desarrollo Agrario, Territorial\u00a0 y Urbano, la Sedatu, el yucateco Jorge Carlos Ram\u00edrez Mar\u00edn, como nuevo director general del Fideicomiso Fondo Nacional de Fomento Ejidal en sustituci\u00f3n de Ricardo L\u00f3pez Pescador, quien pasa a ser el titular de la Unidad de Minas y Contratos de Explotaci\u00f3n.<\/p>\n<p><em><a href=\"mailto:rvizcainoa@gmail.com\">rvizcainoa@gmail.com<\/a><\/em><\/p>\n","protected":false},"excerpt":{"rendered":"<p><span style=\"color: #005497;\"><strong>Roberto Vizca\u00edno<\/strong><\/span><br \/>\n<br \/>\nEl s\u00f3lido pasado de Rosario Robles dentro de las izquierdas, su paso como dirigente nacional del PRD y por el gobierno del DF nada menos que como sustituta del ingeniero Cuauht\u00e9moc C\u00e1rdenas es su mayor activo.<\/p>\n","protected":false},"author":3,"featured_media":180990,"comment_status":"open","ping_status":"open","sticky":false,"template":"","format":"standard","meta":{"_monsterinsights_skip_tracking":false,"_monsterinsights_sitenote_active":false,"_monsterinsights_sitenote_note":"","_monsterinsights_sitenote_category":0,"footnotes":""},"categories":[136],"tags":[21544,43674,93,94],"class_list":["post-180910","post","type-post","status-publish","format-standard","has-post-thumbnail","hentry","category-roberto-vizcaino-opinion","tag-cuauhtemoc-cardenas","tag-opinion","tag-roberto-vizcaino","tag-tras-la-puerta-del-poder"],"_links":{"self":[{"href":"https:\/\/www.diarioimagen.net\/index.php?rest_route=\/wp\/v2\/posts\/180910","targetHints":{"allow":["GET"]}}],"collection":[{"href":"https:\/\/www.diarioimagen.net\/index.php?rest_route=\/wp\/v2\/posts"}],"about":[{"href":"https:\/\/www.diarioimagen.net\/index.php?rest_route=\/wp\/v2\/types\/post"}],"author":[{"embeddable":true,"href":"https:\/\/www.diarioimagen.net\/index.php?rest_route=\/wp\/v2\/users\/3"}],"replies":[{"embeddable":true,"href":"https:\/\/www.diarioimagen.net\/index.php?rest_route=%2Fwp%2Fv2%2Fcomments&post=180910"}],"version-history":[{"count":0,"href":"https:\/\/www.diarioimagen.net\/index.php?rest_route=\/wp\/v2\/posts\/180910\/revisions"}],"wp:featuredmedia":[{"embeddable":true,"href":"https:\/\/www.diarioimagen.net\/index.php?rest_route=\/wp\/v2\/media\/180990"}],"wp:attachment":[{"href":"https:\/\/www.diarioimagen.net\/index.php?rest_route=%2Fwp%2Fv2%2Fmedia&parent=180910"}],"wp:term":[{"taxonomy":"category","embeddable":true,"href":"https:\/\/www.diarioimagen.net\/index.php?rest_route=%2Fwp%2Fv2%2Fcategories&post=180910"},{"taxonomy":"post_tag","embeddable":true,"href":"https:\/\/www.diarioimagen.net\/index.php?rest_route=%2Fwp%2Fv2%2Ftags&post=180910"}],"curies":[{"name":"wp","href":"https:\/\/api.w.org\/{rel}","templated":true}]}}