{"id":181032,"date":"2014-07-08T00:05:15","date_gmt":"2014-07-08T05:05:15","guid":{"rendered":"http:\/\/www.diarioimagen.net\/?p=181032"},"modified":"2014-07-09T04:58:38","modified_gmt":"2014-07-09T09:58:38","slug":"suspenden-los-bailes-publicos-en-edomex","status":"publish","type":"post","link":"https:\/\/www.diarioimagen.net\/?p=181032","title":{"rendered":"Suspenden los bailes p\u00fablicos en Edomex"},"content":{"rendered":"<ul>\n<li><em><strong>El gobernador Eruviel \u00c1vila orden\u00f3 la medida para analizar, junto con los alcaldes, las normas de seguridad<\/strong><\/em><\/li>\n<\/ul>\n<div id=\"attachment_181033\" style=\"width: 250px\" class=\"wp-caption alignleft\"><img loading=\"lazy\" decoding=\"async\" aria-describedby=\"caption-attachment-181033\" class=\"wp-image-181033 size-medium\" src=\"http:\/\/www.diarioimagen.net\/wp-content\/uploads\/2014\/07\/MANZUR-PORTAL-240x135.jpg\" alt=\"Una de las v\u00edctimas de la estampida registrada la madrugada del domingo en Ecatepec, Jacqueline S\u00e1nchez, fue velada ayer por familiares y amigos.\" width=\"240\" height=\"135\" srcset=\"https:\/\/www.diarioimagen.net\/wp-content\/uploads\/2014\/07\/MANZUR-PORTAL-240x135.jpg 240w, https:\/\/www.diarioimagen.net\/wp-content\/uploads\/2014\/07\/MANZUR-PORTAL-420x236.jpg 420w, https:\/\/www.diarioimagen.net\/wp-content\/uploads\/2014\/07\/MANZUR-PORTAL-235x132.jpg 235w, https:\/\/www.diarioimagen.net\/wp-content\/uploads\/2014\/07\/MANZUR-PORTAL-202x114.jpg 202w, https:\/\/www.diarioimagen.net\/wp-content\/uploads\/2014\/07\/MANZUR-PORTAL-350x196.jpg 350w, https:\/\/www.diarioimagen.net\/wp-content\/uploads\/2014\/07\/MANZUR-PORTAL-220x123.jpg 220w, https:\/\/www.diarioimagen.net\/wp-content\/uploads\/2014\/07\/MANZUR-PORTAL-237x132.jpg 237w, https:\/\/www.diarioimagen.net\/wp-content\/uploads\/2014\/07\/MANZUR-PORTAL.jpg 480w\" sizes=\"auto, (max-width: 240px) 100vw, 240px\" \/><p id=\"caption-attachment-181033\" class=\"wp-caption-text\">Una de las v\u00edctimas de la estampida registrada la madrugada del domingo en Ecatepec, Jacqueline S\u00e1nchez, fue velada por familiares y amigos.<\/p><\/div>\n<p><strong>Nicol\u00e1s Romero, Estado de M\u00e9xico<\/strong>.- El secretario general de Gobierno, Jos\u00e9 Manzur Quiroga, inform\u00f3 que todos los bailes p\u00fablicos y eventos masivos quedan suspendidos en la entidad, en tanto el gobierno del Estado de M\u00e9xico revisa la Ley de Protecci\u00f3n Civil vigente, con el objetivo de analizar si es necesario realizar modificaciones a la misma, adem\u00e1s de que en pr\u00f3ximos d\u00edas se llevar\u00e1 a cabo una reuni\u00f3n con los 125 presidentes municipales para acordar acciones al respecto.<\/p>\n<p>\u201cTengo instrucciones de manera inmediata del se\u00f1or gobernador de revisar la Ley de Protecci\u00f3n Civil y, finalmente, regular en caso de que se d\u00e9 un evento masivo, regularlo con mucho cuidado, les quiero decir que por el momento y por instrucciones del se\u00f1or gobernador, lo hablar\u00e9 con los presidentes municipales, quedan suspendidos este tipo de eventos\u201d, expres\u00f3.<\/p>\n<p>Al acudir a la inauguraci\u00f3n del jard\u00edn de ni\u00f1os y la escuela primaria \u201cGabriel Garc\u00eda M\u00e1rquez\u201d, que encabez\u00f3 el gobernador Eruviel \u00c1vila Villegas para rendir un homenaje al Premio Nobel de Literatura 1982,\u00a0Jos\u00e9 Manzur se\u00f1al\u00f3 que la administraci\u00f3n estatal ha atendido desde la ma\u00f1ana del domingo todo lo que ha derivado del incidente que se registr\u00f3 en el municipio de Ecatepec, donde al finalizar un baile p\u00fablico se suscit\u00f3 una estampida que dej\u00f3 un saldo de tres muertos y 12 heridos.<\/p>\n<p>Indic\u00f3 que la empresa Escalante Producciones S.A. de C.V., encargada del desarrollo del concierto, contaba con un seguro para los asistentes, por lo que ser\u00e1 la responsable de cubrir los gastos de las personas lesionadas y fallecidos, y el gobierno estatal apoyar\u00e1 tambi\u00e9n a las familias en los que requieran para cubrir este lamentable evento, e inform\u00f3 que peritos de la Procuradur\u00eda General de Justicia del Estado de M\u00e9xico (PGJEM) ya trabajan en las investigaciones para dar con los responsables de este hecho y ser\u00e1 en las pr\u00f3ximas 48 horas cuando se concluyan.<\/p>\n<p>En tanto, en Ecatepec, el alcalde Pablo Bedolla anunci\u00f3 la suspensi\u00f3n de espect\u00e1culos masivos en la zona conocida como 30-30.<\/p>\n<p>Previamente, el ayuntamiento local mencion\u00f3 que al concluir la presentaci\u00f3n de los artistas, un grupo de personas provoc\u00f3 desorden al intentar salir de manera abrupta por el acceso principal.<\/p>\n<p>Sin embargo y pese a la presencia de m\u00e1s de 400 polic\u00edas, se report\u00f3 que hubo personas 12 heridas, mismas que fueron trasladadas por ambulancias de Protecci\u00f3n Civil y Bomberos de Ecatepec, as\u00ed como de otras instituciones m\u00e9dicas, a diferentes nosocomios de esta demarcaci\u00f3n.<\/p>\n","protected":false},"excerpt":{"rendered":"<p>El secretario General de Gobierno, Jos\u00e9 Manzur Quiroga, inform\u00f3 que todos los bailes p\u00fablicos y eventos masivos quedan suspendidos en la entidad, en tanto el gobierno del Estado de M\u00e9xico revisa la Ley de Protecci\u00f3n Civil vigente, con el objetivo de analizar si es necesario realizar modificaciones a la misma, adem\u00e1s de que en pr\u00f3ximos d\u00edas se llevar\u00e1 a cabo una reuni\u00f3n con los 125 presidentes municipales para acordar acciones al respecto.<\/p>\n","protected":false},"author":5,"featured_media":181033,"comment_status":"open","ping_status":"open","sticky":false,"template":"","format":"standard","meta":{"_monsterinsights_skip_tracking":false,"_monsterinsights_sitenote_active":false,"_monsterinsights_sitenote_note":"","_monsterinsights_sitenote_category":0,"footnotes":""},"categories":[5],"tags":[5828,43675,29182,752],"class_list":["post-181032","post","type-post","status-publish","format-standard","has-post-thumbnail","hentry","category-estado-de-mexico","tag-eruviel-avila-villegas","tag-estado-de-mexico","tag-jose-manzur-quiroga","tag-nicolas-romero"],"_links":{"self":[{"href":"https:\/\/www.diarioimagen.net\/index.php?rest_route=\/wp\/v2\/posts\/181032","targetHints":{"allow":["GET"]}}],"collection":[{"href":"https:\/\/www.diarioimagen.net\/index.php?rest_route=\/wp\/v2\/posts"}],"about":[{"href":"https:\/\/www.diarioimagen.net\/index.php?rest_route=\/wp\/v2\/types\/post"}],"author":[{"embeddable":true,"href":"https:\/\/www.diarioimagen.net\/index.php?rest_route=\/wp\/v2\/users\/5"}],"replies":[{"embeddable":true,"href":"https:\/\/www.diarioimagen.net\/index.php?rest_route=%2Fwp%2Fv2%2Fcomments&post=181032"}],"version-history":[{"count":0,"href":"https:\/\/www.diarioimagen.net\/index.php?rest_route=\/wp\/v2\/posts\/181032\/revisions"}],"wp:featuredmedia":[{"embeddable":true,"href":"https:\/\/www.diarioimagen.net\/index.php?rest_route=\/wp\/v2\/media\/181033"}],"wp:attachment":[{"href":"https:\/\/www.diarioimagen.net\/index.php?rest_route=%2Fwp%2Fv2%2Fmedia&parent=181032"}],"wp:term":[{"taxonomy":"category","embeddable":true,"href":"https:\/\/www.diarioimagen.net\/index.php?rest_route=%2Fwp%2Fv2%2Fcategories&post=181032"},{"taxonomy":"post_tag","embeddable":true,"href":"https:\/\/www.diarioimagen.net\/index.php?rest_route=%2Fwp%2Fv2%2Ftags&post=181032"}],"curies":[{"name":"wp","href":"https:\/\/api.w.org\/{rel}","templated":true}]}}