{"id":181068,"date":"2014-07-08T00:06:13","date_gmt":"2014-07-08T05:06:13","guid":{"rendered":"http:\/\/www.diarioimagen.net\/?p=181068"},"modified":"2014-07-09T04:58:43","modified_gmt":"2014-07-09T09:58:43","slug":"inician-obras-del-tren-interurbano-y-carretera-la-marquesa-toluca","status":"publish","type":"post","link":"https:\/\/www.diarioimagen.net\/?p=181068","title":{"rendered":"Inician obras del Tren Interurbano y carretera La Marquesa-Toluca"},"content":{"rendered":"<ul>\n<li><strong><em>El gobernador Eruviel \u00c1vila Villegas y el titular de la SCT, Gerardo Ruiz Esparza, dieron el banderazo de salida para comenzar la construcci\u00f3n<\/em><\/strong><\/li>\n<\/ul>\n<div id=\"attachment_181122\" style=\"width: 250px\" class=\"wp-caption alignleft\"><a href=\"http:\/\/www.diarioimagen.net\/wp-content\/uploads\/2014\/07\/eruviel-2394.jpg\"><img loading=\"lazy\" decoding=\"async\" aria-describedby=\"caption-attachment-181122\" class=\"size-medium wp-image-181122\" src=\"http:\/\/www.diarioimagen.net\/wp-content\/uploads\/2014\/07\/eruviel-2394-240x159.jpg\" alt=\"El gobernador Eruviel \u00c1vila Villegas, y el titular de la Secretar\u00eda de Comunicaciones y Transportes, Gerardo Ruiz Esparza, dieron el banderazo de salida a la construcci\u00f3n de la autopista La Marquesa-Toluca y del Tren Interurbano M\u00e9xico-Toluca.\" width=\"240\" height=\"159\" srcset=\"https:\/\/www.diarioimagen.net\/wp-content\/uploads\/2014\/07\/eruviel-2394-240x159.jpg 240w, https:\/\/www.diarioimagen.net\/wp-content\/uploads\/2014\/07\/eruviel-2394-420x278.jpg 420w, https:\/\/www.diarioimagen.net\/wp-content\/uploads\/2014\/07\/eruviel-2394.jpg 1200w\" sizes=\"auto, (max-width: 240px) 100vw, 240px\" \/><\/a><p id=\"caption-attachment-181122\" class=\"wp-caption-text\">El gobernador Eruviel \u00c1vila Villegas, y el titular de la Secretar\u00eda de Comunicaciones y Transportes, Gerardo Ruiz Esparza, dieron el banderazo de salida a la construcci\u00f3n de la autopista La Marquesa-Toluca y del Tren Interurbano M\u00e9xico-Toluca.<\/p><\/div>\n<p><strong>Ocoyoacac, Estado de M\u00e9xico<\/strong>.- Al poner en marcha la construcci\u00f3n de la nueva carretera Marquesa-Toluca y del Tren Interurbano M\u00e9xico-Toluca, junto con el secretario de Comunicaciones y Transportes, Gerardo Ruiz Esparza, el gobernador Eruviel \u00c1vila Villegas inform\u00f3 que la nueva vialidad beneficiar\u00e1 a cerca de 20 mil automovilistas cada d\u00eda, quienes podr\u00e1n disminuir sus tiempos de recorrido, contar con mayor eficiencia, comodidad y seguridad al viajar; mientras que el tren contribuir\u00e1 a mejorar la movilidad de aproximadamente 3.5 millones de personas cada a\u00f1o, adem\u00e1s de mitigar el impacto ambiental y modernizar la conectividad entre las ciudades de M\u00e9xico y Toluca, por lo que reconoci\u00f3 que estos proyectos son resultado del trabajo coordinado entre el gobierno del Estado de M\u00e9xico,\u00a0 la federaci\u00f3n, el Distrito Federal, as\u00ed como de los municipios.<\/p>\n<p>\u201cLa ampliaci\u00f3n de esta carretera va a permitir democratizar la productividad, va a elevar la competitividad y como ustedes saben, si incrementamos la competitividad seremos m\u00e1s atractivos para tener m\u00e1s inversi\u00f3n de los empresarios internacionales, nacionales, locales. Le va a beneficiar a quienes tienen veh\u00edculos, desde luego, porque har\u00e1n menos tiempo en el trayecto correspondiente. Por lo que refiere al tren M\u00e9xico-Toluca, Toluca-M\u00e9xico, es de las obras m\u00e1s relevantes que en el centro del pa\u00eds que se puedan realizar hoy por hoy. Lo agradecemos much\u00edsimo, es un compromiso del se\u00f1or Presidente de la Rep\u00fablica, al igual que la ampliaci\u00f3n de la carretera, pero tambi\u00e9n la construcci\u00f3n de este tren es tambi\u00e9n un compromiso, en este caso del gobierno del Estado de M\u00e9xico y ah\u00ed la parte que nos toque, invertir y aportar con much\u00edsimo gusto lo estaremos realizando\u201d, expres\u00f3.<\/p>\n<p>En el campo anexo de la Universidad Mexiquense del Bicentenario, en Ocoyoacac, ubicada a un costado de la carretera Toluca-M\u00e9xico, Eruviel \u00c1vila afirm\u00f3 que la infraestructura de comunicaciones y transportes entre la capital mexiquense y la capital del pa\u00eds, se modernizar\u00e1 con estas dos monumentales obras, las cuales son compromisos de los gobiernos federal y estatal, y en el caso de la nueva autopista comprende la ampliaci\u00f3n a 8 carriles, en su tramo de 13.6 kil\u00f3metros, que va de La Marquesa a Paseo Tollocan.<\/p>\n<p>Por su parte, Gerardo Ruiz Esparza destac\u00f3 que estas obras beneficiar\u00e1n a la productividad, ya que las personas reducir\u00e1n los lapsos de sus traslados a sus lugares de trabajo, lo que les permitir\u00e1 tener un mejor aprovechamiento de su tiempo, adem\u00e1s que esta infraestructura impulsar\u00e1 la\u00a0 producci\u00f3n nacional de los bienes que se generan tanto en el Estado de M\u00e9xico como en la capital del pa\u00eds.<\/p>\n","protected":false},"excerpt":{"rendered":"<p>Al poner en marcha la construcci\u00f3n de la nueva carretera Marquesa-Toluca y del Tren Interurbano M\u00e9xico-Toluca, junto con el secretario de Comunicaciones y Transportes, Gerardo Ruiz Esparza, el gobernador Eruviel \u00c1vila Villegas inform\u00f3 que la nueva vialidad beneficiar\u00e1 a cerca de 20 mil automovilistas&#8230;<\/p>\n","protected":false},"author":3,"featured_media":181122,"comment_status":"open","ping_status":"open","sticky":false,"template":"","format":"standard","meta":{"_monsterinsights_skip_tracking":false,"_monsterinsights_sitenote_active":false,"_monsterinsights_sitenote_note":"","_monsterinsights_sitenote_category":0,"footnotes":""},"categories":[5],"tags":[43675,1578,6774,347],"class_list":["post-181068","post","type-post","status-publish","format-standard","has-post-thumbnail","hentry","category-estado-de-mexico","tag-estado-de-mexico","tag-gerardo-ruiz-esparza","tag-ocoyoacac","tag-sct"],"_links":{"self":[{"href":"https:\/\/www.diarioimagen.net\/index.php?rest_route=\/wp\/v2\/posts\/181068","targetHints":{"allow":["GET"]}}],"collection":[{"href":"https:\/\/www.diarioimagen.net\/index.php?rest_route=\/wp\/v2\/posts"}],"about":[{"href":"https:\/\/www.diarioimagen.net\/index.php?rest_route=\/wp\/v2\/types\/post"}],"author":[{"embeddable":true,"href":"https:\/\/www.diarioimagen.net\/index.php?rest_route=\/wp\/v2\/users\/3"}],"replies":[{"embeddable":true,"href":"https:\/\/www.diarioimagen.net\/index.php?rest_route=%2Fwp%2Fv2%2Fcomments&post=181068"}],"version-history":[{"count":0,"href":"https:\/\/www.diarioimagen.net\/index.php?rest_route=\/wp\/v2\/posts\/181068\/revisions"}],"wp:featuredmedia":[{"embeddable":true,"href":"https:\/\/www.diarioimagen.net\/index.php?rest_route=\/wp\/v2\/media\/181122"}],"wp:attachment":[{"href":"https:\/\/www.diarioimagen.net\/index.php?rest_route=%2Fwp%2Fv2%2Fmedia&parent=181068"}],"wp:term":[{"taxonomy":"category","embeddable":true,"href":"https:\/\/www.diarioimagen.net\/index.php?rest_route=%2Fwp%2Fv2%2Fcategories&post=181068"},{"taxonomy":"post_tag","embeddable":true,"href":"https:\/\/www.diarioimagen.net\/index.php?rest_route=%2Fwp%2Fv2%2Ftags&post=181068"}],"curies":[{"name":"wp","href":"https:\/\/api.w.org\/{rel}","templated":true}]}}