{"id":181076,"date":"2014-07-08T00:08:31","date_gmt":"2014-07-08T05:08:31","guid":{"rendered":"http:\/\/www.diarioimagen.net\/?p=181076"},"modified":"2014-07-08T03:14:06","modified_gmt":"2014-07-08T08:14:06","slug":"destinan-420-millones-para-rehabilitar-planteles","status":"publish","type":"post","link":"https:\/\/www.diarioimagen.net\/?p=181076","title":{"rendered":"Destinan $420 millones para rehabilitar planteles"},"content":{"rendered":"<ul>\n<li><strong><em>Miguel \u00c1ngel Mancera y Emilio Chuayffet Chemor se\u00f1alan que los trabajos forman parte del programa Escuela Digna<\/em><\/strong><\/li>\n<\/ul>\n<div id=\"attachment_181152\" style=\"width: 250px\" class=\"wp-caption alignleft\"><a href=\"http:\/\/www.diarioimagen.net\/wp-content\/uploads\/2014\/07\/mancera-2394.jpg\"><img loading=\"lazy\" decoding=\"async\" aria-describedby=\"caption-attachment-181152\" class=\"size-medium wp-image-181152\" src=\"http:\/\/www.diarioimagen.net\/wp-content\/uploads\/2014\/07\/mancera-2394-240x135.jpg\" alt=\"Miguel \u00c1ngel Mancera, jefe del GDF, y Emilio Chuayffet Chermor, titular de la SEP, firmaron un convenio de colaboraci\u00f3n para mejorar la infraestructura educativa.\" width=\"240\" height=\"135\" srcset=\"https:\/\/www.diarioimagen.net\/wp-content\/uploads\/2014\/07\/mancera-2394-240x135.jpg 240w, https:\/\/www.diarioimagen.net\/wp-content\/uploads\/2014\/07\/mancera-2394-420x236.jpg 420w, https:\/\/www.diarioimagen.net\/wp-content\/uploads\/2014\/07\/mancera-2394-235x132.jpg 235w, https:\/\/www.diarioimagen.net\/wp-content\/uploads\/2014\/07\/mancera-2394-202x114.jpg 202w, https:\/\/www.diarioimagen.net\/wp-content\/uploads\/2014\/07\/mancera-2394-350x196.jpg 350w, https:\/\/www.diarioimagen.net\/wp-content\/uploads\/2014\/07\/mancera-2394-220x123.jpg 220w, https:\/\/www.diarioimagen.net\/wp-content\/uploads\/2014\/07\/mancera-2394-237x132.jpg 237w, https:\/\/www.diarioimagen.net\/wp-content\/uploads\/2014\/07\/mancera-2394.jpg 480w\" sizes=\"auto, (max-width: 240px) 100vw, 240px\" \/><\/a><p id=\"caption-attachment-181152\" class=\"wp-caption-text\">Miguel \u00c1ngel Mancera, jefe del GDF, y Emilio Chuayffet Chermor, titular de la SEP, firmaron un convenio de colaboraci\u00f3n para mejorar la infraestructura educativa.<\/p><\/div>\n<p>El gobierno del Distrito Federal y la Secretar\u00eda de Educaci\u00f3n P\u00fablica firmaron un convenio de colaboraci\u00f3n para dar mantenimiento a 150 escuelas p\u00fablicas del nivel b\u00e1sico distribuidas en las 16 delegaciones capitalinas, donde se invertir\u00e1n 420 millones de pesos.<\/p>\n<p>El Convenio de Coordinaci\u00f3n SEP-GDF: Mejora de la Infraestructura F\u00edsica, Educativa de Nivel B\u00e1sico, fue firmado por el jefe del gobierno capitalino, Miguel \u00c1ngel Mancera, y el titular de Educaci\u00f3n P\u00fablica, Emilio Chuayffet Chemor.<\/p>\n<p>Estos recursos son adicionales a los 200 millones de pesos que las delegaciones invertir\u00e1n en los planteles p\u00fablicos.<\/p>\n<p>El jefe de gobierno explic\u00f3 que con la mejora de la infraestructura educativa se ver\u00e1n beneficiados m\u00e1s de 76 mil estudiantes. Precis\u00f3 que en la ciudad se ubican 3 mil primarias y secundarias, de las cuales el 58% tienen m\u00e1s de 30 a\u00f1os de antig\u00fcedad.<\/p>\n<p>A su vez, el titular de la SEP, destac\u00f3 que estos trabajos forman parte del programa Escuela Digna, a trav\u00e9s del cual se garantiza que las escuelas cuenten con la infraestructura necesaria para garantizar la seguridad de los estudiantes.<\/p>\n<p>\u201cHay voluntad de los delegados, del jefe de gobierno y del presidente Enrique Pe\u00f1a para que las escuelas de la ciudad tengan la infraestructura requerida\u201d.<\/p>\n<p>Los ni\u00f1os, agreg\u00f3, aprenden no s\u00f3lo de lo que les ense\u00f1a el maestro, sino del trabajo colaborativo con sus compa\u00f1eros, al tiempo que la infraestructura apoya su aprendizaje.<\/p>\n<p>Las delegaciones que se ver\u00e1n m\u00e1s beneficiadas, con la inversi\u00f3n de ambos niveles de gobierno, ser\u00e1n Cuauht\u00e9moc, Gustavo A. Madero e Iztapalapa.<\/p>\n","protected":false},"excerpt":{"rendered":"<p>El gobierno del Distrito Federal y la Secretar\u00eda de Educaci\u00f3n P\u00fablica firmaron un convenio de colaboraci\u00f3n para dar mantenimiento a 150 escuelas p\u00fablicas del nivel b\u00e1sico distribuidas en las 16 delegaciones capitalinas, donde se invertir\u00e1n 420 millones de pesos.<\/p>\n","protected":false},"author":3,"featured_media":181152,"comment_status":"open","ping_status":"open","sticky":false,"template":"","format":"standard","meta":{"_monsterinsights_skip_tracking":false,"_monsterinsights_sitenote_active":false,"_monsterinsights_sitenote_note":"","_monsterinsights_sitenote_category":0,"footnotes":""},"categories":[6],"tags":[3183,5314],"class_list":["post-181076","post","type-post","status-publish","format-standard","has-post-thumbnail","hentry","category-cd-de-mexico","tag-emilio-chuayffet-chemor","tag-miguel-angel-mancera-espinosa"],"_links":{"self":[{"href":"https:\/\/www.diarioimagen.net\/index.php?rest_route=\/wp\/v2\/posts\/181076","targetHints":{"allow":["GET"]}}],"collection":[{"href":"https:\/\/www.diarioimagen.net\/index.php?rest_route=\/wp\/v2\/posts"}],"about":[{"href":"https:\/\/www.diarioimagen.net\/index.php?rest_route=\/wp\/v2\/types\/post"}],"author":[{"embeddable":true,"href":"https:\/\/www.diarioimagen.net\/index.php?rest_route=\/wp\/v2\/users\/3"}],"replies":[{"embeddable":true,"href":"https:\/\/www.diarioimagen.net\/index.php?rest_route=%2Fwp%2Fv2%2Fcomments&post=181076"}],"version-history":[{"count":0,"href":"https:\/\/www.diarioimagen.net\/index.php?rest_route=\/wp\/v2\/posts\/181076\/revisions"}],"wp:featuredmedia":[{"embeddable":true,"href":"https:\/\/www.diarioimagen.net\/index.php?rest_route=\/wp\/v2\/media\/181152"}],"wp:attachment":[{"href":"https:\/\/www.diarioimagen.net\/index.php?rest_route=%2Fwp%2Fv2%2Fmedia&parent=181076"}],"wp:term":[{"taxonomy":"category","embeddable":true,"href":"https:\/\/www.diarioimagen.net\/index.php?rest_route=%2Fwp%2Fv2%2Fcategories&post=181076"},{"taxonomy":"post_tag","embeddable":true,"href":"https:\/\/www.diarioimagen.net\/index.php?rest_route=%2Fwp%2Fv2%2Ftags&post=181076"}],"curies":[{"name":"wp","href":"https:\/\/api.w.org\/{rel}","templated":true}]}}