{"id":181126,"date":"2014-07-08T00:08:51","date_gmt":"2014-07-08T05:08:51","guid":{"rendered":"http:\/\/www.diarioimagen.net\/?p=181126"},"modified":"2014-07-08T03:17:50","modified_gmt":"2014-07-08T08:17:50","slug":"huixquilucan-inaugura-mundialito-de-valores","status":"publish","type":"post","link":"https:\/\/www.diarioimagen.net\/?p=181126","title":{"rendered":"Huixquilucan inaugura \u201cMundialito de Valores\u201d"},"content":{"rendered":"<ul>\n<li><strong><em>Participan 600 ni\u00f1os<\/em><\/strong><\/li>\n<\/ul>\n<div id=\"attachment_181160\" style=\"width: 250px\" class=\"wp-caption alignleft\"><a href=\"http:\/\/www.diarioimagen.net\/wp-content\/uploads\/2014\/07\/HUIXQUILUCAN-2394.jpg\"><img loading=\"lazy\" decoding=\"async\" aria-describedby=\"caption-attachment-181160\" class=\"size-medium wp-image-181160\" src=\"http:\/\/www.diarioimagen.net\/wp-content\/uploads\/2014\/07\/HUIXQUILUCAN-2394-240x135.jpg\" alt=\"Por tercer a\u00f1o consecutivo se llev\u00f3 a cabo en Huixquilucan el \u201cMundialito de Valores\u201d, para promover la moral.\" width=\"240\" height=\"135\" srcset=\"https:\/\/www.diarioimagen.net\/wp-content\/uploads\/2014\/07\/HUIXQUILUCAN-2394-240x135.jpg 240w, https:\/\/www.diarioimagen.net\/wp-content\/uploads\/2014\/07\/HUIXQUILUCAN-2394-420x236.jpg 420w, https:\/\/www.diarioimagen.net\/wp-content\/uploads\/2014\/07\/HUIXQUILUCAN-2394-235x132.jpg 235w, https:\/\/www.diarioimagen.net\/wp-content\/uploads\/2014\/07\/HUIXQUILUCAN-2394-202x114.jpg 202w, https:\/\/www.diarioimagen.net\/wp-content\/uploads\/2014\/07\/HUIXQUILUCAN-2394-350x196.jpg 350w, https:\/\/www.diarioimagen.net\/wp-content\/uploads\/2014\/07\/HUIXQUILUCAN-2394-220x123.jpg 220w, https:\/\/www.diarioimagen.net\/wp-content\/uploads\/2014\/07\/HUIXQUILUCAN-2394-237x132.jpg 237w, https:\/\/www.diarioimagen.net\/wp-content\/uploads\/2014\/07\/HUIXQUILUCAN-2394.jpg 480w\" sizes=\"auto, (max-width: 240px) 100vw, 240px\" \/><\/a><p id=\"caption-attachment-181160\" class=\"wp-caption-text\">Por tercer a\u00f1o consecutivo se llev\u00f3 a cabo en Huixquilucan el \u201cMundialito de Valores\u201d, para promover la moral.<\/p><\/div>\n<p>Durante la inauguraci\u00f3n del \u201cTercer Mundialito de los Valores\u201d, el presidente municipal, Jos\u00e9 Reynol Neyra Gonz\u00e1lez, reiter\u00f3 que las ni\u00f1as y ni\u00f1os son el motor de la administraci\u00f3n municipal y objetivo principal de las acciones de gobierno.<\/p>\n<p>Por tercer a\u00f1o consecutivo de esta justa deportiva participaron m\u00e1s de 600 ni\u00f1os de nivel primaria de todo el municipio y en presencia de Ezequiel Urbano Silva Guti\u00e9rrez, secretario del Ayuntamiento; Paulo C\u00e9sar Ju\u00e1rez Segura, Sergio Mediola S\u00e1nchez y\u00a0 Sandra Ram\u00edrez Vite, sexto, octavo y d\u00e9cimo tercer regidores, respectivamente; Jos\u00e9\u00a0 Luis Carpintero L\u00f3pez, director del Instituto Municipal de Cultura F\u00edsica y Deporte y la diputada federal Ximena Martel Cant\u00fa, Neyra Gonz\u00e1lez se\u00f1al\u00f3 que el objetivo primordial de esta competencia es el fomento del deporte y la promoci\u00f3n de los valores.<\/p>\n<p>Record\u00f3 que a trav\u00e9s de la pr\u00e1ctica deportiva valores como la perseverancia, la tolerancia y la disciplina se refuerzan, adem\u00e1s de que este tipo de eventos cohesionan a las comunidades, toda vez que \u201clos valores llevados al esfuerzo colectivo, construyen comunidad y desarrollan ciudadan\u00eda\u201d,<\/p>\n<p>Reconoci\u00f3 a los 96 equipos participantes, \u201cel trabajo de equipo es la \u00fanica forma de lograr el triunfo\u201d, por lo que los exhort\u00f3 \u00a0a competir con honor, defender su camiseta y \u00a0respetar las reglas. En esta justa deportiva hubo representaciones de equipos de varios pa\u00edses. Estuvieron presentes ni\u00f1as y ni\u00f1os de las comunidades El Hielo, El Guarda, Magdalena Chichicaspa, El Cerrito, Barrio de San Mart\u00edn, Zacamulpa, Llano Grande, Agua Blanca, Ignacio Allende, San Francisco Ayapuxco, San Ram\u00f3n, Loma del Carmen, El Trejo, El Pedregal, San Bartolom\u00e9 Coatepec, adem\u00e1s de las colonias: Federal Burocr\u00e1tica, Palo Solo, Mont\u00f3n Cuarteles, El Olivo y San Fernando.<\/p>\n<p>Luego de la patada inicial a cargo de las autoridades municipales, los equipos jugaron en tres categor\u00edas: A, 6-7 a\u00f1os; B, 8-9 a\u00f1os y C 10-12 a\u00f1os quienes se enfrentaron con base a las reglas del futbol 7. De esa forma, el equipo de Costa Rica de la colonia Constituyentes de 1917 gan\u00f3 el campeonato; en tanto Argelia, equipo compuesto por ni\u00f1os de la escuela de rugby del Barrio San Mart\u00edn, obtuvieron el segundo lugar.<\/p>\n","protected":false},"excerpt":{"rendered":"<p>Durante la inauguraci\u00f3n del \u201cTercer Mundialito de los Valores\u201d, el presidente municipal, Jos\u00e9 Reynol Neyra Gonz\u00e1lez, reiter\u00f3 que las ni\u00f1as y ni\u00f1os son el motor de la administraci\u00f3n municipal y objetivo principal de las acciones de gobierno.<\/p>\n","protected":false},"author":3,"featured_media":181160,"comment_status":"open","ping_status":"open","sticky":false,"template":"","format":"standard","meta":{"_monsterinsights_skip_tracking":false,"_monsterinsights_sitenote_active":false,"_monsterinsights_sitenote_note":"","_monsterinsights_sitenote_category":0,"footnotes":""},"categories":[5],"tags":[43675,1097],"class_list":["post-181126","post","type-post","status-publish","format-standard","has-post-thumbnail","hentry","category-estado-de-mexico","tag-estado-de-mexico","tag-huixquilucan"],"_links":{"self":[{"href":"https:\/\/www.diarioimagen.net\/index.php?rest_route=\/wp\/v2\/posts\/181126","targetHints":{"allow":["GET"]}}],"collection":[{"href":"https:\/\/www.diarioimagen.net\/index.php?rest_route=\/wp\/v2\/posts"}],"about":[{"href":"https:\/\/www.diarioimagen.net\/index.php?rest_route=\/wp\/v2\/types\/post"}],"author":[{"embeddable":true,"href":"https:\/\/www.diarioimagen.net\/index.php?rest_route=\/wp\/v2\/users\/3"}],"replies":[{"embeddable":true,"href":"https:\/\/www.diarioimagen.net\/index.php?rest_route=%2Fwp%2Fv2%2Fcomments&post=181126"}],"version-history":[{"count":0,"href":"https:\/\/www.diarioimagen.net\/index.php?rest_route=\/wp\/v2\/posts\/181126\/revisions"}],"wp:featuredmedia":[{"embeddable":true,"href":"https:\/\/www.diarioimagen.net\/index.php?rest_route=\/wp\/v2\/media\/181160"}],"wp:attachment":[{"href":"https:\/\/www.diarioimagen.net\/index.php?rest_route=%2Fwp%2Fv2%2Fmedia&parent=181126"}],"wp:term":[{"taxonomy":"category","embeddable":true,"href":"https:\/\/www.diarioimagen.net\/index.php?rest_route=%2Fwp%2Fv2%2Fcategories&post=181126"},{"taxonomy":"post_tag","embeddable":true,"href":"https:\/\/www.diarioimagen.net\/index.php?rest_route=%2Fwp%2Fv2%2Ftags&post=181126"}],"curies":[{"name":"wp","href":"https:\/\/api.w.org\/{rel}","templated":true}]}}