{"id":181219,"date":"2014-07-09T00:08:13","date_gmt":"2014-07-09T05:08:13","guid":{"rendered":"http:\/\/www.diarioimagen.net\/?p=181219"},"modified":"2014-07-09T03:00:23","modified_gmt":"2014-07-09T08:00:23","slug":"indemnizaran-a-familias-de-victimas-de-estampida","status":"publish","type":"post","link":"https:\/\/www.diarioimagen.net\/?p=181219","title":{"rendered":"Indemnizar\u00e1n a familias de v\u00edctimas de estampida"},"content":{"rendered":"<ul>\n<li><em><strong>Recibir\u00e1n 200 mil pesos<\/strong><\/em><\/li>\n<\/ul>\n<div id=\"attachment_181220\" style=\"width: 250px\" class=\"wp-caption alignleft\"><img loading=\"lazy\" decoding=\"async\" aria-describedby=\"caption-attachment-181220\" class=\"wp-image-181220 size-medium\" src=\"http:\/\/www.diarioimagen.net\/wp-content\/uploads\/2014\/07\/ESTAMPIDA-portal1-240x135.jpg\" alt=\"Ecatepec, M\u00e9x.- Familiares de las tres j\u00f3venes que fallecieron durante la estampida ser\u00e1n indemnizadas.\" width=\"240\" height=\"135\" srcset=\"https:\/\/www.diarioimagen.net\/wp-content\/uploads\/2014\/07\/ESTAMPIDA-portal1-240x135.jpg 240w, https:\/\/www.diarioimagen.net\/wp-content\/uploads\/2014\/07\/ESTAMPIDA-portal1-420x236.jpg 420w, https:\/\/www.diarioimagen.net\/wp-content\/uploads\/2014\/07\/ESTAMPIDA-portal1-235x132.jpg 235w, https:\/\/www.diarioimagen.net\/wp-content\/uploads\/2014\/07\/ESTAMPIDA-portal1-202x114.jpg 202w, https:\/\/www.diarioimagen.net\/wp-content\/uploads\/2014\/07\/ESTAMPIDA-portal1-350x196.jpg 350w, https:\/\/www.diarioimagen.net\/wp-content\/uploads\/2014\/07\/ESTAMPIDA-portal1-220x123.jpg 220w, https:\/\/www.diarioimagen.net\/wp-content\/uploads\/2014\/07\/ESTAMPIDA-portal1-237x132.jpg 237w, https:\/\/www.diarioimagen.net\/wp-content\/uploads\/2014\/07\/ESTAMPIDA-portal1.jpg 480w\" sizes=\"auto, (max-width: 240px) 100vw, 240px\" \/><p id=\"caption-attachment-181220\" class=\"wp-caption-text\">Familiares de las tres j\u00f3venes que fallecieron durante la estampida ser\u00e1n indemnizadas.<\/p><\/div>\n<p>Ecatepec, Estado de M\u00e9xico.- Los deudos de las tres v\u00edctimas de la estampida registrada en un predio de la avenida 30-30 de Ecatepec recibir\u00e1n una indemnizaci\u00f3n de 200 mil pesos, acord\u00f3 la empresa organizadora del baile que termin\u00f3 en tragedia.<\/p>\n<p>Autoridades y familiares de las tres v\u00edctimas fatales confirmaron que la aseguradora de la empresa Escalante Producciones, quien organiz\u00f3 el evento, entregar\u00e1 en las pr\u00f3ximas horas el monto establecido.<\/p>\n<p>Luis Antonio Monterrubio, hermano de Eunice, la joven de 27 a\u00f1os que muri\u00f3 al caerle parte de la barda perimetral del terreno donde se efectu\u00f3 el concierto, dijo que acudieron al Ministerio P\u00fablico de San Crist\u00f3bal para hablar con los representantes de la empresa.<\/p>\n<p>\u201cEs poco pero vemos que siquiera la empresa se est\u00e1 haciendo cargo de algo\u201d, se\u00f1al\u00f3.<\/p>\n<p>El lunes, durante el entierro de Eunice, sus familiares exigieron indemnizaci\u00f3n por la muerte de la joven que estudi\u00f3 psicolog\u00eda y que buscaba empleo para ayudar en los gastos a su madre quien es viuda.<\/p>\n<p>Los parientes de Socorro Castellanos Rodr\u00edguez, de 29 a\u00f1os, y Jacqueline S\u00e1nchez, de 21 a\u00f1os, las otras dos j\u00f3venes que murieron por la estampida humana, recibir\u00e1n la misma cantidad de dinero por la empresa que llev\u00f3 a cabo el baile popular.<\/p>\n<p>No se ha informado si los lesionados recibir\u00e1n alg\u00fan tipo de compensaci\u00f3n econ\u00f3mica de los organizadores del evento.<\/p>\n<p>&nbsp;<\/p>\n","protected":false},"excerpt":{"rendered":"<p>Los deudos de las tres v\u00edctimas de la estampida registrada en un predio de la avenida 30-30 de Ecatepec recibir\u00e1n una indemnizaci\u00f3n de 200 mil pesos, acord\u00f3 la empresa organizadora del baile que termin\u00f3 en tragedia.<\/p>\n","protected":false},"author":5,"featured_media":181220,"comment_status":"open","ping_status":"open","sticky":false,"template":"","format":"standard","meta":{"_monsterinsights_skip_tracking":false,"_monsterinsights_sitenote_active":false,"_monsterinsights_sitenote_note":"","_monsterinsights_sitenote_category":0,"footnotes":""},"categories":[5],"tags":[454,43675,8130],"class_list":["post-181219","post","type-post","status-publish","format-standard","has-post-thumbnail","hentry","category-estado-de-mexico","tag-ecatepec","tag-estado-de-mexico","tag-estampida"],"_links":{"self":[{"href":"https:\/\/www.diarioimagen.net\/index.php?rest_route=\/wp\/v2\/posts\/181219","targetHints":{"allow":["GET"]}}],"collection":[{"href":"https:\/\/www.diarioimagen.net\/index.php?rest_route=\/wp\/v2\/posts"}],"about":[{"href":"https:\/\/www.diarioimagen.net\/index.php?rest_route=\/wp\/v2\/types\/post"}],"author":[{"embeddable":true,"href":"https:\/\/www.diarioimagen.net\/index.php?rest_route=\/wp\/v2\/users\/5"}],"replies":[{"embeddable":true,"href":"https:\/\/www.diarioimagen.net\/index.php?rest_route=%2Fwp%2Fv2%2Fcomments&post=181219"}],"version-history":[{"count":0,"href":"https:\/\/www.diarioimagen.net\/index.php?rest_route=\/wp\/v2\/posts\/181219\/revisions"}],"wp:featuredmedia":[{"embeddable":true,"href":"https:\/\/www.diarioimagen.net\/index.php?rest_route=\/wp\/v2\/media\/181220"}],"wp:attachment":[{"href":"https:\/\/www.diarioimagen.net\/index.php?rest_route=%2Fwp%2Fv2%2Fmedia&parent=181219"}],"wp:term":[{"taxonomy":"category","embeddable":true,"href":"https:\/\/www.diarioimagen.net\/index.php?rest_route=%2Fwp%2Fv2%2Fcategories&post=181219"},{"taxonomy":"post_tag","embeddable":true,"href":"https:\/\/www.diarioimagen.net\/index.php?rest_route=%2Fwp%2Fv2%2Ftags&post=181219"}],"curies":[{"name":"wp","href":"https:\/\/api.w.org\/{rel}","templated":true}]}}