{"id":181231,"date":"2014-07-09T00:01:08","date_gmt":"2014-07-09T05:01:08","guid":{"rendered":"http:\/\/www.diarioimagen.net\/?p=181231"},"modified":"2014-07-09T04:57:28","modified_gmt":"2014-07-09T09:57:28","slug":"en-el-lxix-aniversario-de-la-amav-ruiz-massieu-senala-que-el-turismo-en-mexico-seguira-creciendo","status":"publish","type":"post","link":"https:\/\/www.diarioimagen.net\/?p=181231","title":{"rendered":"En el LXIX aniversario de la AMAV, Ruiz Massieu se\u00f1ala que el turismo en M\u00e9xico seguir\u00e1 creciendo"},"content":{"rendered":"<h2>De cinco estrellas<\/h2>\n<h5>Victoria Gonz\u00e1lez Prado<\/h5>\n<p>&nbsp;<\/p>\n<ul>\n<li><em><strong>La aerol\u00ednea regional TAR invertir\u00e1 6 mdd en una nueva aeronave, bajo el esquema de arrendamiento<\/strong><\/em><\/li>\n<li><strong>Aerol\u00edneas Argentinas<\/strong><em><strong> cierra oficinas en M\u00e9xico, a consecuencia de las altas y bajas sufridas<\/strong><\/em><\/li>\n<li><em><strong>Con una inversi\u00f3n de 15 mdd la cadena hotelera Riu abrir\u00e1 su primer hotel en Miami Beach<\/strong><\/em><\/li>\n<li><em><strong>Iberia increment\u00f3 su oferta de vuelos entre Madrid y la ciudad de Panam\u00e1, con un vuelo directo diario<\/strong><\/em><\/li>\n<\/ul>\n<div id=\"attachment_181334\" style=\"width: 250px\" class=\"wp-caption alignleft\"><a href=\"http:\/\/www.diarioimagen.net\/wp-content\/uploads\/2014\/07\/turismo-2395.jpg\" target=\"_blank\"><img loading=\"lazy\" decoding=\"async\" aria-describedby=\"caption-attachment-181334\" class=\"size-medium wp-image-181334\" src=\"http:\/\/www.diarioimagen.net\/wp-content\/uploads\/2014\/07\/turismo-2395-240x160.jpg\" alt=\"Claudia Ruiz Massieu.\" width=\"240\" height=\"160\" srcset=\"https:\/\/www.diarioimagen.net\/wp-content\/uploads\/2014\/07\/turismo-2395-240x160.jpg 240w, https:\/\/www.diarioimagen.net\/wp-content\/uploads\/2014\/07\/turismo-2395-420x280.jpg 420w, https:\/\/www.diarioimagen.net\/wp-content\/uploads\/2014\/07\/turismo-2395.jpg 700w\" sizes=\"auto, (max-width: 240px) 100vw, 240px\" \/><\/a><p id=\"caption-attachment-181334\" class=\"wp-caption-text\">Claudia Ruiz Massieu.<\/p><\/div>\n<p>Ante agentes de viajes de todo el pa\u00eds, la secretaria de Turismo del gobierno de la Rep\u00fablica, <strong>Claudia Ruiz Massieu<\/strong>, afirm\u00f3 que el turismo en M\u00e9xico contin\u00faa creciendo, y destac\u00f3 que en 2014 el incremento en la llegada de turistas ya es de dos d\u00edgitos. Al asistir con la representaci\u00f3n presidencial al XLII Aniversario del D\u00eda del Agente de Viajes y el LXIX Aniversario de la Asociaci\u00f3n Mexicana de Agencias de Viajes (AMAV), <strong>Ruiz Massieu<\/strong> subray\u00f3 que la industria tur\u00edstica avanza con paso firme, creciendo y consolid\u00e1ndose como una de las principales actividades econ\u00f3micas del pa\u00eds, y tiene, enfatiz\u00f3, una prospectiva halag\u00fce\u00f1a. Record\u00f3 que 2013 fue el mejor a\u00f1o para el turismo, al sumar 24.2 millones de turistas, cifra 3.4% superior a los 23.4 millones alcanzados en 2012. Indic\u00f3, que el ingreso de divisas por visitantes internacionales fue de 13 mil 949 millones de d\u00f3lares, 9.5% por arriba de los 12 mil 739 millones de d\u00f3lares captados de enero a diciembre de 2012. Y en los primeros cinco meses de 2014, recalc\u00f3 la titular de Sectur, ya se registr\u00f3 un aumento del 11% en el n\u00famero de visitantes internacionales v\u00eda a\u00e9rea, es decir, 5.8 millones, de acuerdo al \u00faltimo reporte del Sistema Integral de Operaci\u00f3n Migratoria (SIOM), del Instituto Nacional de Migraci\u00f3n. <strong>Ruiz Massieu<\/strong> consider\u00f3 que estas cifras demuestran el impacto de la labor que d\u00eda con d\u00eda realiza toda la industria tur\u00edstica, y prueba como la recomendaci\u00f3n, consejo y referencia tur\u00edstica que se brinda a cada persona se traduce en beneficio para el pa\u00eds. Demuestra, se\u00f1al\u00f3, que un viaje va mucho m\u00e1s all\u00e1 de un simple traslado, y con el apoyo de las agencias, se puede ofrecer experiencias completas que van desde la elecci\u00f3n hasta el viaje al destino seleccionado. Sabemos que la uni\u00f3n de esfuerzos es sumar por M\u00e9xico y por sus destinos, porque el trabajo en conjunto tambi\u00e9n implica acompa\u00f1arlos en este esfuerzo, extern\u00f3. La secretaria de Turismo dijo que por ello se present\u00f3 a los gobiernos estatales 44 Agendas de Competitividad de Destinos Tur\u00edsticos, las cuales contemplan proyectos de inversi\u00f3n para capacitaci\u00f3n de prestadores de servicios y gu\u00edas tur\u00edsticos, construcci\u00f3n de mercados de artesan\u00edas, mejora de la infraestructura tur\u00edstica y conectividad de los destinos y contemplan el uso de tecnolog\u00edas que complementen la informaci\u00f3n al turista. Por tal raz\u00f3n, celebr\u00f3 que la AMAV siga innovando para mejorar los servicios que ofrece, como el uso de internet para la promoci\u00f3n, y ante el presidente de la Asociaci\u00f3n, <strong>Julio C\u00e9sar Casta\u00f1eda Carri\u00f3n<\/strong>, expuso que la Sectur seguir\u00e1 trabajando de la mano con la agrupaci\u00f3n, toda vez que \u201cgracias a la suma de esfuerzos\u201d es que seguir\u00e1 creciendo el turismo. En el evento tambi\u00e9n estuvieron presentes los subsecretarios de Turismo, <strong>Carlos Joaqu\u00edn Gonz\u00e1lez<\/strong> y <strong>Salvador S\u00e1nchez Estrada<\/strong>, as\u00ed como los secretarios de Turismo del Distrito Federal, <strong>Miguel Torruco Marqu\u00e9s<\/strong>; de Quintana Roo, <strong>Laura Fern\u00e1ndez<\/strong>; de Guanajuato, <strong>Fernando Olivera Rocha<\/strong>, y de Tabasco, <strong>David Gustavo Rodr\u00edguez<\/strong>.<\/p>\n<p>\u2730\u2730\u2730\u2730\u2730 <strong>Rodrigo V\u00e1zquez<\/strong>, director general de la aerol\u00ednea regional TAR asegur\u00f3 que se invertir\u00e1n 6 millones de d\u00f3lares (mdd) en la adquisici\u00f3n de una nueva aeronave, bajo el esquema de arrendamiento, y se enfocar\u00e1 en la expansi\u00f3n de nuevas rutas desde la Riviera Maya hacia Cuba, Jamaica y Rep\u00fablica Dominicana. Por otra parte, al referirse a la salida de <strong>Luis G\u00f3mez<\/strong> anterior director general, <strong>V\u00e1zquez <\/strong>indic\u00f3 que su salida no estuvo relacionada con un supuesto fraude a la empresa por 10 mdd, y asegur\u00f3 que se trat\u00f3 de un ajuste administrativo. \u201cLa aerol\u00ednea se est\u00e1 dotando de su propia capacidad de gesti\u00f3n administrativa, pero el proyecto sigue intacto. No hay problema financiero al interior de la empresa\u201d. A casi cuatro meses de haber iniciado operaciones, TAR opera 19 rutas a 12 destinos en el pa\u00eds y ha trasladado a 22 mil pasajeros. De igual forma explic\u00f3 que TAR inici\u00f3 operaciones el 14 de marzo pasado con una aeronave y ahora cuenta con tres, a la que se sumar\u00e1 la cuarta unidad, que se espera llegue hacia finales de a\u00f1o. \u201cLa l\u00f3gica de este crecimiento es impulsar el desarrollo de rutas regionales no atendidas por la aviaci\u00f3n troncal que vinculan a dos ciudades que tienen relaci\u00f3n comercial o tur\u00edstica entre s\u00ed o bien ciudades con destino de playa, pero que no ten\u00edan cobertura por parte de las l\u00edneas troncales. Estamos enfocando esfuerzos en crecer en la regi\u00f3n del Golfo de M\u00e9xico, el Mar de Cort\u00e9s, el Pac\u00edfico y tiene intenciones de abrir rutas desde la Riviera Maya hacia Cuba, Jamaica y Rep\u00fablica Dominicana. Creemos que la aviaci\u00f3n regional puede ser un eslab\u00f3n de sinergias entre la actividad empresarial y tur\u00edstica de las regiones\u201d.<\/p>\n<p>\u2730\u2730\u2730\u2730\u2730 Como consecuencia de las altas y bajas que ha sufrido, Aerol\u00edneas Argentinas se vio en la necesidad de cerrar sus oficinas en el Distrito Federal, misma que estuvo bajo la direcci\u00f3n de <strong>Carmen Torreblanca<\/strong> en su \u00faltima etapa. La compa\u00f1\u00eda de bandera argentina no ha sido ajena a la crisis mundial que se vive en la industria, ha tenido que recortar gastos y optimizar recursos haciendo varios ajustes, entre ellos, el cierre tambi\u00e9n de sus oficinas en Par\u00eds y Londres. <strong>Torreblanca,<\/strong> quien hasta el 30 de junio fung\u00eda como directora general en M\u00e9xico, se\u00f1al\u00f3 la decisi\u00f3n se tom\u00f3 en gran parte por la severa crisis econ\u00f3mica mundial que esta envolviendo a la industria, debido a los altos costos de combustible, servicios aeroportuarios, capacitaci\u00f3n, equipos y refacciones, adem\u00e1s de que es la preferencia de los argentinos a viajar a Canc\u00fan y no a la gran capital; esto limit\u00f3 la ocupaci\u00f3n de los vuelos al DF, por lo que decidieron mantener s\u00f3lo los vuelos que se ven\u00edan operando de Buenos Aires al Caribe mexicano. Actualmente la l\u00ednea a\u00e9rea opera dos vuelos semanales directos de Buenos Aires a Canc\u00fan en el invierno argentino y cuatro vuelos semanales directos en la temporada de verano argentino. \u201cActualmente, la aerol\u00ednea cuenta con 22 aviones nuevos <em>Embraer-190<\/em> para cubrir todas las rutas de cabotaje y vuela a 36 destinos dentro de Argentina, por lo que pr\u00e1cticamente cubren todo el pa\u00eds. Este plan de negocios, dijo <strong>Torreblanca,<\/strong> contempla tambi\u00e9n en las rutas de largo alcance la integraci\u00f3n a su flota de cuatro <em>Airbus A330-200<\/em>, con los que estar\u00e1n operando rutas a Madrid, Roma, Miami, Nueva York y Canc\u00fan. La compa\u00f1\u00eda seguir\u00e1 atendiendo a los pasajeros y a todas sus agencias de viajes, por medio de sus oficinas en Miami, Buenos Aires y Canc\u00fan.<\/p>\n<p>\u2730\u2730\u2730\u2730\u2730 Con una inversi\u00f3n de 15 millones de d\u00f3lares la cadena hotelera <em>Riu<\/em>abrir\u00e1ennoviembre\u00a0pr\u00f3ximo su primer hotel de la marca urbana <em>Riu<\/em> Plaza en Estados Unidos. El <em>Hotel Riu\u00a0Florida Beach<\/em> est\u00e1 cerrado y abrir\u00e1 tras la remodelaci\u00f3n. Manteniendo su caracter\u00edstica fachada, el inmueble cambiar\u00e1 por completo en su interior para adecuar sus instalaciones al est\u00e1ndar de servicio de la moderna y cosmopolita l\u00ednea. Cuenta con una ubicaci\u00f3n envidiable en\u00a0<em>Collins Avenue<\/em>, con acceso directo al famoso paseo y playa de Miami Beach, a escasos minutos de la famosa zona de restaurantes de <em>Ocean Drive<\/em>, cerca de\u00a0<em>Donwtown Miami<\/em>, a pocos minutos de la famosa\u00a0<em>Lincoln Road<\/em>\u00a0y ofrece transporte directo a los <em>Malls<\/em> m\u00e1s importantes y a 25 minutos del Aeropuerto Internacional. El hotel mantendr\u00e1 sus\u00a0284 habitaciones, pero con nuevo dise\u00f1o, el restaurante principal con terraza mirando al jard\u00edn y al mar; un nuevo <em>\u2018Capital Take Away\u2019<\/em> en el <em>lobby,<\/em> con bocados y bebidas para llevar, as\u00ed como un nuevo bar en la piscina.\u00a0La colecci\u00f3n de hoteles de la marca\u00a0en Estados Unidos contar\u00e1 con un segundo hotel a finales de 2015 en New York en la zona de<em>Times Square\u00a0<\/em> en proceso de construcci\u00f3n.<\/p>\n<p>\u2730\u2730\u2730\u2730\u2730 Iberia aument\u00f3 su oferta de vuelos entre Madrid y la ciudad de Panam\u00e1 desde el pasado 6 de julio, con un vuelo directo diario entre ambas capitales. Los portavoces de la compa\u00f1\u00eda destacan que la aerol\u00ednea espa\u00f1ola \u201cmejora sustancialmente su producto y conecta diariamente los numerosos destinos que opera en Europa con Panam\u00e1, uno de los pa\u00edses m\u00e1s atractivos y de mayor crecimiento en Am\u00e9rica Latina. De hecho, la aerol\u00ednea espa\u00f1ola es la \u00fanica que vuela de forma ininterrumpida entre Europa y Panam\u00e1 desde 1971\u201d. Panam\u00e1 es un mercado estrat\u00e9gico\u00a0para reforzar el\u00a0liderazgo de la aerol\u00ednea en los mercados entre Europa y Latinoam\u00e9rica y entre Europa y Centroam\u00e9rica,\u00a0regi\u00f3n en la que la compa\u00f1\u00eda, adicional a Panam\u00e1, tiene vuelos directos con Guatemala, Costa Rica y El Salvador, y ofrece \u201clas mejores\u201d conexiones con Nicaragua y Honduras. El vuelo entre Panam\u00e1 y Madrid se opera en un AirbusA-330 y A-340. En el primer modelo ha implantado la nueva marca y\u00a0nuevas cabinas Business y Turista, y est\u00e1 renovando la flota de A340\/600 para ofrecer el nuevo producto con nuevos asientos, set de entretenimiento y WiFi a bordo, entre otros cambios.<\/p>\n<p><em><i><em><a href=\"mailto:victoriagprado@gmail.com\" target=\"_blank\">victoriagprado@gmail.com<\/a><\/em><\/i><\/em><\/p>\n","protected":false},"excerpt":{"rendered":"<p>Ante agentes de viajes de todo el pa\u00eds, la secretaria de Turismo del gobierno de la Rep\u00fablica, Claudia Ruiz Massieu, afirm\u00f3 que el turismo en M\u00e9xico contin\u00faa creciendo, y destac\u00f3 que en 2014 el incremento en la llegada de turistas ya es de dos d\u00edgitos.<\/p>\n","protected":false},"author":3,"featured_media":181334,"comment_status":"open","ping_status":"open","sticky":false,"template":"","format":"standard","meta":{"_monsterinsights_skip_tracking":false,"_monsterinsights_sitenote_active":false,"_monsterinsights_sitenote_note":"","_monsterinsights_sitenote_category":0,"footnotes":""},"categories":[11],"tags":[107,43674,31238,106],"class_list":["post-181231","post","type-post","status-publish","format-standard","has-post-thumbnail","hentry","category-turismo","tag-de-cinco-estrellas","tag-opinion","tag-tar","tag-victoria-gonzalez-prado"],"_links":{"self":[{"href":"https:\/\/www.diarioimagen.net\/index.php?rest_route=\/wp\/v2\/posts\/181231","targetHints":{"allow":["GET"]}}],"collection":[{"href":"https:\/\/www.diarioimagen.net\/index.php?rest_route=\/wp\/v2\/posts"}],"about":[{"href":"https:\/\/www.diarioimagen.net\/index.php?rest_route=\/wp\/v2\/types\/post"}],"author":[{"embeddable":true,"href":"https:\/\/www.diarioimagen.net\/index.php?rest_route=\/wp\/v2\/users\/3"}],"replies":[{"embeddable":true,"href":"https:\/\/www.diarioimagen.net\/index.php?rest_route=%2Fwp%2Fv2%2Fcomments&post=181231"}],"version-history":[{"count":0,"href":"https:\/\/www.diarioimagen.net\/index.php?rest_route=\/wp\/v2\/posts\/181231\/revisions"}],"wp:featuredmedia":[{"embeddable":true,"href":"https:\/\/www.diarioimagen.net\/index.php?rest_route=\/wp\/v2\/media\/181334"}],"wp:attachment":[{"href":"https:\/\/www.diarioimagen.net\/index.php?rest_route=%2Fwp%2Fv2%2Fmedia&parent=181231"}],"wp:term":[{"taxonomy":"category","embeddable":true,"href":"https:\/\/www.diarioimagen.net\/index.php?rest_route=%2Fwp%2Fv2%2Fcategories&post=181231"},{"taxonomy":"post_tag","embeddable":true,"href":"https:\/\/www.diarioimagen.net\/index.php?rest_route=%2Fwp%2Fv2%2Ftags&post=181231"}],"curies":[{"name":"wp","href":"https:\/\/api.w.org\/{rel}","templated":true}]}}