{"id":181243,"date":"2014-07-09T00:02:56","date_gmt":"2014-07-09T05:02:56","guid":{"rendered":"http:\/\/www.diarioimagen.net\/?p=181243"},"modified":"2014-07-10T04:31:08","modified_gmt":"2014-07-10T09:31:08","slug":"hoy-no-circula-una-accion-compartida","status":"publish","type":"post","link":"https:\/\/www.diarioimagen.net\/?p=181243","title":{"rendered":"Hoy No Circula, una acci\u00f3n compartida"},"content":{"rendered":"<ul>\n<li><strong><em>El jefe del GDF se\u00f1ala que se aplica porque el Valle de M\u00e9xico tiene un problema de salud p\u00fablica por la contaminaci\u00f3n<\/em><\/strong><\/li>\n<\/ul>\n<div id=\"attachment_181298\" style=\"width: 430px\" class=\"wp-caption aligncenter\"><a href=\"http:\/\/www.diarioimagen.net\/wp-content\/uploads\/2014\/07\/mancera-2395.jpg\"><img loading=\"lazy\" decoding=\"async\" aria-describedby=\"caption-attachment-181298\" class=\"size-large wp-image-181298\" src=\"http:\/\/www.diarioimagen.net\/wp-content\/uploads\/2014\/07\/mancera-2395-420x279.jpg\" alt=\"Miguel \u00c1ngel Mancera, jefe de gobierno del Distrito Federal, entreg\u00f3 un donativo a la Cruz Roja Mexicana por 10 millones de pesos.\" width=\"420\" height=\"279\" srcset=\"https:\/\/www.diarioimagen.net\/wp-content\/uploads\/2014\/07\/mancera-2395-420x279.jpg 420w, https:\/\/www.diarioimagen.net\/wp-content\/uploads\/2014\/07\/mancera-2395-240x159.jpg 240w, https:\/\/www.diarioimagen.net\/wp-content\/uploads\/2014\/07\/mancera-2395.jpg 700w\" sizes=\"auto, (max-width: 420px) 100vw, 420px\" \/><\/a><p id=\"caption-attachment-181298\" class=\"wp-caption-text\">Miguel \u00c1ngel Mancera, jefe de gobierno del Distrito Federal, entreg\u00f3 un donativo a la Cruz Roja Mexicana por 10 millones de pesos.<\/p><\/div>\n<p>El nuevo esquema del programa Hoy No Circula es una acci\u00f3n compartida con diversas entidades y no debe atribuirse a la capital, revir\u00f3 el jefe de gobierno del Distrito Federal, Miguel \u00c1ngel Mancera Espinosa, a una semana de que entraron en vigor las medidas en las 16 delegaciones y 18 municipios del Estado de M\u00e9xico.<\/p>\n<p>Al encabezar la entrega de un donativo por 10 millones de pesos a la Cruz Roja Mexicana, el funcionario asegur\u00f3 que su administraci\u00f3n fue sensible en este tema dado que la Zona Metropolitana del Valle de M\u00e9xico tiene un problema de salud p\u00fablica por la acumulaci\u00f3n de gases contaminantes.<\/p>\n<p>\u201cCuando nosotros tenemos un reto de salud p\u00fablica, que tiene que ver con el Hoy No Circula, es un reto que se comparte obviamente con diversas entidades y que no puede quedarse en la ciudad de M\u00e9xico sin hacer nada, pero tambi\u00e9n somos sensibles con la sociedad y con la poblaci\u00f3n y tambi\u00e9n vamos a dar el resultado\u201d, indic\u00f3.<\/p>\n<p>En un acto en el Antiguo Palacio del Ayuntamiento, Mancera Espinosa asegur\u00f3 que las nuevas disposiciones del Hoy No Circula dar\u00e1n resultados, por lo que la ciudad va en una ruta de mejora constante.<\/p>\n<p>Por ejemplo, se\u00f1al\u00f3 que los comerciantes de los mercados sobre ruedas ten\u00edan 10 a\u00f1os pidiendo una modificaci\u00f3n al horario para circular. \u201cEstaban pidiendo una adecuaci\u00f3n a su horario de trabajo -hace m\u00e1s de 10 a\u00f1os-, es la primera vez que tienen esta adecuaci\u00f3n \u00bfCon motivo de qu\u00e9? Precisamente de voltear a los esquemas de salud de la ciudad\u201d, sostuvo.<\/p>\n<p>En este marco, el Ejecutivo local dijo que la ciudad tiene diversos retos como el transporte p\u00fablico, seguridad y el mejoramiento de la calidad de vida de los capitalinos. \u201cPor eso es que cuando nosotros empe\u00f1amos la palabra, buscamos dar el cumplimiento y as\u00ed va a ser este gobierno, que quede claro, no hablamos solamente por hablar, cuando nosotros cumplimos dejamos constancia, no solamente cumplimos en papel\u201d, concluy\u00f3.<\/p>\n","protected":false},"excerpt":{"rendered":"<p>El nuevo esquema del programa Hoy No Circula es una acci\u00f3n compartida con diversas entidades y no debe atribuirse a la capital, revir\u00f3 el jefe de gobierno del Distrito Federal, Miguel \u00c1ngel Mancera Espinosa, a una semana de que entraron en vigor las medidas en las 16 delegaciones y 18 municipios del Estado de M\u00e9xico.<\/p>\n","protected":false},"author":3,"featured_media":181298,"comment_status":"open","ping_status":"open","sticky":false,"template":"","format":"standard","meta":{"_monsterinsights_skip_tracking":false,"_monsterinsights_sitenote_active":false,"_monsterinsights_sitenote_note":"","_monsterinsights_sitenote_category":0,"footnotes":""},"categories":[6],"tags":[204,39,27005],"class_list":["post-181243","post","type-post","status-publish","format-standard","has-post-thumbnail","hentry","category-cd-de-mexico","tag-ciudad-de-mexico","tag-distrito-federal","tag-hoy-no-circula"],"_links":{"self":[{"href":"https:\/\/www.diarioimagen.net\/index.php?rest_route=\/wp\/v2\/posts\/181243","targetHints":{"allow":["GET"]}}],"collection":[{"href":"https:\/\/www.diarioimagen.net\/index.php?rest_route=\/wp\/v2\/posts"}],"about":[{"href":"https:\/\/www.diarioimagen.net\/index.php?rest_route=\/wp\/v2\/types\/post"}],"author":[{"embeddable":true,"href":"https:\/\/www.diarioimagen.net\/index.php?rest_route=\/wp\/v2\/users\/3"}],"replies":[{"embeddable":true,"href":"https:\/\/www.diarioimagen.net\/index.php?rest_route=%2Fwp%2Fv2%2Fcomments&post=181243"}],"version-history":[{"count":0,"href":"https:\/\/www.diarioimagen.net\/index.php?rest_route=\/wp\/v2\/posts\/181243\/revisions"}],"wp:featuredmedia":[{"embeddable":true,"href":"https:\/\/www.diarioimagen.net\/index.php?rest_route=\/wp\/v2\/media\/181298"}],"wp:attachment":[{"href":"https:\/\/www.diarioimagen.net\/index.php?rest_route=%2Fwp%2Fv2%2Fmedia&parent=181243"}],"wp:term":[{"taxonomy":"category","embeddable":true,"href":"https:\/\/www.diarioimagen.net\/index.php?rest_route=%2Fwp%2Fv2%2Fcategories&post=181243"},{"taxonomy":"post_tag","embeddable":true,"href":"https:\/\/www.diarioimagen.net\/index.php?rest_route=%2Fwp%2Fv2%2Ftags&post=181243"}],"curies":[{"name":"wp","href":"https:\/\/api.w.org\/{rel}","templated":true}]}}