{"id":181245,"date":"2014-07-09T00:13:04","date_gmt":"2014-07-09T05:13:04","guid":{"rendered":"http:\/\/www.diarioimagen.net\/?p=181245"},"modified":"2014-07-09T03:42:52","modified_gmt":"2014-07-09T08:42:52","slug":"abatiran-el-rezago-educativo","status":"publish","type":"post","link":"https:\/\/www.diarioimagen.net\/?p=181245","title":{"rendered":"Abatir\u00e1n el rezago educativo"},"content":{"rendered":"<h2>Arco Norte<\/h2>\n<h5>Jos\u00e9 Luis Monta\u00f1ez Aguilar<\/h5>\n<p>&nbsp;<\/p>\n<p>M\u00e1s de mil 500 profesores del Sindicato de Maestros al Servicio del Estado de M\u00e9xico participar\u00e1n en la campa\u00f1a para abatir el rezago educativo en la entidad, que tiene como meta brindar orientaci\u00f3n a m\u00e1s de 190 mil personas de todas las edades, para que obtengan sus certificados de primaria o secundaria, y con ello otorgarles mejores oportunidades de desarrollo. El gobernador Eruviel \u00c1vila Villegas anunci\u00f3 lo anterior durante\u00a0 la entrega de apoyos de las 10 Acciones por la Educaci\u00f3n, a estudiantes de nivel b\u00e1sico de la regi\u00f3n de Tenango del Valle, donde el mandatario estatal afirm\u00f3 que el progreso de cualquier sociedad depende en gran medida del aporte que realizan los docentes, por lo que los exhort\u00f3 a dar lo mejor de s\u00ed en esta campa\u00f1a. \u201cVan a participar m\u00e1s de nueve mil 500 profesores que capacitar\u00e1n a m\u00e1s de 190 mil personas para que obtengan su certificado de primaria o secundaria\u201d, expres\u00f3.<\/p>\n<p style=\"text-align: center;\"><strong>Apoyo a comerciantes<\/strong><\/p>\n<div id=\"attachment_181310\" style=\"width: 250px\" class=\"wp-caption alignleft\"><a href=\"http:\/\/www.diarioimagen.net\/wp-content\/uploads\/2014\/07\/arco-2395.jpg\" target=\"_blank\"><img loading=\"lazy\" decoding=\"async\" aria-describedby=\"caption-attachment-181310\" class=\"size-medium wp-image-181310\" src=\"http:\/\/www.diarioimagen.net\/wp-content\/uploads\/2014\/07\/arco-2395-240x159.jpg\" alt=\"En conferencia de prensa, en la que estuvo acompa\u00f1ado por el presidente de la Canaco-Servytur del Valle de Toluca,  Marco Antonio Gonz\u00e1lez Castillo, y por los secretarios de Desarrollo Econ\u00f3mico, Medio Ambiente y Desarrollo Agropecuario, F\u00e9lix Adri\u00e1n Fuentes Villalobos, Cruz Juvenal Roa S\u00e1nchez y Eduardo Gasca Pliego, respectivamente, el gobernador dio a conocer que solicitar\u00e1 a los integrantes de la Comisi\u00f3n Ambiental de la Megal\u00f3polis buscar opciones para apoyar a este sector comercial, ya que limitar el uso de sus veh\u00edculos afecta severamente sus ingresos y el bienestar de sus familias.\" width=\"240\" height=\"159\" srcset=\"https:\/\/www.diarioimagen.net\/wp-content\/uploads\/2014\/07\/arco-2395-240x159.jpg 240w, https:\/\/www.diarioimagen.net\/wp-content\/uploads\/2014\/07\/arco-2395-420x279.jpg 420w, https:\/\/www.diarioimagen.net\/wp-content\/uploads\/2014\/07\/arco-2395.jpg 700w\" sizes=\"auto, (max-width: 240px) 100vw, 240px\" \/><\/a><p id=\"caption-attachment-181310\" class=\"wp-caption-text\">En conferencia de prensa, en la que estuvo acompa\u00f1ado por el presidente de la Canaco-Servytur del Valle de Toluca, Marco Antonio Gonz\u00e1lez Castillo, y por los secretarios de Desarrollo Econ\u00f3mico, Medio Ambiente y Desarrollo Agropecuario, F\u00e9lix Adri\u00e1n Fuentes Villalobos, Cruz Juvenal Roa S\u00e1nchez y Eduardo Gasca Pliego, respectivamente, el gobernador dio a conocer que solicitar\u00e1 a los integrantes de la Comisi\u00f3n Ambiental de la Megal\u00f3polis buscar opciones para apoyar a este sector comercial, ya que limitar el uso de sus veh\u00edculos afecta severamente sus ingresos y el bienestar de sus familias.<\/p><\/div>\n<p>Por otra parte, en apoyo a los peque\u00f1os empresarios y para impulsar la competitividad anunci\u00f3 que los comerciantes que tengan un veh\u00edculo de 15 a\u00f1os o m\u00e1s, y no transiten los s\u00e1bados por el Hoy No Circula, podr\u00e1n solicitar de forma gratuita, a partir de este 28 de julio, la adaptaci\u00f3n de convertidores catal\u00edticos o el cambio de uso de di\u00e9sel o gasolina, por gas natural y poder seguir usando sus transportes. \u201cLe digo muy claro al sector comercial, al sector productivo, a aquellos que se ganan la vida, insisto, con el sudor de su frente y que usan su veh\u00edculo para poderle llevar el sustento a su familia que aqu\u00ed en el Estado de M\u00e9xico somos solidarios y les vamos a apoyar y pensamos en ellos\u201d, concluy\u00f3.<\/p>\n<p><em><a href=\"mailto:montanezaguilar@gmail.com\" target=\"_blank\">montanezaguilar@gmail.com<\/a><\/em><\/p>\n","protected":false},"excerpt":{"rendered":"<p><span style=\"color: #005497;\"><strong>Jos\u00e9 Luis Monta\u00f1ez Aguilar<\/strong><\/span><br \/>\n<br \/>\nM\u00e1s de mil 500 profesores del Sindicato de Maestros al Servicio del Estado de M\u00e9xico participar\u00e1n en la campa\u00f1a para abatir el rezago educativo en la entidad, que tiene como meta brindar orientaci\u00f3n a m\u00e1s de 190 mil personas de todas las edades, para que obtengan sus certificados de primaria o secundaria, y con ello otorgarles mejores oportunidades de desarrollo. <\/p>\n","protected":false},"author":3,"featured_media":181310,"comment_status":"open","ping_status":"open","sticky":false,"template":"","format":"standard","meta":{"_monsterinsights_skip_tracking":false,"_monsterinsights_sitenote_active":false,"_monsterinsights_sitenote_note":"","_monsterinsights_sitenote_category":0,"footnotes":""},"categories":[5],"tags":[13284,5828,43704,43674],"class_list":["post-181245","post","type-post","status-publish","format-standard","has-post-thumbnail","hentry","category-estado-de-mexico","tag-arco-norte","tag-eruviel-avila-villegas","tag-jose-luis-montanez-aguilar","tag-opinion"],"_links":{"self":[{"href":"https:\/\/www.diarioimagen.net\/index.php?rest_route=\/wp\/v2\/posts\/181245","targetHints":{"allow":["GET"]}}],"collection":[{"href":"https:\/\/www.diarioimagen.net\/index.php?rest_route=\/wp\/v2\/posts"}],"about":[{"href":"https:\/\/www.diarioimagen.net\/index.php?rest_route=\/wp\/v2\/types\/post"}],"author":[{"embeddable":true,"href":"https:\/\/www.diarioimagen.net\/index.php?rest_route=\/wp\/v2\/users\/3"}],"replies":[{"embeddable":true,"href":"https:\/\/www.diarioimagen.net\/index.php?rest_route=%2Fwp%2Fv2%2Fcomments&post=181245"}],"version-history":[{"count":0,"href":"https:\/\/www.diarioimagen.net\/index.php?rest_route=\/wp\/v2\/posts\/181245\/revisions"}],"wp:featuredmedia":[{"embeddable":true,"href":"https:\/\/www.diarioimagen.net\/index.php?rest_route=\/wp\/v2\/media\/181310"}],"wp:attachment":[{"href":"https:\/\/www.diarioimagen.net\/index.php?rest_route=%2Fwp%2Fv2%2Fmedia&parent=181245"}],"wp:term":[{"taxonomy":"category","embeddable":true,"href":"https:\/\/www.diarioimagen.net\/index.php?rest_route=%2Fwp%2Fv2%2Fcategories&post=181245"},{"taxonomy":"post_tag","embeddable":true,"href":"https:\/\/www.diarioimagen.net\/index.php?rest_route=%2Fwp%2Fv2%2Ftags&post=181245"}],"curies":[{"name":"wp","href":"https:\/\/api.w.org\/{rel}","templated":true}]}}