{"id":181380,"date":"2014-07-10T00:09:22","date_gmt":"2014-07-10T05:09:22","guid":{"rendered":"http:\/\/www.diarioimagen.net\/?p=181380"},"modified":"2014-07-10T03:35:47","modified_gmt":"2014-07-10T08:35:47","slug":"la-judicatura-procesa-al-magistrado-luna-altamirano","status":"publish","type":"post","link":"https:\/\/www.diarioimagen.net\/?p=181380","title":{"rendered":"La Judicatura procesa al magistrado Luna Altamirano"},"content":{"rendered":"<p><strong><em>Por presuntos v\u00ednculos con crimen organizado<\/em><\/strong><\/p>\n<div id=\"attachment_181381\" style=\"width: 250px\" class=\"wp-caption alignleft\"><img loading=\"lazy\" decoding=\"async\" aria-describedby=\"caption-attachment-181381\" class=\"wp-image-181381 size-medium\" src=\"http:\/\/www.diarioimagen.net\/wp-content\/uploads\/2014\/07\/luna-portal-240x135.jpg\" alt=\"Luna Altamirano autoriz\u00f3 en el 2001 la extradici\u00f3n de Ricardo Miguel Cavallo a Espa\u00f1a. A\u00f1os despu\u00e9s, neg\u00f3 m\u00faltiples \u00f3rdenes de aprehensi\u00f3n en contra de familiares del narcotraficante, Joaqu\u00edn \u2018El Chapo\u2019 Guzm\u00e1n. Sus resoluciones beneficiaron al hijo de Guzm\u00e1n Loera, Iv\u00e1n Archivaldo Guzm\u00e1n Salazar.\" width=\"240\" height=\"135\" srcset=\"https:\/\/www.diarioimagen.net\/wp-content\/uploads\/2014\/07\/luna-portal-240x135.jpg 240w, https:\/\/www.diarioimagen.net\/wp-content\/uploads\/2014\/07\/luna-portal-420x236.jpg 420w, https:\/\/www.diarioimagen.net\/wp-content\/uploads\/2014\/07\/luna-portal-235x132.jpg 235w, https:\/\/www.diarioimagen.net\/wp-content\/uploads\/2014\/07\/luna-portal-202x114.jpg 202w, https:\/\/www.diarioimagen.net\/wp-content\/uploads\/2014\/07\/luna-portal-350x196.jpg 350w, https:\/\/www.diarioimagen.net\/wp-content\/uploads\/2014\/07\/luna-portal-220x123.jpg 220w, https:\/\/www.diarioimagen.net\/wp-content\/uploads\/2014\/07\/luna-portal-237x132.jpg 237w, https:\/\/www.diarioimagen.net\/wp-content\/uploads\/2014\/07\/luna-portal.jpg 480w\" sizes=\"auto, (max-width: 240px) 100vw, 240px\" \/><p id=\"caption-attachment-181381\" class=\"wp-caption-text\">Jos\u00e9 Guadalupe Luna Altamirano, es el magistrado suspendido mientras concluye una investigaci\u00f3n sobre sus v\u00ednculos con el crimen organizado; realiz\u00f3 operaciones bancarias inusuales.<\/p><\/div>\n<p>El magistrado Jos\u00e9 Guadalupe Luna Altamirano continuar\u00e1 suspendido de su cargo y bajo investigaci\u00f3n del Consejo de la Judicatura Federal por presuntos v\u00ednculos con el crimen organizado.<\/p>\n<p>Los \u00f3rganos de vigilancia interna de la judicatura advirtieron que Luna Altamirano realiz\u00f3 operaciones bancarias \u201cinusuales\u201d por alrededor de 3 millones de pesos. Algunas de estas transacciones las hizo en d\u00f3lares americanos, y no fueron identificadas en sus declaraciones patrimoniales.<\/p>\n<p>El Consejo consider\u00f3 en un informe que se trata de una operaci\u00f3n de alto riesgo, toda vez que el d\u00f3lar no es una moneda de curso legal en territorio mexicano, adem\u00e1s de que \u201cgran parte de las operaciones que hizo, pudieran estar asociadas con la delincuencia organizada\u201d.<\/p>\n<p>Luna Altamirano fue suspendido de su responsabilidad desde hace dos a\u00f1os. Al rastrearse la ruta de sus dep\u00f3sitos y operaciones, la Judicatura Federal revel\u00f3 que en el caso de sus familiares \u201cse detectaron dep\u00f3sitos y\/o abonos por casi 2 millones de pesos, cuyo origen se desconoce\u201d hasta este momento.<\/p>\n<p>Despu\u00e9s de dos a\u00f1os de investigaciones internas, se precis\u00f3 que Luna Altamirano incurri\u00f3 en el abandono de la residencia del Tercer Tribunal Unitario en Materia Penal del Primer Circuito al que estaba adscrito, ya que efectu\u00f3 m\u00faltiples viajes a pa\u00edses de Centro y Sudam\u00e9rica, entre ellos Colombia, sin tener el permiso correspondiente.<\/p>\n<p>Tambi\u00e9n hubo de su parte falta de profesionalismo e imparcialidad, notoria inep\u00adtitud y descuido, subray\u00f3 la Judicatura Federal. Luna Altamirano autoriz\u00f3 en el 2001 la extradici\u00f3n de Ricardo Miguel Cavallo a Espa\u00f1a. A\u00f1os despu\u00e9s, neg\u00f3 m\u00faltiples \u00f3rdenes de aprehensi\u00f3n en contra de familiares del narcotraficante, Joaqu\u00edn <em>El Chapo<\/em> Guzm\u00e1n. Sus resoluciones beneficiaron al hijo de Guzm\u00e1n Loera, Iv\u00e1n Archivaldo Guzm\u00e1n Salazar.<\/p>\n","protected":false},"excerpt":{"rendered":"<p>El magistrado Jos\u00e9 Guadalupe Luna Altamirano continuar\u00e1 suspendido de su cargo y bajo investigaci\u00f3n del Consejo de la Judicatura Federal por presuntos v\u00ednculos con el crimen organizado.<\/p>\n","protected":false},"author":5,"featured_media":181381,"comment_status":"open","ping_status":"open","sticky":false,"template":"","format":"standard","meta":{"_monsterinsights_skip_tracking":false,"_monsterinsights_sitenote_active":false,"_monsterinsights_sitenote_note":"","_monsterinsights_sitenote_category":0,"footnotes":""},"categories":[3],"tags":[],"class_list":["post-181380","post","type-post","status-publish","format-standard","has-post-thumbnail","hentry","category-nacional"],"_links":{"self":[{"href":"https:\/\/www.diarioimagen.net\/index.php?rest_route=\/wp\/v2\/posts\/181380","targetHints":{"allow":["GET"]}}],"collection":[{"href":"https:\/\/www.diarioimagen.net\/index.php?rest_route=\/wp\/v2\/posts"}],"about":[{"href":"https:\/\/www.diarioimagen.net\/index.php?rest_route=\/wp\/v2\/types\/post"}],"author":[{"embeddable":true,"href":"https:\/\/www.diarioimagen.net\/index.php?rest_route=\/wp\/v2\/users\/5"}],"replies":[{"embeddable":true,"href":"https:\/\/www.diarioimagen.net\/index.php?rest_route=%2Fwp%2Fv2%2Fcomments&post=181380"}],"version-history":[{"count":0,"href":"https:\/\/www.diarioimagen.net\/index.php?rest_route=\/wp\/v2\/posts\/181380\/revisions"}],"wp:featuredmedia":[{"embeddable":true,"href":"https:\/\/www.diarioimagen.net\/index.php?rest_route=\/wp\/v2\/media\/181381"}],"wp:attachment":[{"href":"https:\/\/www.diarioimagen.net\/index.php?rest_route=%2Fwp%2Fv2%2Fmedia&parent=181380"}],"wp:term":[{"taxonomy":"category","embeddable":true,"href":"https:\/\/www.diarioimagen.net\/index.php?rest_route=%2Fwp%2Fv2%2Fcategories&post=181380"},{"taxonomy":"post_tag","embeddable":true,"href":"https:\/\/www.diarioimagen.net\/index.php?rest_route=%2Fwp%2Fv2%2Ftags&post=181380"}],"curies":[{"name":"wp","href":"https:\/\/api.w.org\/{rel}","templated":true}]}}