{"id":181531,"date":"2014-07-11T00:10:32","date_gmt":"2014-07-11T05:10:32","guid":{"rendered":"http:\/\/www.diarioimagen.net\/?p=181531"},"modified":"2014-07-11T03:28:34","modified_gmt":"2014-07-11T08:28:34","slug":"si-la-gente-quiere-voy-por-el-2018-amlo","status":"publish","type":"post","link":"https:\/\/www.diarioimagen.net\/?p=181531","title":{"rendered":"Si la gente quiere voy por el 2018: AMLO"},"content":{"rendered":"<ul>\n<li><em><strong>En entrevista, el ex perredista afirma que aspira colocar a Morena como la primera fuerza pol\u00edtica del pa\u00eds<\/strong><\/em><\/li>\n<\/ul>\n<div id=\"attachment_181532\" style=\"width: 250px\" class=\"wp-caption alignleft\"><img loading=\"lazy\" decoding=\"async\" aria-describedby=\"caption-attachment-181532\" class=\"wp-image-181532 size-medium\" src=\"http:\/\/www.diarioimagen.net\/wp-content\/uploads\/2014\/07\/AMLO-portal-240x135.jpg\" alt=\"Andr\u00e9s Manuel L\u00f3pez Obrador afirma que est\u00e1 dispuesto a contender por la Presidencia del pa\u00eds en 2018.\" width=\"240\" height=\"135\" srcset=\"https:\/\/www.diarioimagen.net\/wp-content\/uploads\/2014\/07\/AMLO-portal-240x135.jpg 240w, https:\/\/www.diarioimagen.net\/wp-content\/uploads\/2014\/07\/AMLO-portal-420x236.jpg 420w, https:\/\/www.diarioimagen.net\/wp-content\/uploads\/2014\/07\/AMLO-portal-235x132.jpg 235w, https:\/\/www.diarioimagen.net\/wp-content\/uploads\/2014\/07\/AMLO-portal-202x114.jpg 202w, https:\/\/www.diarioimagen.net\/wp-content\/uploads\/2014\/07\/AMLO-portal-350x196.jpg 350w, https:\/\/www.diarioimagen.net\/wp-content\/uploads\/2014\/07\/AMLO-portal-220x123.jpg 220w, https:\/\/www.diarioimagen.net\/wp-content\/uploads\/2014\/07\/AMLO-portal-237x132.jpg 237w, https:\/\/www.diarioimagen.net\/wp-content\/uploads\/2014\/07\/AMLO-portal.jpg 480w\" sizes=\"auto, (max-width: 240px) 100vw, 240px\" \/><p id=\"caption-attachment-181532\" class=\"wp-caption-text\">Andr\u00e9s Manuel L\u00f3pez Obradorafirma que est\u00e1 dispuesto a contender por la Presidencia del pa\u00eds en 2018.<\/p><\/div>\n<p>Andr\u00e9s Manuel L\u00f3pez Obrador, presidente del Consejo Nacional del Movimiento de Regeneraci\u00f3n Nacional (Morena) asegur\u00f3 que si est\u00e1 vivo y la gente lo pide \u201cvoy de nuevo para el 2018, aunque no les guste a mis adversarios, dice la gente que la tercera es la vencida\u201d.<\/p>\n<p>En entrevista radiof\u00f3nica, sostuvo que aspira colocar a Morena como la primera fuerza pol\u00edtica del pa\u00eds, por lo que realizar\u00e1 los esfuerzos necesarios para lograrlo.<\/p>\n<p>\u201cSi hacemos bien las cosas y se postulan a buenos candidatos, tengo apoyo, tengo respaldo de los ciudadanos\u201d se podr\u00e1 colocar en breve como uno de los partidos pol\u00edticos m\u00e1s importantes del pa\u00eds.<\/p>\n<p>Agreg\u00f3 que Morena se encuentra bien posicionado, que tiene alrededor de 300 mil afiliados y que a partir de ahora sus militantes se encargar\u00e1n de informar m\u00e1s a la gente, ya que muchos de los ciudadanos a\u00fan lo ubica como militante del PRD, \u201centonces poco a poco hay que informar que ya no estoy con el PRD y ahora es Morena\u201d.<\/p>\n<p>L\u00f3pez Obrador resalt\u00f3 que el reconocimiento de Morena como partido pol\u00edtico es algo \u201cimportante porque se cuenta con un instrumento que lucha al servicio de la sociedad, al servicio del pueblo\u201d.<\/p>\n<p>Indic\u00f3 que tiene como objetivo la transformaci\u00f3n del pa\u00eds \u201chemos decido buscar esa transformaci\u00f3n por la v\u00eda electoral y por eso se decidi\u00f3 que Morena se constituyera en partido pol\u00edtico; creemos que se puede transformar el pa\u00eds por otra v\u00eda que no sea la armada\u201d.<\/p>\n<p>Mencion\u00f3 que Morena ya es una organizaci\u00f3n estructurada que cuenta con consejos, comit\u00e9s ejecutivos y comisiones de Honestidad y Justicia en cada estado de la Rep\u00fablica para elegir, por medio de estas instancias y encuestas, a las personas que se encuentren mejor posicionadas para convertirlos en sus futuros candidatos.<\/p>\n<p>\u201cMovimiento de Regeneraci\u00f3n Nacional es la esperanza de M\u00e9xico, y no hay otra opci\u00f3n\u201d, dijo al invitar a la gente a participar en Morena.<\/p>\n<p>Sobre su relaci\u00f3n con Miguel \u00c1ngel mancera, jefe de gobierno del Distrito Federal, mencion\u00f3 que \u201ces buena, como tambi\u00e9n es buena con Marcelo Ebrard, y sigue siendo buena como con otros dirigentes o autoridades que surgieron de movimientos progresistas\u201d.<\/p>\n","protected":false},"excerpt":{"rendered":"<p>Andr\u00e9s Manuel L\u00f3pez Obrador, presidente del Consejo Nacional del Movimiento de Regeneraci\u00f3n Nacional (Morena) asegur\u00f3 que si est\u00e1 vivo y la gente lo pide \u201cvoy de nuevo para el 2018, aunque no les guste a mis adversarios, dice la gente que la tercera es la vencida\u201d.<\/p>\n","protected":false},"author":5,"featured_media":181532,"comment_status":"open","ping_status":"open","sticky":false,"template":"","format":"standard","meta":{"_monsterinsights_skip_tracking":false,"_monsterinsights_sitenote_active":false,"_monsterinsights_sitenote_note":"","_monsterinsights_sitenote_category":0,"footnotes":""},"categories":[3],"tags":[2545,1352,20663,43673],"class_list":["post-181531","post","type-post","status-publish","format-standard","has-post-thumbnail","hentry","category-nacional","tag-amlo","tag-andres-manuel-lopez-obrador","tag-morena","tag-nacional"],"_links":{"self":[{"href":"https:\/\/www.diarioimagen.net\/index.php?rest_route=\/wp\/v2\/posts\/181531","targetHints":{"allow":["GET"]}}],"collection":[{"href":"https:\/\/www.diarioimagen.net\/index.php?rest_route=\/wp\/v2\/posts"}],"about":[{"href":"https:\/\/www.diarioimagen.net\/index.php?rest_route=\/wp\/v2\/types\/post"}],"author":[{"embeddable":true,"href":"https:\/\/www.diarioimagen.net\/index.php?rest_route=\/wp\/v2\/users\/5"}],"replies":[{"embeddable":true,"href":"https:\/\/www.diarioimagen.net\/index.php?rest_route=%2Fwp%2Fv2%2Fcomments&post=181531"}],"version-history":[{"count":0,"href":"https:\/\/www.diarioimagen.net\/index.php?rest_route=\/wp\/v2\/posts\/181531\/revisions"}],"wp:featuredmedia":[{"embeddable":true,"href":"https:\/\/www.diarioimagen.net\/index.php?rest_route=\/wp\/v2\/media\/181532"}],"wp:attachment":[{"href":"https:\/\/www.diarioimagen.net\/index.php?rest_route=%2Fwp%2Fv2%2Fmedia&parent=181531"}],"wp:term":[{"taxonomy":"category","embeddable":true,"href":"https:\/\/www.diarioimagen.net\/index.php?rest_route=%2Fwp%2Fv2%2Fcategories&post=181531"},{"taxonomy":"post_tag","embeddable":true,"href":"https:\/\/www.diarioimagen.net\/index.php?rest_route=%2Fwp%2Fv2%2Ftags&post=181531"}],"curies":[{"name":"wp","href":"https:\/\/api.w.org\/{rel}","templated":true}]}}