{"id":181534,"date":"2014-07-11T00:04:52","date_gmt":"2014-07-11T05:04:52","guid":{"rendered":"http:\/\/www.diarioimagen.net\/?p=181534"},"modified":"2014-07-12T04:06:48","modified_gmt":"2014-07-12T09:06:48","slug":"gobierno-trabaja-para-reducir-brecha-digital","status":"publish","type":"post","link":"https:\/\/www.diarioimagen.net\/?p=181534","title":{"rendered":"Gobierno trabaja para reducir brecha digital"},"content":{"rendered":"<ul>\n<li><strong><em>Alfonso Navarrete Prida, titular de la STPS<\/em><\/strong><\/li>\n<\/ul>\n<div id=\"attachment_181535\" style=\"width: 250px\" class=\"wp-caption alignleft\"><img loading=\"lazy\" decoding=\"async\" aria-describedby=\"caption-attachment-181535\" class=\"wp-image-181535 size-medium\" src=\"http:\/\/www.diarioimagen.net\/wp-content\/uploads\/2014\/07\/BRECHA-portal-240x135.jpg\" alt=\"Alfonso Navarrete Prida, afirma que se busca dotar a los j\u00f3venes de habilidades para hacer frente a los cambios del mercado de trabajo. \" width=\"240\" height=\"135\" srcset=\"https:\/\/www.diarioimagen.net\/wp-content\/uploads\/2014\/07\/BRECHA-portal-240x135.jpg 240w, https:\/\/www.diarioimagen.net\/wp-content\/uploads\/2014\/07\/BRECHA-portal-420x236.jpg 420w, https:\/\/www.diarioimagen.net\/wp-content\/uploads\/2014\/07\/BRECHA-portal-235x132.jpg 235w, https:\/\/www.diarioimagen.net\/wp-content\/uploads\/2014\/07\/BRECHA-portal-202x114.jpg 202w, https:\/\/www.diarioimagen.net\/wp-content\/uploads\/2014\/07\/BRECHA-portal-350x196.jpg 350w, https:\/\/www.diarioimagen.net\/wp-content\/uploads\/2014\/07\/BRECHA-portal-220x123.jpg 220w, https:\/\/www.diarioimagen.net\/wp-content\/uploads\/2014\/07\/BRECHA-portal-237x132.jpg 237w, https:\/\/www.diarioimagen.net\/wp-content\/uploads\/2014\/07\/BRECHA-portal.jpg 480w\" sizes=\"auto, (max-width: 240px) 100vw, 240px\" \/><p id=\"caption-attachment-181535\" class=\"wp-caption-text\">Alfonso Navarrete Prida afirma que se busca dotar a los j\u00f3venes de habilidades para hacer frente a los cambios del mercado de trabajo.<\/p><\/div>\n<p>El gobierno federal trabaja para reducir la brecha digital, que dificulta el acceso al empleo, y transitar hacia una econom\u00eda del conocimiento y una sociedad de la informaci\u00f3n plenamente incluyentes, se\u00f1al\u00f3 Alfonso Navarrete Prida.<\/p>\n<p>El secretario del Trabajo subray\u00f3 que desde distintos \u00e1mbitos se busca dotar a la poblaci\u00f3n, especialmente a los j\u00f3venes, de las habilidades y competencias necesarias para hacer frente a los cambios del mercado de trabajo derivados de la transformaci\u00f3n tecnol\u00f3gica.<\/p>\n<p>Al inaugurar el foro SAP Sector P\u00fablico \u201cTransformaci\u00f3n para un M\u00e9xico Digital\u201d, Navarrete Prida asever\u00f3 que la brecha digital es un reto para el acceso al empleo y a la inclusi\u00f3n social, y las tecnolog\u00edas de la informaci\u00f3n no son un obst\u00e1culo, son el futuro inevitable que debe de ofrecer tambi\u00e9n alternativas de soluci\u00f3n.<\/p>\n<p>Por ello, consider\u00f3 propicio ese encuentro para reflexionar acerca de la manera en que el cambio tecnol\u00f3gico y la transformaci\u00f3n digital incidir\u00e1n en aspectos clave del \u00e1mbito laboral.<\/p>\n<p>En ese sentido cit\u00f3 las habilidades de la fuerza laboral y los servicios de formaci\u00f3n, vinculaci\u00f3n y capacitaci\u00f3n para el trabajo, as\u00ed como la impartici\u00f3n de la justicia laboral.<\/p>\n<p>Hizo notar que en el siglo XXI el mundo laboral y la creaci\u00f3n de la riqueza se basan cada vez menos en los recursos naturales y se fundamentar\u00e1n cada vez m\u00e1s en la generaci\u00f3n y aplicaci\u00f3n de informaci\u00f3n y del conocimiento: la \u201cmentefactura\u201d en sustituci\u00f3n en mucho de las manufacturas.<\/p>\n<p>Navarrete Prida explic\u00f3 que no es gratuito que en cada reuni\u00f3n internacional en los \u00e1mbitos laboral y econ\u00f3mico el tema principal es el de la creaci\u00f3n de empleos y c\u00f3mo se vincular\u00e1 \u00e9ste con los cambios tecnol\u00f3gicos, sobre todo en materia de tecnolog\u00edas de la informaci\u00f3n.<\/p>\n<p>Refiri\u00f3 que de acuerdo con la Organizaci\u00f3n para la Cooperaci\u00f3n y el Desarrollo Econ\u00f3micos (OCDE), los trabajadores del conocimiento ya representan ocho de cada 10 nuevos empleos.<\/p>\n<p>Cit\u00f3 un estudio de la Universidad de Oxford que sugiere que 47 por ciento de los trabajos existentes en Estados Unidos pueden ser reemplazados por computadoras dentro de las pr\u00f3ximas dos d\u00e9cadas.<\/p>\n","protected":false},"excerpt":{"rendered":"<p>El gobierno federal trabaja para reducir la brecha digital, que dificulta el acceso al empleo, y transitar hacia una econom\u00eda del conocimiento y una sociedad de la informaci\u00f3n plenamente incluyentes, se\u00f1al\u00f3 Alfonso Navarrete Prida.<\/p>\n","protected":false},"author":5,"featured_media":181535,"comment_status":"open","ping_status":"open","sticky":false,"template":"","format":"standard","meta":{"_monsterinsights_skip_tracking":false,"_monsterinsights_sitenote_active":false,"_monsterinsights_sitenote_note":"","_monsterinsights_sitenote_category":0,"footnotes":""},"categories":[3],"tags":[11708,1894,43673],"class_list":["post-181534","post","type-post","status-publish","format-standard","has-post-thumbnail","hentry","category-nacional","tag-alfonso-navarrete-prida","tag-gobierno-federal","tag-nacional"],"_links":{"self":[{"href":"https:\/\/www.diarioimagen.net\/index.php?rest_route=\/wp\/v2\/posts\/181534","targetHints":{"allow":["GET"]}}],"collection":[{"href":"https:\/\/www.diarioimagen.net\/index.php?rest_route=\/wp\/v2\/posts"}],"about":[{"href":"https:\/\/www.diarioimagen.net\/index.php?rest_route=\/wp\/v2\/types\/post"}],"author":[{"embeddable":true,"href":"https:\/\/www.diarioimagen.net\/index.php?rest_route=\/wp\/v2\/users\/5"}],"replies":[{"embeddable":true,"href":"https:\/\/www.diarioimagen.net\/index.php?rest_route=%2Fwp%2Fv2%2Fcomments&post=181534"}],"version-history":[{"count":0,"href":"https:\/\/www.diarioimagen.net\/index.php?rest_route=\/wp\/v2\/posts\/181534\/revisions"}],"wp:featuredmedia":[{"embeddable":true,"href":"https:\/\/www.diarioimagen.net\/index.php?rest_route=\/wp\/v2\/media\/181535"}],"wp:attachment":[{"href":"https:\/\/www.diarioimagen.net\/index.php?rest_route=%2Fwp%2Fv2%2Fmedia&parent=181534"}],"wp:term":[{"taxonomy":"category","embeddable":true,"href":"https:\/\/www.diarioimagen.net\/index.php?rest_route=%2Fwp%2Fv2%2Fcategories&post=181534"},{"taxonomy":"post_tag","embeddable":true,"href":"https:\/\/www.diarioimagen.net\/index.php?rest_route=%2Fwp%2Fv2%2Ftags&post=181534"}],"curies":[{"name":"wp","href":"https:\/\/api.w.org\/{rel}","templated":true}]}}