{"id":181537,"date":"2014-07-11T00:09:02","date_gmt":"2014-07-11T05:09:02","guid":{"rendered":"http:\/\/www.diarioimagen.net\/?p=181537"},"modified":"2014-07-11T02:39:46","modified_gmt":"2014-07-11T07:39:46","slug":"la-sct-lanzara-licitacion-del-tren-mexico-queretaro","status":"publish","type":"post","link":"https:\/\/www.diarioimagen.net\/?p=181537","title":{"rendered":"La SCT lanzar\u00e1 licitaci\u00f3n del tren M\u00e9xico-Quer\u00e9taro"},"content":{"rendered":"<ul>\n<li><em><strong>Entre el 25 y 26 de julio<\/strong><\/em><\/li>\n<\/ul>\n<div id=\"attachment_181538\" style=\"width: 250px\" class=\"wp-caption alignleft\"><img loading=\"lazy\" decoding=\"async\" aria-describedby=\"caption-attachment-181538\" class=\"size-medium wp-image-181538\" src=\"http:\/\/www.diarioimagen.net\/wp-content\/uploads\/2014\/07\/TREN-portal1-240x135.jpg\" alt=\"Gerardo Ruiz Esparza, titular de la Secretar\u00eda de Comunicaciones y Transportes, anunci\u00f3 la pr\u00f3xima licitaci\u00f3n ferroviaria.\" width=\"240\" height=\"135\" srcset=\"https:\/\/www.diarioimagen.net\/wp-content\/uploads\/2014\/07\/TREN-portal1-240x135.jpg 240w, https:\/\/www.diarioimagen.net\/wp-content\/uploads\/2014\/07\/TREN-portal1-420x236.jpg 420w, https:\/\/www.diarioimagen.net\/wp-content\/uploads\/2014\/07\/TREN-portal1-235x132.jpg 235w, https:\/\/www.diarioimagen.net\/wp-content\/uploads\/2014\/07\/TREN-portal1-202x114.jpg 202w, https:\/\/www.diarioimagen.net\/wp-content\/uploads\/2014\/07\/TREN-portal1-350x196.jpg 350w, https:\/\/www.diarioimagen.net\/wp-content\/uploads\/2014\/07\/TREN-portal1-220x123.jpg 220w, https:\/\/www.diarioimagen.net\/wp-content\/uploads\/2014\/07\/TREN-portal1-237x132.jpg 237w, https:\/\/www.diarioimagen.net\/wp-content\/uploads\/2014\/07\/TREN-portal1.jpg 480w\" sizes=\"auto, (max-width: 240px) 100vw, 240px\" \/><p id=\"caption-attachment-181538\" class=\"wp-caption-text\">Gerardo Ruiz Esparza, titular de la Secretar\u00eda de Comunicaciones y Transportes, anunci\u00f3 la pr\u00f3xima licitaci\u00f3n ferroviaria.<\/p><\/div>\n<p><strong>Guadalajara, Jalisco<\/strong>.- Entre el 25 y 26 de julio, la Secretar\u00eda de Comunicaciones y Transportes (SCT) lanzar\u00e1 la licitaci\u00f3n del tren M\u00e9xico-Quer\u00e9taro, adelant\u00f3 el titular de la dependencia, Gerardo Ruiz Esparza.<br \/>\n\u201cSe ech\u00f3 a andar tambi\u00e9n hace un par de d\u00edas el tren moderno, el relanzamiento del tren de pasajeros en alta velocidad que fue el M\u00e9xico- Toluca; viene la licitaci\u00f3n del M\u00e9xico-Quer\u00e9taro a finales de este mes\u201d.<br \/>\nDe acuerdo con el estudio costo beneficio del proyecto, elaborado por la empresa consultora Model\u00edstica, la obra tendr\u00e1 un costo de 43 mil 579.7 millones de pesos.<br \/>\nAsimismo, tendr\u00e1 una capacidad media de 400 pasajeros, con una frecuencia de 60 minutos, es decir, un tren cada hora, aunque se considera que en funci\u00f3n de la demanda, puede llevarse a cabo la modificaci\u00f3n de la infraestructura, trazado de v\u00edas y estaciones.<br \/>\nEllo, para permitir la circulaci\u00f3n de trenes en doble composici\u00f3n, 400 metros de longitud, y una capacidad de 800 pasajeros, en cuyo caso se deben actualizar las inversiones asociadas.<br \/>\nSobre el uso de tecnolog\u00eda a emplearse se analizaron tres tipolog\u00edas de material m\u00f3vil que se podr\u00edan utilizar trenes el\u00e9ctricos de velocidad m\u00e1xima 300 kil\u00f3metros por hora (km\/h), trenes el\u00e9ctricos de velocidad m\u00e1xima 250 km\/h y trenes di\u00e9sel de velocidad m\u00e1xima 160 km\/h.<\/p>\n<p>&nbsp;<\/p>\n","protected":false},"excerpt":{"rendered":"<p>Entre el 25 y 26 de julio, la Secretar\u00eda de Comunicaciones y Transportes (SCT) lanzar\u00e1 la licitaci\u00f3n del tren M\u00e9xico-Quer\u00e9taro, adelant\u00f3 el titular de la dependencia, Gerardo Ruiz Esparza.<\/p>\n","protected":false},"author":5,"featured_media":181538,"comment_status":"open","ping_status":"open","sticky":false,"template":"","format":"standard","meta":{"_monsterinsights_skip_tracking":false,"_monsterinsights_sitenote_active":false,"_monsterinsights_sitenote_note":"","_monsterinsights_sitenote_category":0,"footnotes":""},"categories":[3],"tags":[633,1578,2821,43,342,44,47,1669,34080],"class_list":["post-181537","post","type-post","status-publish","format-standard","has-post-thumbnail","hentry","category-nacional","tag-comunicaciones-y-transportes","tag-gerardo-ruiz-esparza","tag-guadalajara","tag-jalisco","tag-licitacion","tag-mexico","tag-queretaro","tag-secretaria-de-comunicaciones-y-transportes","tag-tren-mexico-queretaro"],"_links":{"self":[{"href":"https:\/\/www.diarioimagen.net\/index.php?rest_route=\/wp\/v2\/posts\/181537","targetHints":{"allow":["GET"]}}],"collection":[{"href":"https:\/\/www.diarioimagen.net\/index.php?rest_route=\/wp\/v2\/posts"}],"about":[{"href":"https:\/\/www.diarioimagen.net\/index.php?rest_route=\/wp\/v2\/types\/post"}],"author":[{"embeddable":true,"href":"https:\/\/www.diarioimagen.net\/index.php?rest_route=\/wp\/v2\/users\/5"}],"replies":[{"embeddable":true,"href":"https:\/\/www.diarioimagen.net\/index.php?rest_route=%2Fwp%2Fv2%2Fcomments&post=181537"}],"version-history":[{"count":0,"href":"https:\/\/www.diarioimagen.net\/index.php?rest_route=\/wp\/v2\/posts\/181537\/revisions"}],"wp:featuredmedia":[{"embeddable":true,"href":"https:\/\/www.diarioimagen.net\/index.php?rest_route=\/wp\/v2\/media\/181538"}],"wp:attachment":[{"href":"https:\/\/www.diarioimagen.net\/index.php?rest_route=%2Fwp%2Fv2%2Fmedia&parent=181537"}],"wp:term":[{"taxonomy":"category","embeddable":true,"href":"https:\/\/www.diarioimagen.net\/index.php?rest_route=%2Fwp%2Fv2%2Fcategories&post=181537"},{"taxonomy":"post_tag","embeddable":true,"href":"https:\/\/www.diarioimagen.net\/index.php?rest_route=%2Fwp%2Fv2%2Ftags&post=181537"}],"curies":[{"name":"wp","href":"https:\/\/api.w.org\/{rel}","templated":true}]}}