{"id":181540,"date":"2014-07-11T00:05:19","date_gmt":"2014-07-11T05:05:19","guid":{"rendered":"http:\/\/www.diarioimagen.net\/?p=181540"},"modified":"2014-07-12T04:06:52","modified_gmt":"2014-07-12T09:06:52","slug":"mexico-combate-la-trata-de-personas-osorio-chong","status":"publish","type":"post","link":"https:\/\/www.diarioimagen.net\/?p=181540","title":{"rendered":"M\u00e9xico combate la trata de personas: Osorio Chong"},"content":{"rendered":"<ul>\n<li><em><strong>Advierte que la operaci\u00f3n de los llamados \u201cpolleros\u201d incrementa el tr\u00e1nsito de menores migrantes<\/strong><\/em><\/li>\n<\/ul>\n<div id=\"attachment_181541\" style=\"width: 250px\" class=\"wp-caption alignleft\"><img loading=\"lazy\" decoding=\"async\" aria-describedby=\"caption-attachment-181541\" class=\"wp-image-181541 size-medium\" src=\"http:\/\/www.diarioimagen.net\/wp-content\/uploads\/2014\/07\/OSORIO-portal-240x135.jpg\" alt=\"Miguel \u00c1ngel Osorio Chong, titular de la Secretar\u00eda de Gobernaci\u00f3n, subraya la lucha que realiza M\u00e9xico contra la trata de personas.\" width=\"240\" height=\"135\" srcset=\"https:\/\/www.diarioimagen.net\/wp-content\/uploads\/2014\/07\/OSORIO-portal-240x135.jpg 240w, https:\/\/www.diarioimagen.net\/wp-content\/uploads\/2014\/07\/OSORIO-portal-420x236.jpg 420w, https:\/\/www.diarioimagen.net\/wp-content\/uploads\/2014\/07\/OSORIO-portal-235x132.jpg 235w, https:\/\/www.diarioimagen.net\/wp-content\/uploads\/2014\/07\/OSORIO-portal-202x114.jpg 202w, https:\/\/www.diarioimagen.net\/wp-content\/uploads\/2014\/07\/OSORIO-portal-350x196.jpg 350w, https:\/\/www.diarioimagen.net\/wp-content\/uploads\/2014\/07\/OSORIO-portal-220x123.jpg 220w, https:\/\/www.diarioimagen.net\/wp-content\/uploads\/2014\/07\/OSORIO-portal-237x132.jpg 237w, https:\/\/www.diarioimagen.net\/wp-content\/uploads\/2014\/07\/OSORIO-portal.jpg 480w\" sizes=\"auto, (max-width: 240px) 100vw, 240px\" \/><p id=\"caption-attachment-181541\" class=\"wp-caption-text\">Miguel \u00c1ngel Osorio Chong, titular de la Secretar\u00eda de Gobernaci\u00f3n, subraya la lucha que realiza M\u00e9xico contra la trata de personas.<\/p><\/div>\n<p><strong>Guatemala<\/strong>.- Las autoridades mexicanas combaten de manera contundente a los grupos de la delincuencia organizada dedicada al tr\u00e1fico de personas, afirm\u00f3 el secretario mexicano de Gobernaci\u00f3n, Miguel \u00c1ngel Osorio Chong.<\/p>\n<p>Advirti\u00f3 que la operaci\u00f3n de los delincuentes, conocidos como \u201cpolleros\u201d, tiene que ver con el incremento en el tr\u00e1nsito de menores migrantes no acompa\u00f1ados hacia Estados Unidos.<\/p>\n<p>Sin embargo, \u201ctodos aquellos criminales que en medio de esta problem\u00e1tica ven\u00edan cometiendo actos al margen de la ley, deben saber que M\u00e9xico y Guatemala tienen una coordinaci\u00f3n de alto nivel para evitar que sigan adelante con sus cr\u00edmenes\u201d, enfatiz\u00f3.<\/p>\n<p>Las autoridades mexicanas trabajan \u201cpara detener a todos estos integrantes del crimen organizado. Me refiero a los \u2018polleros\u2019 que juegan con la vida de muchos migrantes\u201d.<\/p>\n<p>En esta lucha, no s\u00f3lo ser\u00e1n perseguidos y sometidos los traficantes de personas, sino tambi\u00e9n aquellos \u201cque en el tr\u00e1nsito agreden, abusan y lastiman (a los migrantes). Esto no ser\u00e1 permitido en M\u00e9xico\u201d, sentenci\u00f3.<\/p>\n<p>Osorio Chong particip\u00f3 aqu\u00ed en la reuni\u00f3n trilateral M\u00e9xico-Estados Unidos-Guatemala, en la que se analiz\u00f3 el tema de la migraci\u00f3n de menores no acompa\u00f1ados.<\/p>\n<p>En el encuentro realizado en la sede de la canciller\u00eda de Guatemala intervinieron ministros del pa\u00eds anfitri\u00f3n, una delegaci\u00f3n de M\u00e9xico encabezada por Osorio Chong, y el secretario del Departamento de Seguridad Interna de Estados Unidos, Jeh Johnson.<\/p>\n<p>La delegaci\u00f3n de Guatemala expuso que el fen\u00f3meno de la migraci\u00f3n infantil centroamericana que viaja al norte registr\u00f3, en los \u00faltimos tres a\u00f1os, un aumento de 300 por ciento en el n\u00famero de casos.<\/p>\n<p>Osorio Chong calific\u00f3 la reuni\u00f3n como \u201chist\u00f3rica, porque permite atender por primera vez de manera trilateral el problema de la migraci\u00f3n irregular entre estos pa\u00edses\u201d.<\/p>\n","protected":false},"excerpt":{"rendered":"<p>Las autoridades mexicanas combaten de manera contundente a los grupos de la delincuencia organizada dedicada al tr\u00e1fico de personas, afirm\u00f3 el secretario mexicano de Gobernaci\u00f3n, Miguel \u00c1ngel Osorio Chong.<\/p>\n","protected":false},"author":5,"featured_media":181541,"comment_status":"open","ping_status":"open","sticky":false,"template":"","format":"standard","meta":{"_monsterinsights_skip_tracking":false,"_monsterinsights_sitenote_active":false,"_monsterinsights_sitenote_note":"","_monsterinsights_sitenote_category":0,"footnotes":""},"categories":[3],"tags":[177,5075,3676],"class_list":["post-181540","post","type-post","status-publish","format-standard","has-post-thumbnail","hentry","category-nacional","tag-estados-unidos","tag-guatemala","tag-miguel-angel-osorio-chong"],"_links":{"self":[{"href":"https:\/\/www.diarioimagen.net\/index.php?rest_route=\/wp\/v2\/posts\/181540","targetHints":{"allow":["GET"]}}],"collection":[{"href":"https:\/\/www.diarioimagen.net\/index.php?rest_route=\/wp\/v2\/posts"}],"about":[{"href":"https:\/\/www.diarioimagen.net\/index.php?rest_route=\/wp\/v2\/types\/post"}],"author":[{"embeddable":true,"href":"https:\/\/www.diarioimagen.net\/index.php?rest_route=\/wp\/v2\/users\/5"}],"replies":[{"embeddable":true,"href":"https:\/\/www.diarioimagen.net\/index.php?rest_route=%2Fwp%2Fv2%2Fcomments&post=181540"}],"version-history":[{"count":0,"href":"https:\/\/www.diarioimagen.net\/index.php?rest_route=\/wp\/v2\/posts\/181540\/revisions"}],"wp:featuredmedia":[{"embeddable":true,"href":"https:\/\/www.diarioimagen.net\/index.php?rest_route=\/wp\/v2\/media\/181541"}],"wp:attachment":[{"href":"https:\/\/www.diarioimagen.net\/index.php?rest_route=%2Fwp%2Fv2%2Fmedia&parent=181540"}],"wp:term":[{"taxonomy":"category","embeddable":true,"href":"https:\/\/www.diarioimagen.net\/index.php?rest_route=%2Fwp%2Fv2%2Fcategories&post=181540"},{"taxonomy":"post_tag","embeddable":true,"href":"https:\/\/www.diarioimagen.net\/index.php?rest_route=%2Fwp%2Fv2%2Ftags&post=181540"}],"curies":[{"name":"wp","href":"https:\/\/api.w.org\/{rel}","templated":true}]}}