{"id":181585,"date":"2014-07-11T00:05:46","date_gmt":"2014-07-11T05:05:46","guid":{"rendered":"http:\/\/www.diarioimagen.net\/?p=181585"},"modified":"2014-07-12T04:06:56","modified_gmt":"2014-07-12T09:06:56","slug":"inversion-de-27450-mdd-anuncia-ip-ante-pena-nieto","status":"publish","type":"post","link":"https:\/\/www.diarioimagen.net\/?p=181585","title":{"rendered":"Inversi\u00f3n de 27,450 mdd anuncia IP ante Pe\u00f1a Nieto"},"content":{"rendered":"<ul>\n<li><strong><em>El primer mandatario informa que durante el mes de junio se generaron 43 mil 295 nuevos puestos de trabajo<\/em><\/strong><\/li>\n<\/ul>\n<h6>Jos\u00e9 Luis Monta\u00f1ez<\/h6>\n<p>&nbsp;<\/p>\n<div id=\"attachment_181635\" style=\"width: 250px\" class=\"wp-caption alignleft\"><a href=\"http:\/\/www.diarioimagen.net\/wp-content\/uploads\/2014\/07\/epn-2397.jpg\"><img loading=\"lazy\" decoding=\"async\" aria-describedby=\"caption-attachment-181635\" class=\"size-medium wp-image-181635\" src=\"http:\/\/www.diarioimagen.net\/wp-content\/uploads\/2014\/07\/epn-2397-240x152.jpg\" alt=\"El presidente Enrique Pe\u00f1a Nieto\u00a0se reuni\u00f3 con el Consejo Mexicano de Negocios, donde se anunci\u00f3 una importantes inversi\u00f3n de la iniciativa privada en varios rubros de la econom\u00eda.\" width=\"240\" height=\"152\" srcset=\"https:\/\/www.diarioimagen.net\/wp-content\/uploads\/2014\/07\/epn-2397-240x152.jpg 240w, https:\/\/www.diarioimagen.net\/wp-content\/uploads\/2014\/07\/epn-2397-420x267.jpg 420w, https:\/\/www.diarioimagen.net\/wp-content\/uploads\/2014\/07\/epn-2397.jpg 700w\" sizes=\"auto, (max-width: 240px) 100vw, 240px\" \/><\/a><p id=\"caption-attachment-181635\" class=\"wp-caption-text\">El presidente Enrique Pe\u00f1a Nieto\u00a0se reuni\u00f3 con el Consejo Mexicano de Negocios, donde se anunci\u00f3 una importantes inversi\u00f3n de la iniciativa privada en varios rubros de la econom\u00eda.<\/p><\/div>\n<p>El presidente Enrique Pe\u00f1a Nieto asegur\u00f3 que el pa\u00eds tiene una franca recuperaci\u00f3n econ\u00f3mica e inform\u00f3 que en junio se generaron 43 mil 295 nuevos puestos de trabajo, cifra varias veces superior a la que se registr\u00f3 en el mismo mes de 2013.<\/p>\n<p>El mandatario celebr\u00f3 el anuncio de inversi\u00f3n de 27 mil 450 millones de d\u00f3lares del Consejo Mexicano de Negocios en este a\u00f1o y asegur\u00f3 que est\u00e1 basado en tres puntos importantes: confianza de los consumidores de los usuarios de servicios, macroecon\u00f3mica en M\u00e9xico y las reformas estructurales.<\/p>\n<p>El jefe del Ejecutivo asegur\u00f3 que los datos del empleo en el mes de junio son francamente alentadores \u201cque vamos en un mayor dinamismo y crecimiento de nuestra econom\u00eda\u201d.<\/p>\n<p>El crecimiento del empleo en M\u00e9xico a tasa anual es de 3.5 por ciento comparado mensualmente, junio de 2013 al mismo mes de este a\u00f1o. Se han generado en junio pasado 43 mil 295 puestos de trabajo, sostuvo el mandatario, y adelant\u00f3 las cifras que dar\u00e1 conocer el Instituto Mexicano del Seguro Social.<\/p>\n<p>Ello, resalt\u00f3, sin duda refleja la confianza, el dinamismo de la econom\u00eda, sobre todo una franca recuperaci\u00f3n y habla de contribuir para generar condiciones de mayor bienestar para los mexicanos.<\/p>\n<p>Apunt\u00f3 que los sectores que destacan en ese crecimiento son el sector de transporte y las comunicaciones, donde los empleos generados ascendieron a casi cinco por ciento y el de la construcci\u00f3n se increment\u00f3 siete por ciento.<\/p>\n<p>Ante los empresarios m\u00e1s importantes del pa\u00eds y su gabinete econ\u00f3mico, el mandatario federal detall\u00f3 que la inversi\u00f3n que se anunci\u00f3 de 27 mil 450 millones de d\u00f3lares, equivalente unos 356 mil millones de pesos, es una inversi\u00f3n mayor a la del a\u00f1o pasado.<\/p>\n<p>Ello refrenda el compromiso y la convicci\u00f3n de que M\u00e9xico tiene un futuro prometedor, enfatiz\u00f3 el Presidente de la Rep\u00fablica.<\/p>\n<p>Sostuvo que hay confianza en el pa\u00eds, \u201chay prospectiva de crecimiento y desarrollo para nuestra naci\u00f3n por ello la inversi\u00f3n que se anunci\u00f3 este d\u00eda\u201d.<\/p>\n<p>Reiter\u00f3 que las reformas alcanzadas se han dado a consecuencia de un ambiente pol\u00edtico favorable para ello, de haber acreditado las distintas fuerzas pol\u00edticas, madurez, civilidad, una visi\u00f3n positiva y constructiva para M\u00e9xico.<\/p>\n<p>Pe\u00f1a Nieto reiter\u00f3 que los mexicanos estar\u00e1n sintiendo los beneficios de estas reformas de manera gradual en el tiempo por venir. \u201cEn el muy corto plazo, en el mediano y quiz\u00e1 los beneficios de algunas de \u00e9stas alcancen su madurez plena en un tiempo mayor\u201d.<\/p>\n<p>Adem\u00e1s, inversionistas de otros pa\u00edses tambi\u00e9n est\u00e1n volteando a ver a M\u00e9xico como un destino confiable para las inversiones, lo cual sin duda permitir\u00e1 m\u00e1s empleos de mayor calidad y mejor remunerados.<\/p>\n<p>Refrend\u00f3 el compromiso de su gobierno por promover empleo mejor pagado con lo que genera un mejor ambiente para ello.<\/p>\n<p>El Ejecutivo federal agradeci\u00f3 a los empresarios por las inversiones anunciadas y la confianza en M\u00e9xico y por poner su mayor apuesta en el crecimiento y en el de\u00adsarrollo de la naci\u00f3n.<\/p>\n<p style=\"text-align: center;\"><strong>Destino de la inversi\u00f3n<\/strong><\/p>\n<p>El Consejo Mexicano de Hombres de Negocios detall\u00f3 que la inversi\u00f3n por poco m\u00e1s de 27 mil 450 millones de d\u00f3lares se realizar\u00e1, principalmente, en los sectores de telecomunicaciones, miner\u00eda, construcci\u00f3n e infraestructura, autopartes, productos qu\u00edmicos, productos al consumidor, tiendas de detalle y en el campo de informaci\u00f3n y tecnolog\u00eda.<\/p>\n<p>El presidente del Consejo Mexicano de Negocios, Claudio X. Gonz\u00e1lez, sub\u00adray\u00f3 que para dimensionar su importancia esta cantidad es el equivalente a la inversi\u00f3n en 20 f\u00e1bricas automotrices en un solo a\u00f1o.<\/p>\n<p>\u201cEsta cantidad tan importante es resultado de las empresas integrantes del Consejo de invertir para el mediano y largo plazos, independientemente de la coyuntura del corto plazo\u201d, indic\u00f3 el empresario.<\/p>\n<p>Subray\u00f3 que adem\u00e1s esta inversi\u00f3n es consecuencia del optimismo y del entusiasmo que, afirm\u00f3, han generado las reformas estructurales, aprobadas por el Congreso, que ha impulsado el gobierno del presidente Pe\u00f1a Nieto.<\/p>\n<p>Sostuvo que las reformas est\u00e1n abriendo las puertas para que el pa\u00eds tenga un crecimiento m\u00e1s vigoroso y acorde al enorme potencial de desarrollo del pa\u00eds; \u201cque si bien no suceder\u00e1 de inmediato sus bases ya existen o est\u00e1n en las \u00faltimas etapas de su proceso para que se logren en un futuro pr\u00f3ximo\u201d, se\u00f1al\u00f3.<\/p>\n<p>Enfatiz\u00f3 que esta perspectiva positiva lleva a los integrantes del Consejo a comprometer la inversi\u00f3n de m\u00e1s de 27 mil millones de d\u00f3lares, principalmente en los sectores de telecomunicaciones, miner\u00eda, construcci\u00f3n e infraestructura, autopartes, productos qu\u00edmicos, productos al consumidor, tiendas de detalle y en el campo de informaci\u00f3n y tecnolog\u00eda.<\/p>\n<p>Se\u00f1al\u00f3 que una parte importante de esta inversi\u00f3n est\u00e1 destinada a incrementar la capacidad, la calidad, la productividad y la competitividad de las empresas que componen el Consejo Mexicano de Negocios.<\/p>\n","protected":false},"excerpt":{"rendered":"<p><span style=\"color: #005497;\"><strong>Jos\u00e9 Luis Monta\u00f1ez<\/strong><\/span><br \/>\n<br \/>\nEl presidente Enrique Pe\u00f1a Nieto asegur\u00f3 que el pa\u00eds tiene una franca recuperaci\u00f3n econ\u00f3mica e inform\u00f3 que en junio se generaron 43 mil 295 nuevos puestos de trabajo, cifra varias veces superior a la que se registr\u00f3 en el mismo mes de 2013.<\/p>\n","protected":false},"author":3,"featured_media":181635,"comment_status":"open","ping_status":"open","sticky":false,"template":"","format":"standard","meta":{"_monsterinsights_skip_tracking":false,"_monsterinsights_sitenote_active":false,"_monsterinsights_sitenote_note":"","_monsterinsights_sitenote_category":0,"footnotes":""},"categories":[3],"tags":[18,5247,13609,43673,2075],"class_list":["post-181585","post","type-post","status-publish","format-standard","has-post-thumbnail","hentry","category-nacional","tag-enrique-pena-nieto","tag-inversion","tag-ip","tag-nacional","tag-presidente-de-la-republica"],"_links":{"self":[{"href":"https:\/\/www.diarioimagen.net\/index.php?rest_route=\/wp\/v2\/posts\/181585","targetHints":{"allow":["GET"]}}],"collection":[{"href":"https:\/\/www.diarioimagen.net\/index.php?rest_route=\/wp\/v2\/posts"}],"about":[{"href":"https:\/\/www.diarioimagen.net\/index.php?rest_route=\/wp\/v2\/types\/post"}],"author":[{"embeddable":true,"href":"https:\/\/www.diarioimagen.net\/index.php?rest_route=\/wp\/v2\/users\/3"}],"replies":[{"embeddable":true,"href":"https:\/\/www.diarioimagen.net\/index.php?rest_route=%2Fwp%2Fv2%2Fcomments&post=181585"}],"version-history":[{"count":0,"href":"https:\/\/www.diarioimagen.net\/index.php?rest_route=\/wp\/v2\/posts\/181585\/revisions"}],"wp:featuredmedia":[{"embeddable":true,"href":"https:\/\/www.diarioimagen.net\/index.php?rest_route=\/wp\/v2\/media\/181635"}],"wp:attachment":[{"href":"https:\/\/www.diarioimagen.net\/index.php?rest_route=%2Fwp%2Fv2%2Fmedia&parent=181585"}],"wp:term":[{"taxonomy":"category","embeddable":true,"href":"https:\/\/www.diarioimagen.net\/index.php?rest_route=%2Fwp%2Fv2%2Fcategories&post=181585"},{"taxonomy":"post_tag","embeddable":true,"href":"https:\/\/www.diarioimagen.net\/index.php?rest_route=%2Fwp%2Fv2%2Ftags&post=181585"}],"curies":[{"name":"wp","href":"https:\/\/api.w.org\/{rel}","templated":true}]}}