{"id":181680,"date":"2014-07-11T18:30:42","date_gmt":"2014-07-11T23:30:42","guid":{"rendered":"http:\/\/www.diarioimagen.net\/?p=181680"},"modified":"2014-07-14T04:49:17","modified_gmt":"2014-07-14T09:49:17","slug":"en-edomex-se-han-presentado-143-iniciativas-y-reformas-de-ley-y-constitucionales-para-fortalecer-el-estado-de-derecho-eav","status":"publish","type":"post","link":"https:\/\/www.diarioimagen.net\/?p=181680","title":{"rendered":"En Edomex se han presentado 143 iniciativas y reformas de ley y constitucionales para fortalecer el estado de derecho:\u00a0EAV"},"content":{"rendered":"<ul>\n<li><strong><em>El gobernador tambi\u00e9n reconoci\u00f3 el trabajo del presidente, Enrique Pe\u00f1a Nieto, ya que consider\u00f3 que las reformas estructurales impulsadas por la federaci\u00f3n, generar\u00e1n mejores condiciones sociales en el pa\u00eds.<\/em><\/strong><\/li>\n<\/ul>\n<div id=\"attachment_181681\" style=\"width: 430px\" class=\"wp-caption aligncenter\"><a href=\"http:\/\/www.diarioimagen.net\/wp-content\/uploads\/2014\/07\/eruviel-abogados.jpg\"><img loading=\"lazy\" decoding=\"async\" aria-describedby=\"caption-attachment-181681\" class=\"size-large wp-image-181681\" src=\"http:\/\/www.diarioimagen.net\/wp-content\/uploads\/2014\/07\/eruviel-abogados-420x280.jpg\" alt=\"Para fortalecer el Estado de Derecho y contar con mexiquenses m\u00e1s seguros y mejor protegidos, en lo que va de la administraci\u00f3n del gobernador Eruviel \u00c1vila Villegas, se han presentado y fueron aprobadas por el Congreso mexiquense 143 iniciativas y reformas de ley y constitucionales, destac\u00f3 el Ejecutivo estatal durante la celebraci\u00f3n del D\u00eda del Abogado, donde convivi\u00f3 con juristas mexiquenses.\" width=\"420\" height=\"280\" srcset=\"https:\/\/www.diarioimagen.net\/wp-content\/uploads\/2014\/07\/eruviel-abogados-420x280.jpg 420w, https:\/\/www.diarioimagen.net\/wp-content\/uploads\/2014\/07\/eruviel-abogados-240x160.jpg 240w, https:\/\/www.diarioimagen.net\/wp-content\/uploads\/2014\/07\/eruviel-abogados.jpg 700w\" sizes=\"auto, (max-width: 420px) 100vw, 420px\" \/><\/a><p id=\"caption-attachment-181681\" class=\"wp-caption-text\">Para fortalecer el Estado de Derecho y contar con mexiquenses m\u00e1s seguros y mejor protegidos, en lo que va de la administraci\u00f3n del gobernador Eruviel \u00c1vila Villegas, se han presentado y fueron aprobadas por el Congreso mexiquense 143 iniciativas y reformas de ley y constitucionales, destac\u00f3 el Ejecutivo estatal durante la celebraci\u00f3n del D\u00eda del Abogado, donde convivi\u00f3 con juristas mexiquenses.<\/p><\/div>\n<p><strong>Tlalnepantla, Estado de M\u00e9xico.-<\/strong> Durante la celebraci\u00f3n del D\u00eda del Abogado, en el que convivi\u00f3 y comparti\u00f3 un desayuno con juristas mexiquenses, el gobernador Eruviel \u00c1vila Villegas destac\u00f3 que en lo que va de su administraci\u00f3n se han presentado y fueron aprobadas por el Congreso 143 iniciativas y reformas de ley y constitucionales para fortalecer el Estado de Derecho y contar con mexiquenses m\u00e1s seguros y mejor protegidos.<\/p>\n<p>\u00abHoy los convoco para que todos cerremos filas y hagamos el bien, cada quien desde su trinchera. Si son servidores p\u00fablicos judiciales, si son abogados, si son servidores p\u00fablicos en general, si son ciudadanos, que todos aportemos el granito o el granote de arena que nos corresponda. Que hagamos valer, prevalecer el Estado de Derecho que es el que nos garantiza estabilidad, paz social y rumbo aqu\u00ed en nuestro pa\u00eds y en este querido Estado de M\u00e9xico\u201d, subray\u00f3.<\/p>\n<p>Eruviel \u00c1vila consider\u00f3 que el papel que desempe\u00f1an los profesionales del derecho, propicia la equidad social, por ello, los exhort\u00f3 a permanecer unidos y continuar esforz\u00e1ndose para lograr mejores condiciones de justicia y tranquilidad, ya que son indispensables para conseguir el desarrollo de todo pueblo.<\/p>\n<p>En el Centro de Convenciones Tlalnepantla, reiter\u00f3 que el Gobierno del Estado de M\u00e9xico est\u00e1 del lado de quienes ejercen esta profesi\u00f3n con transparencia y responsabilidad, ya que ellos representan la justicia y la paz para la ciudadan\u00eda.<\/p>\n<p>\u201cQue sepan que su colega, que su amigo, m\u00e1s que el gobernador, su colega, as\u00ed v\u00e9anme por favor, permanentemente estar\u00e1 del lado de ustedes, solidario y con gran afecto\u201d, expres\u00f3.<\/p>\n<p>Asegur\u00f3 que la abogac\u00eda no se resume en el estudio y la aplicaci\u00f3n del Derecho, sino que constituye un estilo de vida, el cual debe regirse por la \u00e9tica profesional y por dar a cada uno lo que le corresponde. Por esta raz\u00f3n, reconoci\u00f3 a los abogados mexiquenses que han contribuido a consolidar el Estado de Derecho, con la aplicaci\u00f3n y el respeto de las leyes.<\/p>\n<p>En este marco, Eruviel \u00c1vila reconoci\u00f3 el trabajo que ha realizado el presidente de la Rep\u00fablica, Enrique Pe\u00f1a Nieto, ya que consider\u00f3 que las reformas estructurales impulsadas por la federaci\u00f3n, generar\u00e1n mejores condiciones sociales en el pa\u00eds, en el corto y mediano plazo.<\/p>\n<p>Por su parte, Eblen Jalil Fesh, presidente de la Academia Mexiquense de Jurisprudencia, Guillermo Molina Reyes A.C. expres\u00f3 que el D\u00eda del Abogado es una fecha para reflexionar sobre el trabajo de los juristas en el progreso de un pa\u00eds, adem\u00e1s, refiri\u00f3 que el ejercicio de esta profesi\u00f3n debe estar apegado a una constante capacitaci\u00f3n y a un compromiso moral.<\/p>\n<p>En su intervenci\u00f3n, la representante del Colegio de Abogados del Estado de M\u00e9xico, Mar\u00eda Jaimes Legorreta, refiri\u00f3 que en esta carrera, los abogados deben mostrar sus aptitudes y su compromiso social, procurando salvaguardar la integridad y el patrimonio de aquellos que menos tienen, y reconoci\u00f3 al gobernador Eruviel \u00c1vila por la serie de acciones y medidas adoptadas por su gobierno, ya que consider\u00f3 que a trav\u00e9s de \u00e9stas se ha forjado un mejor destino para los mexiquenses.<\/p>\n<p>En tanto, el presidente del Colegio de Abogados del Valle de Texcoco A.C., H\u00e9ctor Gonz\u00e1lez Barrera, se\u00f1al\u00f3 que el Derecho es el punto de partida hacia un estado donde imperen la justicia y la igualdad, y recomend\u00f3 revalorar el sentido de esta profesi\u00f3n, y solicit\u00f3 que las autoridades p\u00fablicas sean responsables al aplicar la ley, ya que es imprescindible en la vida de todos.<\/p>\n<p>En esta celebraci\u00f3n, tambi\u00e9n estuvieron presentes: la consejera Jur\u00eddica del gobierno estatal, Luz Mar\u00eda Zarza Delgado; el secretario General de Gobierno, Jos\u00e9 Manzur Quiroga; el procurador general de Justicia, Alejandro G\u00f3mez S\u00e1nchez; los presidentes del Tribunal Superior de Justicia y de la Junta de Coordinaci\u00f3n Pol\u00edtica de la LVIII Legislatura del estado, Baruch Delgado Carbajal y Aar\u00f3n Urbina Bedolla, respectivamente; el comisionado de Derechos Humanos de la entidad, Marco Antonio Morales G\u00f3mez, el rector de la Universidad Aut\u00f3noma del Estado de M\u00e9xico (UAEM), Jorge Olvera Garc\u00eda, el alcalde de Tlalnepantla, Pablo Bas\u00e1\u00f1ez Garc\u00eda y representantes de organizaciones de abogados.<\/p>\n","protected":false},"excerpt":{"rendered":"<p>Durante la celebraci\u00f3n del D\u00eda del Abogado, en el que convivi\u00f3 y comparti\u00f3 un desayuno con juristas mexiquenses, el gobernador Eruviel \u00c1vila Villegas destac\u00f3 que en lo que va de su administraci\u00f3n se han presentado y fueron aprobadas por el Congreso 143 iniciativas y reformas de ley y constitucionales para fortalecer el Estado de Derecho y contar con mexiquenses m\u00e1s seguros y mejor protegidos.<\/p>\n","protected":false},"author":1,"featured_media":181681,"comment_status":"open","ping_status":"open","sticky":false,"template":"","format":"standard","meta":{"_monsterinsights_skip_tracking":false,"_monsterinsights_sitenote_active":false,"_monsterinsights_sitenote_note":"","_monsterinsights_sitenote_category":0,"footnotes":""},"categories":[5],"tags":[9761,5828,43675],"class_list":["post-181680","post","type-post","status-publish","format-standard","has-post-thumbnail","hentry","category-estado-de-mexico","tag-dia-del-abogado","tag-eruviel-avila-villegas","tag-estado-de-mexico"],"_links":{"self":[{"href":"https:\/\/www.diarioimagen.net\/index.php?rest_route=\/wp\/v2\/posts\/181680","targetHints":{"allow":["GET"]}}],"collection":[{"href":"https:\/\/www.diarioimagen.net\/index.php?rest_route=\/wp\/v2\/posts"}],"about":[{"href":"https:\/\/www.diarioimagen.net\/index.php?rest_route=\/wp\/v2\/types\/post"}],"author":[{"embeddable":true,"href":"https:\/\/www.diarioimagen.net\/index.php?rest_route=\/wp\/v2\/users\/1"}],"replies":[{"embeddable":true,"href":"https:\/\/www.diarioimagen.net\/index.php?rest_route=%2Fwp%2Fv2%2Fcomments&post=181680"}],"version-history":[{"count":0,"href":"https:\/\/www.diarioimagen.net\/index.php?rest_route=\/wp\/v2\/posts\/181680\/revisions"}],"wp:featuredmedia":[{"embeddable":true,"href":"https:\/\/www.diarioimagen.net\/index.php?rest_route=\/wp\/v2\/media\/181681"}],"wp:attachment":[{"href":"https:\/\/www.diarioimagen.net\/index.php?rest_route=%2Fwp%2Fv2%2Fmedia&parent=181680"}],"wp:term":[{"taxonomy":"category","embeddable":true,"href":"https:\/\/www.diarioimagen.net\/index.php?rest_route=%2Fwp%2Fv2%2Fcategories&post=181680"},{"taxonomy":"post_tag","embeddable":true,"href":"https:\/\/www.diarioimagen.net\/index.php?rest_route=%2Fwp%2Fv2%2Ftags&post=181680"}],"curies":[{"name":"wp","href":"https:\/\/api.w.org\/{rel}","templated":true}]}}