{"id":181763,"date":"2014-07-14T00:13:59","date_gmt":"2014-07-14T05:13:59","guid":{"rendered":"http:\/\/www.diarioimagen.net\/?p=181763"},"modified":"2014-07-14T02:51:31","modified_gmt":"2014-07-14T07:51:31","slug":"premian-labor-del-gobernador","status":"publish","type":"post","link":"https:\/\/www.diarioimagen.net\/?p=181763","title":{"rendered":"Premian labor del gobernador"},"content":{"rendered":"<h2>Arco Norte<\/h2>\n<h5>Jos\u00e9 Luis Monta\u00f1ez Aguilar<\/h5>\n<p>&nbsp;<\/p>\n<div id=\"attachment_181821\" style=\"width: 430px\" class=\"wp-caption aligncenter\"><a href=\"http:\/\/www.diarioimagen.net\/wp-content\/uploads\/2014\/07\/arco-2398.jpg\"><img loading=\"lazy\" decoding=\"async\" aria-describedby=\"caption-attachment-181821\" class=\"size-large wp-image-181821\" src=\"http:\/\/www.diarioimagen.net\/wp-content\/uploads\/2014\/07\/arco-2398-420x278.jpg\" alt=\"El gobernador mexiquense, Eruviel \u00c1vila Villegas.\" width=\"420\" height=\"278\" srcset=\"https:\/\/www.diarioimagen.net\/wp-content\/uploads\/2014\/07\/arco-2398-420x278.jpg 420w, https:\/\/www.diarioimagen.net\/wp-content\/uploads\/2014\/07\/arco-2398-240x159.jpg 240w, https:\/\/www.diarioimagen.net\/wp-content\/uploads\/2014\/07\/arco-2398.jpg 1200w\" sizes=\"auto, (max-width: 420px) 100vw, 420px\" \/><\/a><p id=\"caption-attachment-181821\" class=\"wp-caption-text\">El gobernador mexiquense, Eruviel \u00c1vila Villegas.<\/p><\/div>\n<p>La Universidad Aut\u00f3noma del Estado de M\u00e9xico entreg\u00f3 al gobernador Eruviel \u00c1vila Villegas el reconocimiento <em>Magister Juris<\/em> por su destacado impulso a las iniciativas encaminadas a la soluci\u00f3n de los principales problemas de la entidad y por promover la educaci\u00f3n para que los ni\u00f1os y j\u00f3venes tengan las mismas oportunidades. \u201cFue iniciativa de los consejos Acad\u00e9mico y de Gobierno de nuestra imperecedera Facultad de Derecho y que de forma un\u00e1nime ratific\u00f3 el Honorable Consejo Universitario, m\u00e1ximo \u00f3rgano de estudios, por su labor como jurista, legislador y gobernante reflejado en las iniciativas que ha presentado ante la Legislatura local y que han beneficiado la arquitectura jur\u00eddica del Estado de M\u00e9xico y, sin duda, en la soluci\u00f3n de problem\u00e1ticas cotidianas de sus integrantes\u201d, se\u00f1al\u00f3 el rector de la m\u00e1xima casa de estudios de la entidad, Jorge Olvera Garc\u00eda. En el Aula Magna \u201cLicenciado Adolfo L\u00f3pez Mateos\u201d del edificio de rector\u00eda de la UAEM, donde se celebr\u00f3 el \u201cD\u00eda del Abogado\u201d, el rector afirm\u00f3 que a este reconocimiento se sumaron el Colegio de Abogados, la Federaci\u00f3n de Colegios, Barras y Asociaciones de Abogados, la Comisi\u00f3n de Derechos Humanos del Estado de M\u00e9xico y el Consejo de la Judicatura del Tribunal Superior de Justicia de la entidad, quienes en conjunto con la Consejer\u00eda Jur\u00eddica, la Procuradur\u00eda General de Justicia, la Academia Mexiquense de Jurisprudencia, la Consejer\u00eda de los Derechos Universitarios y esta universidad, muestran que los organismos jur\u00eddicos trabajan coordinadamente con el gobernador Eruviel \u00c1vila para hacer m\u00e1s grande al territorio mexiquense y a su gente.<\/p>\n<p><em><a href=\"mailto:montanezaguilar@gmail.com\" target=\"_blank\">montanezaguilar@gmail.com<\/a><\/em><\/p>\n","protected":false},"excerpt":{"rendered":"<p><span style=\"color: #005497;\"><strong>Jos\u00e9 Luis Monta\u00f1ez Aguilar<\/strong><\/span><br \/>\n<br \/>\nLa Universidad Aut\u00f3noma del Estado de M\u00e9xico entreg\u00f3 al gobernador Eruviel \u00c1vila Villegas el reconocimiento <em>Magister Juris<\/em> por su destacado impulso a las iniciativas encaminadas a la soluci\u00f3n de los principales problemas de la entidad y por promover la educaci\u00f3n para que los ni\u00f1os y j\u00f3venes tengan las mismas oportunidades.<\/p>\n","protected":false},"author":3,"featured_media":181821,"comment_status":"open","ping_status":"open","sticky":false,"template":"","format":"standard","meta":{"_monsterinsights_skip_tracking":false,"_monsterinsights_sitenote_active":false,"_monsterinsights_sitenote_note":"","_monsterinsights_sitenote_category":0,"footnotes":""},"categories":[5],"tags":[13284,43675,43704,43674],"class_list":["post-181763","post","type-post","status-publish","format-standard","has-post-thumbnail","hentry","category-estado-de-mexico","tag-arco-norte","tag-estado-de-mexico","tag-jose-luis-montanez-aguilar","tag-opinion"],"_links":{"self":[{"href":"https:\/\/www.diarioimagen.net\/index.php?rest_route=\/wp\/v2\/posts\/181763","targetHints":{"allow":["GET"]}}],"collection":[{"href":"https:\/\/www.diarioimagen.net\/index.php?rest_route=\/wp\/v2\/posts"}],"about":[{"href":"https:\/\/www.diarioimagen.net\/index.php?rest_route=\/wp\/v2\/types\/post"}],"author":[{"embeddable":true,"href":"https:\/\/www.diarioimagen.net\/index.php?rest_route=\/wp\/v2\/users\/3"}],"replies":[{"embeddable":true,"href":"https:\/\/www.diarioimagen.net\/index.php?rest_route=%2Fwp%2Fv2%2Fcomments&post=181763"}],"version-history":[{"count":0,"href":"https:\/\/www.diarioimagen.net\/index.php?rest_route=\/wp\/v2\/posts\/181763\/revisions"}],"wp:featuredmedia":[{"embeddable":true,"href":"https:\/\/www.diarioimagen.net\/index.php?rest_route=\/wp\/v2\/media\/181821"}],"wp:attachment":[{"href":"https:\/\/www.diarioimagen.net\/index.php?rest_route=%2Fwp%2Fv2%2Fmedia&parent=181763"}],"wp:term":[{"taxonomy":"category","embeddable":true,"href":"https:\/\/www.diarioimagen.net\/index.php?rest_route=%2Fwp%2Fv2%2Fcategories&post=181763"},{"taxonomy":"post_tag","embeddable":true,"href":"https:\/\/www.diarioimagen.net\/index.php?rest_route=%2Fwp%2Fv2%2Ftags&post=181763"}],"curies":[{"name":"wp","href":"https:\/\/api.w.org\/{rel}","templated":true}]}}