{"id":181769,"date":"2014-07-14T00:07:47","date_gmt":"2014-07-14T05:07:47","guid":{"rendered":"http:\/\/www.diarioimagen.net\/?p=181769"},"modified":"2014-07-14T03:59:25","modified_gmt":"2014-07-14T08:59:25","slug":"amlo-y-fox-a-san-lazaro-en-2015","status":"publish","type":"post","link":"https:\/\/www.diarioimagen.net\/?p=181769","title":{"rendered":"\u00bfAMLO y Fox a San L\u00e1zaro en 2015?"},"content":{"rendered":"<h2>Tras la puerta del poder<\/h2>\n<h5>Roberto Vizca\u00edno<\/h5>\n<p>&nbsp;<\/p>\n<ul>\n<li><strong><em>En los centros de poder advierten que el ex presidente ser\u00eda un poderoso contrapeso frente a AMLO\u00a0\u00a0\u00a0\u00a0\u00a0<\/em><\/strong><\/li>\n<li><strong><em>El cuadro se podr\u00eda completar con Diego Fern\u00e1ndez, Marcelo Ebrard y otros como Fidel Herrera<\/em><\/strong><\/li>\n<li><strong><em>PAN y PRD, partidos chillones que pierden porque no han generado liderazgos, dice Fox\u00a0<\/em><\/strong><\/li>\n<\/ul>\n<div id=\"attachment_181867\" style=\"width: 250px\" class=\"wp-caption alignleft\"><a href=\"http:\/\/www.diarioimagen.net\/wp-content\/uploads\/2014\/07\/vampidemocracia-RAMON-2398.jpg\" target=\"_blank\"><img loading=\"lazy\" decoding=\"async\" aria-describedby=\"caption-attachment-181867\" class=\"size-medium wp-image-181867\" src=\"http:\/\/www.diarioimagen.net\/wp-content\/uploads\/2014\/07\/vampidemocracia-RAMON-2398-240x153.jpg\" alt=\"Vampidemocracia... | Ram\u00f3n\" width=\"240\" height=\"153\" srcset=\"https:\/\/www.diarioimagen.net\/wp-content\/uploads\/2014\/07\/vampidemocracia-RAMON-2398-240x153.jpg 240w, https:\/\/www.diarioimagen.net\/wp-content\/uploads\/2014\/07\/vampidemocracia-RAMON-2398-420x269.jpg 420w, https:\/\/www.diarioimagen.net\/wp-content\/uploads\/2014\/07\/vampidemocracia-RAMON-2398.jpg 700w\" sizes=\"auto, (max-width: 240px) 100vw, 240px\" \/><\/a><p id=\"caption-attachment-181867\" class=\"wp-caption-text\">Vampidemocracia&#8230; | Ram\u00f3n<\/p><\/div>\n<p>Los m\u00e1s viejos y experimentados liderazgos partidarios y de poder afirman que en pol\u00edtica no hay ni casualidades ni coincidencias.<\/p>\n<p>Si esto es cierto, como al parecer lo es, la s\u00fabita aparici\u00f3n en medio del ex presidente Vicente Fox podr\u00eda ser apenas el inicio de una jugada de alto impacto para inhibir y acotar la posible llegada de Andr\u00e9s Manuel L\u00f3pez Obrador a San L\u00e1zaro en septiembre de 2015.<\/p>\n<p>Y es que aparejado al reconocimiento de Morena como un nuevo partido pol\u00edtico por el INE durante el pasado fin de semana, las dirigencias de PRI, PAN y PRD y quienes hacen prospectiva pol\u00edtica para Los Pinos, advierten que el tabasque\u00f1o podr\u00eda estar preparando su llegada a San L\u00e1zaro y ser el coordinador de los diputados federales de su nuevo partido y un factor de atracci\u00f3n en todas las bancadas de la llamada izquierda.<\/p>\n<p>Su activismo, su peso pol\u00edtico, su facilidad para ubicarse en la cresta de los temas nacionales, indican que L\u00f3pez Obrador se convertir\u00eda inmediatamente en el centro de atracci\u00f3n medi\u00e1tica &#8211;sobre todo en el plano internacional&#8211;, y un punto insalvable para la concertaci\u00f3n y los acuerdos, tan necesarios en la vida parlamentaria de cualquier pa\u00eds.<\/p>\n<p>Todos los an\u00e1lisis advierten que AMLO buscar\u00eda llegar a San L\u00e1zaro como diputado de mayor\u00eda por cualquier distrito del DF, con varios y poderosos objetivos:<\/p>\n<p>Colocarse en la punta del m\u00e1s importante foro pol\u00edtico para obtener presencia medi\u00e1tica constante a nivel nacional;<\/p>\n<p>Que lo convierta en un interlocutor ineludible en toda negociaci\u00f3n pol\u00edtica;<\/p>\n<p>Una posici\u00f3n que le proporcione recursos;<\/p>\n<p>Que lo ubique como el factor que pueda obstruir o aprobar acuerdos entre opositores y gobierno, y pueda decidir si sale o rechaza cualquier otra reforma legislativa.<\/p>\n<p>Que le permita desarrollar una estrategia para contaminar todos los temas y asuntos gubernamentales, privados o partidarios, legislativos o pol\u00edticos, ubic\u00e1ndolos como siempre lo ha hecho, bajo la sospecha de la corrupci\u00f3n, el anti nacionalismo o el entreguismo.<\/p>\n<p>Que abra la posibilidad de inducir cambios o de plano acciones legislativas y pol\u00edticas para revertir o anular las reformas estructurales ya aprobadas hasta ahora en materia de educaci\u00f3n, energ\u00eda, telecomunicaciones, hacendaria y fiscal y laboral.<\/p>\n<p>Pero sobre todo ubicarse en una nueva posici\u00f3n que le permita convertirse en \u201c<em>EL OPOSITOR<\/em>\u201d del presidente Enrique Pe\u00f1a Nieto y su gobierno.<\/p>\n<p>En este contexto AMLO convertir\u00eda a la\u00a0C\u00e1mara de Diputados en una arena de esc\u00e1ndalo donde \u00e9l presidir\u00eda todos los tribunales morales y pol\u00edticos posibles durante el \u00faltimo tramo del gobierno del mexiquense. Un escenario justo a la medida de su mesianismo, advierten.<\/p>\n<p>Todo con una exposici\u00f3n medi\u00e1tica diaria que podr\u00eda aumentar insospechadamente su clientela electoral para llegar al 2018 por tercera ocasi\u00f3n como el principal contendiente por la Presidencia de la Rep\u00fablica.<\/p>\n<p>Frente a esta posibilidad un muy reconocido l\u00edder pri\u00edsta coment\u00f3 que la posible llegada del de Macuspana a San L\u00e1zaro ser\u00eda peor que la peor de las pesadillas para el gobierno del presidente Enrique Pe\u00f1a Nieto, para las dirigencias del PRD, PAN y PRI y para el sistema pol\u00edtico y democr\u00e1tico de M\u00e9xico.<\/p>\n<p>De entrada AMLO buscar\u00eda fijar la agenda nacional desde su curul en San L\u00e1zaro.<\/p>\n<p>De ah\u00ed que desde el pasado fin de semana se comenzaran a mencionar algunos nombres que podr\u00edan hacer contrapeso y anular o disminuir\u00a0a L\u00f3pez Obrador si decidiera buscar una curul en la siguiente legislatura.<\/p>\n<p>Y entre los mencionados surgi\u00f3 en forma natural el de Vicente Fox al que nada impide ser de nuevo diputado federal. Fox, dicen, ser\u00eda el contrapeso ideal de AMLO y uno de los pocos que, por sus antecedentes como ex presidente de la Rep\u00fablica, pueden competirle la agenda medi\u00e1tica y pol\u00edtica al tabasque\u00f1o.<\/p>\n<p><strong>MORENA, \u201cLA CARA DEL DIABLO\u201d<\/strong><\/p>\n<p>De ah\u00ed que a lo mejor no haya sido una \u201ccasualidad\u201d que el guanajuatense haya salido a calificar \u201ccomo la cara del diablo a Morena\u201d.<\/p>\n<p>Retomando la f\u00e1bula de Esopo, la del lobo debajo de la piel de oveja, Vicente Fox considero que Andr\u00e9s Manuel L\u00f3pez Obrador quiere enga\u00f1ar ahora a los ciudadanos envuelto dentro del ropaje del Partido Movimiento Regeneraci\u00f3n Nacional, o Morena.<\/p>\n<p>Para no dejar dudas de quien es su objetivo, entrevistado en su rancho guanajuatense, Fox asegur\u00f3 que AMLO vive un liderazgo reducido, y camina por la pol\u00edtica mexicana obsesionado por ir en contra de las reformas que ha impulsado el presidente Enrique Pe\u00f1a Nieto.<\/p>\n<p>Quiz\u00e1 para irse entrenando en su l\u00ednea de ataque, consider\u00f3 que L\u00f3pez Obrador simplemente perdi\u00f3 la dimensi\u00f3n del mundo actual\u2026 \u201cno viaja, no sabe lo que est\u00e1 pasando en otros lados, no conoce las cifras por ejemplo de Colombia, de Per\u00fa y de Brasil\u2026 no sabe que una vez que hicieron su reforma de energ\u00eda, como ahora la estamos haciendo nosotros, aumentaron sus tasas de crecimiento.<\/p>\n<p>\u201cPer\u00fa hoy es el pa\u00eds que m\u00e1s crece en Am\u00e9rica Latina, 7 por ciento; Colombia es el segundo que m\u00e1s crece, arriba del 5 por ciento; Brasil creci\u00f3 a tal velocidad que en mi administraci\u00f3n la econom\u00eda mexicana era m\u00e1s grande que la brasileira, 25 por ciento m\u00e1s grande. Hoy la econom\u00eda brasileira es el doble del tama\u00f1o de la econom\u00eda mexicana; eso nos pasa por no hacer reformas, eso nos pasa por este debate extenso, inacabado de partidos pol\u00edticos que s\u00f3lo ven sus intereses personales y de grupos y que no ven por el bien de la Naci\u00f3n\u201d, indic\u00f3.<\/p>\n<p>El s\u00e1bado Fox apareci\u00f3 \u201cimprovisadamente\u201d entre las concursantes del certamen \u201cNuestro Belleza Guanajuato\u201d que acudieron a la hacienda San Crist\u00f3bal para una sesi\u00f3n fotogr\u00e1fica.<\/p>\n<p>&nbsp;<\/p>\n<p><strong>PODR\u00cdAN LLEGAR TAMBI\u00c9N\u2026<\/strong><\/p>\n<p>En la pr\u00f3xima legislatura de la C\u00e1mara de Diputados podr\u00edan estar tambi\u00e9n Marcelo Ebrard, quien como diputado federal por el Movimiento Ciudadano o PT, estar\u00eda buscando conseguir no s\u00f3lo fuero para evitar las consecuencias legales y penales de sus desastrosas decisiones en la L\u00ednea 12 del Metro \u2013sobre todo por el desv\u00edo o \u201cdesaparici\u00f3n\u201d de casi 500 millones de pesos-, sino recomponerse pol\u00edticamente.<\/p>\n<p>En esa legislatura podr\u00eda reaparecer Diego Fern\u00e1ndez de Cevallos por el PAN, sin ninguna duda uno de los m\u00e1s temidos opositores al de Macuspana y uno de los m\u00e1s reconocidos oradores y experimentados conocedores de los procesos parlamentarios en M\u00e9xico.<\/p>\n<p>La estrategia \u201cantipejista\u201d del r\u00e9gimen podr\u00eda llevar de igual manera a ocupar una curul en la siguiente legislatura al exgobernador de Veracruz, Fidel Herrera, otro experimentado parlamentario y probado tribuno para casos de emergencia. Como Fox, Diego y otros, Fidel ya no tiene nada qu\u00e9 perder.<\/p>\n<p>El contexto obligar\u00eda al presidente Pe\u00f1a Nieto a tener que colocar a algunos de sus principales colaboradores en San L\u00e1zaro para dar directamente la batalla desde las comisiones y los plenos.<\/p>\n<p>Todo sin embargo depende de que L\u00f3pez Obrador decida ir por primera vez a ocupar una diputaci\u00f3n federal. Ya tiene partido, dos derrotas presidenciales y mucho camino andado para decidir qu\u00e9 ruta seguir en los siguientes 3 a\u00f1os para llegar posicionado en 2018 en la opini\u00f3n de los ciudadanos y buscar su tan ansiada oportunidad a la Presidencia de la Rep\u00fablica.<\/p>\n<p>\u201cLa tercera es la vencida\u201d, dijo \u00e9l mismo la semana pasada.<\/p>\n<p style=\"text-align: center;\"><strong>M\u00c1S DE FOX<\/strong><\/p>\n<p>Al presentarse ante los medios durante el pasado fin de semana, el ex presidente Vicente Fox Quesada tambi\u00e9n se fue contra quienes promovieron la reciente reforma pol\u00edtico-electoral.<\/p>\n<p>De esta dijo que esta reforma es simple y llanamente una \u201cmonserga\u201d que no sirve para nada m\u00e1s que escudar a partidos chillones (PRD y PAN) que se la pasan reclamando y criticando todo en vez de trabajar por el voto de los ciudadanos.<\/p>\n<p>Consider\u00f3 que el registro de Morena y los Partido Humanista y el Encuentro Social s\u00f3lo dividir\u00e1n m\u00e1s el voto, especialmente el de la izquierda.<\/p>\n<p>Dijo que la ausencia de una estrategia para construir liderazgos, han llevado a PAN y PRD a sufrir nuevas derrotas el domingo anterior en Nayarit y Chihuahua y las que vienen en los comicios de 2015.<\/p>\n<p>\u201cNo est\u00e1n haciendo la tarea\u2026 y en pol\u00edtica electoral el que no hace su tarea no gana\u2026 cuando a m\u00ed me toc\u00f3 andar en eso, hice mi tarea, y por eso gan\u00e9 en Guanajuato (la gubernatura en 1995), con mucho m\u00e1s fraude electoral que hoy dicen que hay, con mucha m\u00e1s desventaja que hoy\u201d, asegur\u00f3.<\/p>\n<p>De su partido, el PAN, dijo que sufren derrotas porque han perdido el rumbo y el PRD porque vive la fragmentaci\u00f3n.<\/p>\n<p>\u201cQue se dejen de lloriquear y se pongan a trabajar\u2026 es evidente que el PRD est\u00e1 totalmente dividido, desagregado; ahora nuevos partidos de izquierda y lo \u00fanico que hacen es dividir el voto de la izquierda.<\/p>\n<p>\u201cY en el PAN, pues hemos perdido la br\u00fajula desde hace rato\u2026 y ah\u00ed andamos ahora asoci\u00e1ndonos con el PRD para tratar de desplazar al PRI; no era necesario hacer eso\u201d, coment\u00f3.<\/p>\n<p><em><a href=\"mailto:rvizcainoa@gmail.com\">rvizcainoa@gmail.com<\/a><\/em><\/p>\n","protected":false},"excerpt":{"rendered":"<p><span style=\"color: #005497;\"><strong>Roberto Vizca\u00edno<\/strong><\/span><br \/>\n<br \/>\nLos m\u00e1s viejos y experimentados liderazgos partidarios y de poder afirman que en pol\u00edtica no hay ni casualidades ni coincidencias.<\/p>\n","protected":false},"author":3,"featured_media":181867,"comment_status":"open","ping_status":"open","sticky":false,"template":"","format":"standard","meta":{"_monsterinsights_skip_tracking":false,"_monsterinsights_sitenote_active":false,"_monsterinsights_sitenote_note":"","_monsterinsights_sitenote_category":0,"footnotes":""},"categories":[136],"tags":[20663,43674,93,94],"class_list":["post-181769","post","type-post","status-publish","format-standard","has-post-thumbnail","hentry","category-roberto-vizcaino-opinion","tag-morena","tag-opinion","tag-roberto-vizcaino","tag-tras-la-puerta-del-poder"],"_links":{"self":[{"href":"https:\/\/www.diarioimagen.net\/index.php?rest_route=\/wp\/v2\/posts\/181769","targetHints":{"allow":["GET"]}}],"collection":[{"href":"https:\/\/www.diarioimagen.net\/index.php?rest_route=\/wp\/v2\/posts"}],"about":[{"href":"https:\/\/www.diarioimagen.net\/index.php?rest_route=\/wp\/v2\/types\/post"}],"author":[{"embeddable":true,"href":"https:\/\/www.diarioimagen.net\/index.php?rest_route=\/wp\/v2\/users\/3"}],"replies":[{"embeddable":true,"href":"https:\/\/www.diarioimagen.net\/index.php?rest_route=%2Fwp%2Fv2%2Fcomments&post=181769"}],"version-history":[{"count":0,"href":"https:\/\/www.diarioimagen.net\/index.php?rest_route=\/wp\/v2\/posts\/181769\/revisions"}],"wp:featuredmedia":[{"embeddable":true,"href":"https:\/\/www.diarioimagen.net\/index.php?rest_route=\/wp\/v2\/media\/181867"}],"wp:attachment":[{"href":"https:\/\/www.diarioimagen.net\/index.php?rest_route=%2Fwp%2Fv2%2Fmedia&parent=181769"}],"wp:term":[{"taxonomy":"category","embeddable":true,"href":"https:\/\/www.diarioimagen.net\/index.php?rest_route=%2Fwp%2Fv2%2Fcategories&post=181769"},{"taxonomy":"post_tag","embeddable":true,"href":"https:\/\/www.diarioimagen.net\/index.php?rest_route=%2Fwp%2Fv2%2Ftags&post=181769"}],"curies":[{"name":"wp","href":"https:\/\/api.w.org\/{rel}","templated":true}]}}