{"id":181812,"date":"2014-07-14T00:03:12","date_gmt":"2014-07-14T05:03:12","guid":{"rendered":"http:\/\/www.diarioimagen.net\/?p=181812"},"modified":"2014-07-14T17:42:31","modified_gmt":"2014-07-14T22:42:31","slug":"economia-familiar-la-beneficiada-shcp","status":"publish","type":"post","link":"https:\/\/www.diarioimagen.net\/?p=181812","title":{"rendered":"Econom\u00eda familiar, la beneficiada: SHCP"},"content":{"rendered":"<ul>\n<li><strong><em>Con las reformas en telecomunicaciones la dependencia federal se\u00f1ala que con ellas se impulsa la productividad <\/em><\/strong><\/li>\n<\/ul>\n<div id=\"attachment_181860\" style=\"width: 250px\" class=\"wp-caption alignleft\"><a href=\"http:\/\/www.diarioimagen.net\/wp-content\/uploads\/2014\/07\/telecom-2398.jpg\"><img loading=\"lazy\" decoding=\"async\" aria-describedby=\"caption-attachment-181860\" class=\"size-medium wp-image-181860\" src=\"http:\/\/www.diarioimagen.net\/wp-content\/uploads\/2014\/07\/telecom-2398-240x135.jpg\" alt=\"La reforma en telecomunicaciones\u00a0beneficiar\u00e1 a la ciudadan\u00eda y a las peque\u00f1as empresas, quienes tendr\u00e1n mejor servicio a bajo precio, dice Hacienda.\" width=\"240\" height=\"135\" srcset=\"https:\/\/www.diarioimagen.net\/wp-content\/uploads\/2014\/07\/telecom-2398-240x135.jpg 240w, https:\/\/www.diarioimagen.net\/wp-content\/uploads\/2014\/07\/telecom-2398-420x236.jpg 420w, https:\/\/www.diarioimagen.net\/wp-content\/uploads\/2014\/07\/telecom-2398-235x132.jpg 235w, https:\/\/www.diarioimagen.net\/wp-content\/uploads\/2014\/07\/telecom-2398-202x114.jpg 202w, https:\/\/www.diarioimagen.net\/wp-content\/uploads\/2014\/07\/telecom-2398-350x196.jpg 350w, https:\/\/www.diarioimagen.net\/wp-content\/uploads\/2014\/07\/telecom-2398-220x123.jpg 220w, https:\/\/www.diarioimagen.net\/wp-content\/uploads\/2014\/07\/telecom-2398-237x132.jpg 237w, https:\/\/www.diarioimagen.net\/wp-content\/uploads\/2014\/07\/telecom-2398.jpg 480w\" sizes=\"auto, (max-width: 240px) 100vw, 240px\" \/><\/a><p id=\"caption-attachment-181860\" class=\"wp-caption-text\">La reforma en telecomunicaciones\u00a0beneficiar\u00e1 a la ciudadan\u00eda y a las peque\u00f1as empresas, quienes tendr\u00e1n mejor servicio a bajo precio, dice Hacienda.<\/p><\/div>\n<p>Con la reforma al sector de telecomunicaciones se podr\u00e1 beneficiar la econom\u00eda familiar al contar con mejores servicios a menores precios, destac\u00f3 la Secretar\u00eda de Hacienda y Cr\u00e9dito P\u00fablico (SHCP).<\/p>\n<p>Con esta reforma, agreg\u00f3 la dependencia federal, se impulsa la productividad de las peque\u00f1as y medianas empresas (Pymes) al contar con servicios de internet y telefon\u00eda m\u00e1s baratos y de mejor calidad.<\/p>\n<p>Consider\u00f3 que con el nuevo marco legal aprobado, tanto a nivel constitucional como en materia de reglamentaci\u00f3n secundaria, fortalece la competencia, reduce las barreras a la entrada y acaba con privilegios que por muchos a\u00f1os limitaron el potencial del sector.<\/p>\n<p>Por ello, agreg\u00f3, el gobierno federal reconoce la labor del Legislativo para la aprobaci\u00f3n de la reforma en materia de telecomunicaciones, y refrenda su compromiso de implementarla de manera r\u00e1pida y eficiente para lograr que sus beneficios se reflejen en los bolsillos de los mexicanos.<\/p>\n<p>En el Informe Semanal de su Vocer\u00eda, expuso que las telecomunicaciones son instrumento fundamental para la participaci\u00f3n democr\u00e1tica, la inclusi\u00f3n social y el crecimiento econ\u00f3mico.<\/p>\n<p>Contar con estos servicios a precios accesibles y con calidad suficiente es fundamental para incentivar la competitividad de los individuos y de las empresas, y a su vez, aprovechar el potencial que ofrecen las nuevas tecnolog\u00edas de la informaci\u00f3n y la comunicaci\u00f3n, subray\u00f3.<\/p>\n<p>De acuerdo con datos del Banco Mundial, a\u00f1adi\u00f3, la cobertura de servicios de telefon\u00eda m\u00f3vil es de 86 l\u00edneas por cada 100 habitantes, lo que se compara desfavorablemente con pa\u00edses como Espa\u00f1a (112), Colombia (104), Brasil (135) o Argentina (159).<\/p>\n<p>La penetraci\u00f3n de las l\u00edneas de tel\u00e9fono fijas es a\u00fan menor, de tan s\u00f3lo 17 l\u00edneas por cada 100 habitantes, por debajo de pa\u00edses como Venezuela (26), Argentina (23) y Brasil (22) y, adem\u00e1s del reto de cobertura, existe una alta concentraci\u00f3n en el sector, pues de las 465 estaciones concesionadas en televisi\u00f3n abierta, 95 por ciento se concentra en dos empresas.<\/p>\n<p>Debido a ello, M\u00e9xico ocupa el lugar 63 en el ranking mundial de Tecnolog\u00edas de la Informaci\u00f3n, por debajo de pa\u00edses como Chile, Puerto Rico, Panam\u00e1, Uruguay o Brasil, refiri\u00f3 la dependencia.<\/p>\n<p>La Secretar\u00eda de Hacienda apunt\u00f3 que gracias al trabajo de los legisladores y a la construcci\u00f3n de acuerdos fue posible su aprobaci\u00f3n tanto a nivel Constitucional como en materia de reglamentaci\u00f3n secundaria.<\/p>\n<p>Indic\u00f3 que la reforma secundaria, aprobada el pasado 9 de julio, incluy\u00f3 la expedici\u00f3n de la Ley Federal de Telecomunicaciones y Radiodifusi\u00f3n (LTyR), la Ley del Sistema P\u00fablico de Radiodifusi\u00f3n del Estado Mexicano y reformas, adiciones y derogaciones a diversas disposiciones en materia de telecomunicaciones y radiodifusi\u00f3n.<\/p>\n","protected":false},"excerpt":{"rendered":"<p>Con la reforma al sector de telecomunicaciones se podr\u00e1 beneficiar la econom\u00eda familiar al contar con mejores servicios a menores precios, destac\u00f3 la Secretar\u00eda de Hacienda y Cr\u00e9dito P\u00fablico (SHCP).<\/p>\n","protected":false},"author":3,"featured_media":181860,"comment_status":"open","ping_status":"open","sticky":false,"template":"","format":"standard","meta":{"_monsterinsights_skip_tracking":false,"_monsterinsights_sitenote_active":false,"_monsterinsights_sitenote_note":"","_monsterinsights_sitenote_category":0,"footnotes":""},"categories":[3],"tags":[1101,1102],"class_list":["post-181812","post","type-post","status-publish","format-standard","has-post-thumbnail","hentry","category-nacional","tag-secretaria-de-hacienda-y-credito-publico","tag-shcp"],"_links":{"self":[{"href":"https:\/\/www.diarioimagen.net\/index.php?rest_route=\/wp\/v2\/posts\/181812","targetHints":{"allow":["GET"]}}],"collection":[{"href":"https:\/\/www.diarioimagen.net\/index.php?rest_route=\/wp\/v2\/posts"}],"about":[{"href":"https:\/\/www.diarioimagen.net\/index.php?rest_route=\/wp\/v2\/types\/post"}],"author":[{"embeddable":true,"href":"https:\/\/www.diarioimagen.net\/index.php?rest_route=\/wp\/v2\/users\/3"}],"replies":[{"embeddable":true,"href":"https:\/\/www.diarioimagen.net\/index.php?rest_route=%2Fwp%2Fv2%2Fcomments&post=181812"}],"version-history":[{"count":0,"href":"https:\/\/www.diarioimagen.net\/index.php?rest_route=\/wp\/v2\/posts\/181812\/revisions"}],"wp:featuredmedia":[{"embeddable":true,"href":"https:\/\/www.diarioimagen.net\/index.php?rest_route=\/wp\/v2\/media\/181860"}],"wp:attachment":[{"href":"https:\/\/www.diarioimagen.net\/index.php?rest_route=%2Fwp%2Fv2%2Fmedia&parent=181812"}],"wp:term":[{"taxonomy":"category","embeddable":true,"href":"https:\/\/www.diarioimagen.net\/index.php?rest_route=%2Fwp%2Fv2%2Fcategories&post=181812"},{"taxonomy":"post_tag","embeddable":true,"href":"https:\/\/www.diarioimagen.net\/index.php?rest_route=%2Fwp%2Fv2%2Ftags&post=181812"}],"curies":[{"name":"wp","href":"https:\/\/api.w.org\/{rel}","templated":true}]}}