{"id":181814,"date":"2014-07-14T00:08:49","date_gmt":"2014-07-14T05:08:49","guid":{"rendered":"http:\/\/www.diarioimagen.net\/?p=181814"},"modified":"2014-07-14T03:08:17","modified_gmt":"2014-07-14T08:08:17","slug":"plan-de-apoyo-beneficia-a-casi-100-mil-izcallenses","status":"publish","type":"post","link":"https:\/\/www.diarioimagen.net\/?p=181814","title":{"rendered":"Plan de apoyo beneficia a casi 100 mil izcallenses"},"content":{"rendered":"<ul>\n<li><strong><em>El legislador mexiquense acerc\u00f3 programas sociales a la colonia Bosques de la Hacienda a favor de 1,600 personas<\/em><\/strong><\/li>\n<\/ul>\n<div id=\"attachment_181847\" style=\"width: 430px\" class=\"wp-caption aligncenter\"><a href=\"http:\/\/www.diarioimagen.net\/wp-content\/uploads\/2014\/07\/LEGISLATURA-2398.jpg\"><img loading=\"lazy\" decoding=\"async\" aria-describedby=\"caption-attachment-181847\" class=\"size-large wp-image-181847\" src=\"http:\/\/www.diarioimagen.net\/wp-content\/uploads\/2014\/07\/LEGISLATURA-2398-420x279.jpg\" alt=\"El diputado Francisco Lauro Rojas San Rom\u00e1n,\u00a0representante del XLIII distrito electoral.\" width=\"420\" height=\"279\" srcset=\"https:\/\/www.diarioimagen.net\/wp-content\/uploads\/2014\/07\/LEGISLATURA-2398-420x279.jpg 420w, https:\/\/www.diarioimagen.net\/wp-content\/uploads\/2014\/07\/LEGISLATURA-2398-240x159.jpg 240w, https:\/\/www.diarioimagen.net\/wp-content\/uploads\/2014\/07\/LEGISLATURA-2398.jpg 700w\" sizes=\"auto, (max-width: 420px) 100vw, 420px\" \/><\/a><p id=\"caption-attachment-181847\" class=\"wp-caption-text\">El diputado Francisco Lauro Rojas San Rom\u00e1n,\u00a0representante del XLIII distrito electoral.<\/p><\/div>\n<p><strong>Cuautitl\u00e1n Izcalli, Estado de M\u00e9xico<\/strong>.- Poco m\u00e1s de 100 mil habitantes de este municipio han sido beneficiados con el Programa de Apoyo a la Econom\u00eda Familiar a lo largo de un a\u00f1o y nueve meses, inform\u00f3 el diputado Francisco Lauro Rojas San Rom\u00e1n (PRI), representante del XLIII distrito electoral local, quien distribuy\u00f3 un informe impreso de sus actividades legislativas y de gesti\u00f3n social a m\u00e1s de mil 600 personas que acudieron a una jornada m\u00e1s de dicho programa en la colonia Bosques de la Hacienda, de este municipio.<\/p>\n<p>El legislador expres\u00f3 su gratitud y reconocimiento al diputado Aar\u00f3n Urbina Bedolla, presidente de la Junta de Coordinaci\u00f3n Pol\u00edtica de la LVIII Legislatura estatal, y destac\u00f3 el apoyo del gobernador Eruviel \u00c1vila Villegas, el cual ha hecho posible acercar productos de la canasta b\u00e1sica a bajo costo a cerca de 60 comunidades, en las que ha estado acompa\u00f1ado de funcionarios del gobierno estatal, l\u00edderes vecinales y legisladores que han constatado este esfuerzo.<\/p>\n<p>Afirm\u00f3 que el objetivo de las jornadas, las cuales son el eje del trabajo social que realiza, es apoyar de manera directa la econom\u00eda dom\u00e9stica, a trav\u00e9s de la adquisici\u00f3n de productos como huevo, az\u00facar, frijol, arroz, pollo, l\u00e1cteos, entre otros, para generar un ahorro en el gasto familiar.<\/p>\n<p>En estas jornadas tambi\u00e9n se ofrecen ex\u00e1menes de la vista y anteojos a precios bajos, adem\u00e1s de asesor\u00eda jur\u00eddica gratuita de car\u00e1cter familiar, civil, mercantil, arrendamiento inmobiliario, penal y laboral, as\u00ed como elaboraci\u00f3n de testamentos.<\/p>\n<p>El legislador reconoci\u00f3 los esfuerzos de los gobiernos federal y estatal por abatir los indicadores de pobreza, con programas como la Cruzada Nacional contra el Hambre encabezada por el presidente Enrique Pe\u00f1a Nieto.<\/p>\n<p>Subray\u00f3 que en lo que va del actual ejercicio constitucional hay resultados tangibles y la LVIII Legislatura mexiquense ha sabido responder a las expectativas de la ciudadan\u00eda en un ambiente de pluralidad y respeto.<\/p>\n<p>En este sentido, consider\u00f3 que ha prevalecido la madurez en la construcci\u00f3n de acuerdos y consensos con las diferentes fuerzas pol\u00edticas para encarar de manera conjunta los desaf\u00edos que enfrenta el Estado de M\u00e9xico, y gracias a la voluntad de los diferentes Grupos Parlamentarios se han concretado numerosas iniciativas de ley a favor de la entidad.<\/p>\n<p>Refiri\u00f3 que la ciudadan\u00eda ha sido el centro de los esfuerzos p\u00fablicos en diversas reformas y leyes orientadas a combatir la violencia y criminalidad, as\u00ed como reducir los factores de riesgo para revertir las condiciones sociales, econ\u00f3micas y culturales que propician el delito.<\/p>\n","protected":false},"excerpt":{"rendered":"<p>Poco m\u00e1s de 100 mil habitantes de este municipio han sido beneficiados con el Programa de Apoyo a la Econom\u00eda Familiar a lo largo de un a\u00f1o y nueve meses, inform\u00f3 el diputado Francisco Lauro Rojas San Rom\u00e1n (PRI), representante del XLIII distrito electoral local, quien distribuy\u00f3 un informe impreso de sus actividades legislativas y de gesti\u00f3n social a m\u00e1s de mil 600 personas que acudieron a una jornada m\u00e1s de dicho programa en la colonia Bosques de la Hacienda, de este municipio.<\/p>\n","protected":false},"author":3,"featured_media":181847,"comment_status":"open","ping_status":"open","sticky":false,"template":"","format":"standard","meta":{"_monsterinsights_skip_tracking":false,"_monsterinsights_sitenote_active":false,"_monsterinsights_sitenote_note":"","_monsterinsights_sitenote_category":0,"footnotes":""},"categories":[5],"tags":[971,43675],"class_list":["post-181814","post","type-post","status-publish","format-standard","has-post-thumbnail","hentry","category-estado-de-mexico","tag-cuautitlan-izcalli","tag-estado-de-mexico"],"_links":{"self":[{"href":"https:\/\/www.diarioimagen.net\/index.php?rest_route=\/wp\/v2\/posts\/181814","targetHints":{"allow":["GET"]}}],"collection":[{"href":"https:\/\/www.diarioimagen.net\/index.php?rest_route=\/wp\/v2\/posts"}],"about":[{"href":"https:\/\/www.diarioimagen.net\/index.php?rest_route=\/wp\/v2\/types\/post"}],"author":[{"embeddable":true,"href":"https:\/\/www.diarioimagen.net\/index.php?rest_route=\/wp\/v2\/users\/3"}],"replies":[{"embeddable":true,"href":"https:\/\/www.diarioimagen.net\/index.php?rest_route=%2Fwp%2Fv2%2Fcomments&post=181814"}],"version-history":[{"count":0,"href":"https:\/\/www.diarioimagen.net\/index.php?rest_route=\/wp\/v2\/posts\/181814\/revisions"}],"wp:featuredmedia":[{"embeddable":true,"href":"https:\/\/www.diarioimagen.net\/index.php?rest_route=\/wp\/v2\/media\/181847"}],"wp:attachment":[{"href":"https:\/\/www.diarioimagen.net\/index.php?rest_route=%2Fwp%2Fv2%2Fmedia&parent=181814"}],"wp:term":[{"taxonomy":"category","embeddable":true,"href":"https:\/\/www.diarioimagen.net\/index.php?rest_route=%2Fwp%2Fv2%2Fcategories&post=181814"},{"taxonomy":"post_tag","embeddable":true,"href":"https:\/\/www.diarioimagen.net\/index.php?rest_route=%2Fwp%2Fv2%2Ftags&post=181814"}],"curies":[{"name":"wp","href":"https:\/\/api.w.org\/{rel}","templated":true}]}}