{"id":181954,"date":"2014-07-15T00:06:45","date_gmt":"2014-07-15T05:06:45","guid":{"rendered":"http:\/\/www.diarioimagen.net\/?p=181954"},"modified":"2014-07-16T05:20:42","modified_gmt":"2014-07-16T10:20:42","slug":"eruviel-avila-refuerza-medidas-de-pc-en-espectaculos-masivos","status":"publish","type":"post","link":"https:\/\/www.diarioimagen.net\/?p=181954","title":{"rendered":"Eruviel \u00c1vila refuerza medidas de PC en espect\u00e1culos masivos"},"content":{"rendered":"<ul>\n<li><strong><em>El objetivo es garantizar la integridad f\u00edsica de las personas que asistan a este tipo de actos, principalmente en bailes populares<\/em><\/strong><\/li>\n<\/ul>\n<div id=\"attachment_182006\" style=\"width: 430px\" class=\"wp-caption aligncenter\"><a href=\"http:\/\/www.diarioimagen.net\/wp-content\/uploads\/2014\/07\/eruviel-2399.jpg\"><img loading=\"lazy\" decoding=\"async\" aria-describedby=\"caption-attachment-182006\" class=\"size-large wp-image-182006\" src=\"http:\/\/www.diarioimagen.net\/wp-content\/uploads\/2014\/07\/eruviel-2399-420x277.jpg\" alt=\"Durante la XXII Sesi\u00f3n Ordinaria del Consejo Estatal de Protecci\u00f3n Civil, el gobernador Eruviel \u00c1vila Villegas inform\u00f3 que enviar\u00e1 a la Legislatura local la iniciativa de Ley de Eventos P\u00fablicos del Estado de M\u00e9xico, para garantizar la seguridad de los asistentes a espect\u00e1culos masivos y sancionar con mayor rigor a quienes incumplan las medidas de protecci\u00f3n civil requeridas.\" width=\"420\" height=\"277\" srcset=\"https:\/\/www.diarioimagen.net\/wp-content\/uploads\/2014\/07\/eruviel-2399-420x277.jpg 420w, https:\/\/www.diarioimagen.net\/wp-content\/uploads\/2014\/07\/eruviel-2399-240x158.jpg 240w, https:\/\/www.diarioimagen.net\/wp-content\/uploads\/2014\/07\/eruviel-2399.jpg 700w\" sizes=\"auto, (max-width: 420px) 100vw, 420px\" \/><\/a><p id=\"caption-attachment-182006\" class=\"wp-caption-text\">Durante la XXII Sesi\u00f3n Ordinaria del Consejo Estatal de Protecci\u00f3n Civil, el gobernador Eruviel \u00c1vila Villegas inform\u00f3 que enviar\u00e1 a la Legislatura local la iniciativa de Ley de Eventos P\u00fablicos del Estado de M\u00e9xico, para garantizar la seguridad de los asistentes a espect\u00e1culos masivos y sancionar con mayor rigor a quienes incumplan las medidas de protecci\u00f3n civil requeridas.<\/p><\/div>\n<p><strong>Toluca, Estado de M\u00e9xico<\/strong>.- Para contar con disposiciones m\u00e1s estrictas que garanticen la seguridad e integridad de los asistentes a espect\u00e1culos masivos, como bailes populares y sancionar con mayor rigor a quienes incumplan con las medidas de protecci\u00f3n civil requeridas o registrar sobrecupo, el gobernador Eruviel \u00c1vila Villegas enviar\u00e1 a la Legislatura local la iniciativa de Ley de Eventos P\u00fablicos del Estado de M\u00e9xico.<\/p>\n<p>\u201cSi bien hoy d\u00eda ya hay normas que regulan estas actividades, esta nueva ley habr\u00e1 de ser todav\u00eda mucho m\u00e1s estricta. Las facultades relacionadas a estos actos se mantendr\u00e1n en los ayuntamientos, en los presidentes municipales; est\u00e1 en sus manos, en nuestras manos, en las manos de todos, la seguridad de miles de personas cuando asisten a un acto p\u00fablico a tratar de tener un rato de diversi\u00f3n, de distracci\u00f3n, y debemos ser lo m\u00e1s responsables posibles en las respectivas autorizaciones\u201d, manifest\u00f3.<\/p>\n<p>La iniciativa de Ley de Eventos P\u00fablicos del Estado de M\u00e9xico, que ser\u00e1 enriquecida con la aportaci\u00f3n de los diputados locales, delimita la competencia de las autoridades estatales y municipales en materia de protecci\u00f3n civil, en la celebraci\u00f3n de este tipo de espect\u00e1culos, adem\u00e1s se\u00f1ala los requisitos para la expedici\u00f3n de autorizaciones, permisos o licencias.<\/p>\n<p>Entre algunos de sus lineamientos destacan:<\/p>\n<p>\u00b7 La Coordinaci\u00f3n Estatal de Protecci\u00f3n Civil ser\u00e1 la encargada de expedir autorizaciones para eventos p\u00fablicos, cuya duraci\u00f3n sea mayor a dos d\u00edas o el aforo total esperado sea de m\u00e1s de 2 mil 500 asistentes.<\/p>\n<p>\u00b7 Los municipios otorgar\u00e1n los permisos para eventos p\u00fablicos considerados de bajo riesgo, conforme al listado de generadores del Reglamento del Libro Sexto del C\u00f3digo Administrativo del Estado de M\u00e9xico, como los relacionados con promotores del sector privado de espect\u00e1culos art\u00edsticos, culturales, deportivos y similares que cuenten o no con instalaciones.<\/p>\n<p>\u00b7 Los responsables tendr\u00e1n que remitir al municipio o a la coordinaci\u00f3n estatal, el programa del espect\u00e1culo, con diez d\u00edas h\u00e1biles de anticipaci\u00f3n, y en caso de haber cambios notificarlos con un m\u00ednimo de tres d\u00edas antes.<\/p>\n<p>\u00b7 Se deber\u00e1 contar con los servicios necesarios para garantizar el orden, seguridad e integridad de los asistentes, as\u00ed como establecer\u00a0 facilidades para el acceso y desplazamiento de las personas con discapacidad.<\/p>\n<p>\u00b7 En caso de que el evento sea temporalmente suspendido, deber\u00e1n de dar a conocer la fecha, horario y lugar de reanudaci\u00f3n de \u00e9ste; en caso de ser cancelados, tendr\u00e1n un plazo de 48 horas para devolver el importe de las entradas, donde bastar\u00e1 con la entrega del boleto para poder regresar el dinero.<\/p>\n<p>\u00b7 Durante el acto se tendr\u00e1 que informar a los asistentes de manera escrita, visual y sonora sobre las medidas de seguridad.<\/p>\n<p>\u00b7 Instalar arcos de detecci\u00f3n de metales en todos los accesos.<\/p>\n<p>\u00b7 En caso de que se pretenda vender alcohol, contar con el Dictamen de Factibilidad Sanitario, emitido por la Secretar\u00eda de Salud.<\/p>\n<p>\u00b7 Los municipios o la Coordinaci\u00f3n Estatal de Protecci\u00f3n Civil, designar\u00e1n a una persona que fungir\u00e1 como verificador en jefe, quien estar\u00e1 presente durante la celebraci\u00f3n de cualquier evento p\u00fablico, para vigilar el cumplimiento de las disposiciones jur\u00eddicas y que los asistentes no alteren el orden p\u00fablico.<\/p>\n<p>Asimismo, la Coordinaci\u00f3n Estatal de Protecci\u00f3n Civil podr\u00e1 suspender la realizaci\u00f3n de eventos p\u00fablicos en caso de:<\/p>\n<p>\u00b7 No respetar el aforo establecido en el permiso.<\/p>\n<p>\u00b7 No se cumpla con el programa, se obstaculice o se impida el cumplimiento de las funciones de verificaci\u00f3n del personal.<\/p>\n<p>\u00b7 Presentar eventos p\u00fablicos diferentes a los establecidos en la autorizaci\u00f3n.<\/p>\n<p>\u00b7 Manifestar datos falsos en la solicitud para la realizaci\u00f3n del evento.<\/p>\n<p>\u00b7\u00a0 Poner en peligro la seguridad, el orden p\u00fablico y la integridad de los participantes.<\/p>\n","protected":false},"excerpt":{"rendered":"<p>Para contar con disposiciones m\u00e1s estrictas que garanticen la seguridad e integridad de los asistentes a espect\u00e1culos masivos, como bailes populares y sancionar con mayor rigor a quienes incumplan con las medidas de protecci\u00f3n civil requeridas o registrar sobrecupo, el gobernador Eruviel \u00c1vila Villegas enviar\u00e1 a la Legislatura local la iniciativa de Ley de Eventos P\u00fablicos del Estado de M\u00e9xico.<\/p>\n","protected":false},"author":3,"featured_media":182006,"comment_status":"open","ping_status":"open","sticky":false,"template":"","format":"standard","meta":{"_monsterinsights_skip_tracking":false,"_monsterinsights_sitenote_active":false,"_monsterinsights_sitenote_note":"","_monsterinsights_sitenote_category":0,"footnotes":""},"categories":[5],"tags":[43675,452],"class_list":["post-181954","post","type-post","status-publish","format-standard","has-post-thumbnail","hentry","category-estado-de-mexico","tag-estado-de-mexico","tag-toluca"],"_links":{"self":[{"href":"https:\/\/www.diarioimagen.net\/index.php?rest_route=\/wp\/v2\/posts\/181954","targetHints":{"allow":["GET"]}}],"collection":[{"href":"https:\/\/www.diarioimagen.net\/index.php?rest_route=\/wp\/v2\/posts"}],"about":[{"href":"https:\/\/www.diarioimagen.net\/index.php?rest_route=\/wp\/v2\/types\/post"}],"author":[{"embeddable":true,"href":"https:\/\/www.diarioimagen.net\/index.php?rest_route=\/wp\/v2\/users\/3"}],"replies":[{"embeddable":true,"href":"https:\/\/www.diarioimagen.net\/index.php?rest_route=%2Fwp%2Fv2%2Fcomments&post=181954"}],"version-history":[{"count":0,"href":"https:\/\/www.diarioimagen.net\/index.php?rest_route=\/wp\/v2\/posts\/181954\/revisions"}],"wp:featuredmedia":[{"embeddable":true,"href":"https:\/\/www.diarioimagen.net\/index.php?rest_route=\/wp\/v2\/media\/182006"}],"wp:attachment":[{"href":"https:\/\/www.diarioimagen.net\/index.php?rest_route=%2Fwp%2Fv2%2Fmedia&parent=181954"}],"wp:term":[{"taxonomy":"category","embeddable":true,"href":"https:\/\/www.diarioimagen.net\/index.php?rest_route=%2Fwp%2Fv2%2Fcategories&post=181954"},{"taxonomy":"post_tag","embeddable":true,"href":"https:\/\/www.diarioimagen.net\/index.php?rest_route=%2Fwp%2Fv2%2Ftags&post=181954"}],"curies":[{"name":"wp","href":"https:\/\/api.w.org\/{rel}","templated":true}]}}