{"id":181958,"date":"2014-07-15T00:07:55","date_gmt":"2014-07-15T05:07:55","guid":{"rendered":"http:\/\/www.diarioimagen.net\/?p=181958"},"modified":"2014-07-15T02:33:30","modified_gmt":"2014-07-15T07:33:30","slug":"uno-de-los-mejores-dias-de-pena-nieto","status":"publish","type":"post","link":"https:\/\/www.diarioimagen.net\/?p=181958","title":{"rendered":"Uno de los mejores d\u00edas de Pe\u00f1a Nieto"},"content":{"rendered":"<h2>Tras la puerta del poder<\/h2>\n<h5>Roberto Vizca\u00edno<\/h5>\n<p>&nbsp;<\/p>\n<ul>\n<li><strong><em>Con la promulgaci\u00f3n de las leyes secundarias de telecomunicaciones avanza su proyecto reestructurador\u00a0\u00a0\u00a0<\/em><\/strong><\/li>\n<li><strong><em>Cuatro ejes que beneficiar\u00e1n a los mexicanos fueron subrayados por \u00e9l al poner en marcha esta reforma \u00a0<\/em><\/strong><\/li>\n<li><strong><em>Con el cardenal Pietro Parolin habl\u00f3 sobre la migraci\u00f3n y la visita del Papa Francisco a M\u00e9xico\u00a0 \u00a0<\/em><\/strong><\/li>\n<\/ul>\n<div id=\"attachment_182035\" style=\"width: 250px\" class=\"wp-caption alignleft\"><a href=\"http:\/\/www.diarioimagen.net\/wp-content\/uploads\/2014\/07\/EL-PASO-DE-ISRAEL-por-gaza-jose-luis-2399.jpg\" target=\"_blank\"><img loading=\"lazy\" decoding=\"async\" aria-describedby=\"caption-attachment-182035\" class=\"size-medium wp-image-182035\" src=\"http:\/\/www.diarioimagen.net\/wp-content\/uploads\/2014\/07\/EL-PASO-DE-ISRAEL-por-gaza-jose-luis-2399-240x159.jpg\" alt=\"El paso de Israel por Gaza... | Jos\u00e9 Luis\" width=\"240\" height=\"159\" srcset=\"https:\/\/www.diarioimagen.net\/wp-content\/uploads\/2014\/07\/EL-PASO-DE-ISRAEL-por-gaza-jose-luis-2399-240x159.jpg 240w, https:\/\/www.diarioimagen.net\/wp-content\/uploads\/2014\/07\/EL-PASO-DE-ISRAEL-por-gaza-jose-luis-2399-420x279.jpg 420w, https:\/\/www.diarioimagen.net\/wp-content\/uploads\/2014\/07\/EL-PASO-DE-ISRAEL-por-gaza-jose-luis-2399.jpg 1200w\" sizes=\"auto, (max-width: 240px) 100vw, 240px\" \/><\/a><p id=\"caption-attachment-182035\" class=\"wp-caption-text\">El paso de Israel por Gaza&#8230; | Jos\u00e9 Luis<\/p><\/div>\n<p>El de ayer fue sin duda uno de los mejores d\u00edas que ha vivido el presidente Enrique Pe\u00f1a Nieto en lo que va de su sexenio.<\/p>\n<p>Ayer el mexiquense promulg\u00f3 quiz\u00e1 la segunda reforma m\u00e1s importante propuesta por \u00e9l, la de telecomunicaciones. Luego de esta s\u00f3lo espera por las secundarias de energ\u00eda, que est\u00e1n en tr\u00e1mite en el Congreso.<\/p>\n<p>Con las de telecomunicaciones dijo ayer, espera que M\u00e9xico entre de lleno al mundo del conocimiento y que abrir\u00e1 insospechadamente la telefon\u00eda, el Internet, la radio y la televisi\u00f3n.<\/p>\n<p>Y para concluir una jornada completa, recibi\u00f3, convers\u00f3 y comi\u00f3 con el Secretario de Estado del Vaticano, con el cardenal Pietro Parolin el personaje pol\u00edtico m\u00e1s importante de la jerarqu\u00eda cat\u00f3lica luego del Papa Francisco.<\/p>\n<p>Acompa\u00f1ado por su gabinete y la c\u00fapula empresarial y social del pa\u00eds, por la ma\u00f1ana promulg\u00f3 en Palacio Nacional las leyes reglamentarias de la reforma de telecomunicaciones.<\/p>\n<p>Ah\u00ed el presidente Pe\u00f1a Nieto consider\u00f3 que esta reforma \u201cser\u00e1 uno de los m\u00e1s poderosos instrumentos para ampliar la libertad, fortalecer la igualdad, e incrementar la prosperidad de los mexicanos\u201d, que tiene adem\u00e1s como eje rector el bienestar de los usuarios.<\/p>\n<p>Record\u00f3 que en lo que va de su administraci\u00f3n, en corresponsabilidad con el Poder Legislativo, ha podido impulsar otras importantes reformas que van desde lo educativo, financiero, de competencia econ\u00f3mica, hacendario, energ\u00e9tico y de telecomunicaciones, entre otras.<\/p>\n<p>\u201cTodas ellas, con el prop\u00f3sito de brindar beneficios a las familias mexicanas y elevar la competitividad del pa\u00eds, para atraer inversiones y generar m\u00e1s y mejores empleos.<\/p>\n<p>\u201cCon \u00e9sta, y las dem\u00e1s reformas estructurales, M\u00e9xico est\u00e1 avanzando por el camino de la transformaci\u00f3n, generando beneficios y ahorros para las familias, as\u00ed como nuevas oportunidades de crecimiento y desarrollo econ\u00f3mico para todo el pa\u00eds.<\/p>\n<p>\u201cEsta reforma fortalece la libertad de los mexicanos, al asegurar el derecho a expresarnos, informarnos e interactuar en los medios electr\u00f3nicos y las redes sociales; tambi\u00e9n promueve un M\u00e9xico de mayores oportunidades al asegurar la inclusi\u00f3n digital, la integraci\u00f3n de nuestras regiones, y el acceso de las personas con discapacidad a las telecomunicaciones; e impulsar\u00e1 la prosperidad del pa\u00eds, porque brindar\u00e1 mayor competitividad a negocios y empresas, atraer\u00e1 grandes inversiones al sector; y lo m\u00e1s importante, apoya a la econom\u00eda de las familias mexicanas\u201d, indic\u00f3.<\/p>\n<p>Y adelant\u00f3 4 <strong>ventajas<\/strong> de la reforma de telecomunicaciones:<\/p>\n<p><strong>PRIMERO<\/strong>: En materia de internet, pone las tecnolog\u00edas de la informaci\u00f3n al alcance de m\u00e1s mexicanos, y asegura la libertad de expresi\u00f3n en ellas. Obliga al Estado a ofrecer internet gratuito en 250 mil sitios p\u00fablicos del pa\u00eds, principalmente en escuelas, bibliotecas, hospitales y plazas p\u00fablicas. La reforma tambi\u00e9n dispone tomar las medidas necesarias para que 70 por ciento de los hogares y 85 por ciento de las micro, peque\u00f1as y medianas empresas, que son las grandes generadoras en nuestro pa\u00eds, cuenten con internet.<\/p>\n<p>Explic\u00f3 que \u201choy la cobertura en los hogares es de s\u00f3lo 30.7 por ciento. Esto implica ir a m\u00e1s del doble en t\u00e9rminos de cobertura a los hogares mexicanos que hoy tienen alcance\u201d.<\/p>\n<p>Esta reforma, agreg\u00f3, impide cualquier bloqueo a internet o a las redes sociales, y asegura la neutralidad de la red; es decir, los usuarios acceder\u00e1n con plena libertad y sin discriminaci\u00f3n a cualquier aplicaci\u00f3n, contenido o servicio.<\/p>\n<p>Asimismo, la calidad y velocidad de internet habr\u00e1n de mejorar en beneficio de todos los usuarios, conforme a los lineamientos que ir\u00e1 definiendo el Instituto Federal de Telecomunicaciones.<\/p>\n<p><strong>SEGUNDO<\/strong>: En materia de telefon\u00eda, se establecen medidas eficaces para alentar la competencia, reducir los costos de este servicio y elevar su calidad. A partir del 1 de enero de 2015, ya no habr\u00e1 cobro por larga distancia nacional en telefon\u00eda fija. Las familias podr\u00e1n llamar desde cualquier parte, lo mismo de Quintana Roo a Baja California, o de cualquier otro punto del pa\u00eds, sin pagar larga distancia, como si se tratara de una llamada local.<\/p>\n<p>Esto representar\u00e1 un ahorro de aproximadamente 19 mil 600 millones de pesos al a\u00f1o, que contribuir\u00e1n a una mayor integraci\u00f3n de las familias y a la competitividad tanto de los peque\u00f1os negocios como de las grandes empresas del pa\u00eds.<\/p>\n<p>Igualmente, dijo, todos los usuarios de telefon\u00eda celular podr\u00e1n hacer y recibir llamadas en cualquier parte del pa\u00eds, sin importar cu\u00e1l sea la empresa proveedora del servicio.<\/p>\n<p>Los saldos de prepago en telefon\u00eda celular tendr\u00e1n vigencia de un a\u00f1o y no de d\u00edas o meses, como ocurre actualmente. Adem\u00e1s, la consulta del saldo ser\u00e1 gratuita.<\/p>\n<p>Por su parte, quienes tienen un plan tarifario, explic\u00f3, obtendr\u00e1n recibos que detallen claramente cada cobro y la opci\u00f3n de pagar por minuto, o incluso por segundo. Los usuarios de los diferentes servicios de telecomunicaciones podr\u00e1n cancelar su servicio si los operadores cambian las condiciones del contrato o exigir el cumplimiento de los t\u00e9rminos pactados. Cuando los usuarios as\u00ed lo decidan, tendr\u00e1n la libertad de cambiar de compa\u00f1\u00eda conservando su n\u00famero telef\u00f3nico y con la seguridad de que su tel\u00e9fono no ser\u00e1 bloqueado. Todos los derechos que establece la ley deber\u00e1n hacerse del conocimiento de los usuarios por escrito, o a trav\u00e9s de los medios electr\u00f3nicos, al contratar el servicio.<\/p>\n<p><strong>TERCERO<\/strong>: En materia de radiodifusi\u00f3n se promueve la competencia, la innovaci\u00f3n y una mayor diversidad de programaci\u00f3n, ya que habr\u00e1 m\u00e1s televisoras y nuevos canales.<\/p>\n<p>La reforma permite que las dos nuevas cadenas comerciales de televisi\u00f3n, que est\u00e1n en proceso de licitaci\u00f3n ante el Instituto Federal de Telecomunicaciones, compitan en igualdad de condiciones ampliando la oferta de contenidos.<\/p>\n<p>Para que haya m\u00e1s contenidos de calidad, se crea una nueva cadena de televisi\u00f3n p\u00fablica denominada Sistema de Radiodifusi\u00f3n del Estado mexicano, y ser\u00e1 obligatorio promover la equidad de g\u00e9nero y los derechos de la ni\u00f1ez.<\/p>\n<p>Por su parte, agreg\u00f3, los suscriptores de televisi\u00f3n de paga recibir\u00e1n todos los canales de televisi\u00f3n abierta sin costo adicional. Igualmente, se proh\u00edbe la contrataci\u00f3n en exclusiva por parte de alguna televisora de contenidos, programas o eventos de amplio inter\u00e9s para los televidentes.<\/p>\n<p>Asimismo, la reforma establece que la transici\u00f3n de la televisi\u00f3n anal\u00f3gica a la digital, es decir, a una se\u00f1al de mayor calidad, se realizar\u00e1 a m\u00e1s tardar el 31 de diciembre de 2015, asegurando el acceso de las familias de escasos recursos a una mejor tecnolog\u00eda.<\/p>\n<p><strong>CUARTO:<\/strong> Otro punto de la reforma son los beneficios espec\u00edficos para los usuarios con alguna discapacidad. Se trata de pasos importantes en favor de la inclusi\u00f3n social. Las compa\u00f1\u00edas de telecomunicaciones deber\u00e1n ofrecerles equipos especiales con funciones, programas o aplicaciones que les permitan acceder y usar los servicios contratados. Las televisoras con cobertura en m\u00e1s de la mitad del pa\u00eds tendr\u00e1n un plazo m\u00e1ximo de 36 meses para incluir lengua de se\u00f1as mexicana o sub titulaje oculto en la programaci\u00f3n que transmitan de seis de la ma\u00f1ana hasta la medianoche, precis\u00f3.<\/p>\n<p>\u201cPor todo lo anterior, la reforma refrenda la importancia de las telecomunicaciones como un servicio p\u00fablico de inter\u00e9s general, y reafirma la rector\u00eda del Estado mexicano en el sector\u201d, subray\u00f3.<\/p>\n<p>Con las secundarias promulgadas ayer, se reducen los mecanismos de impugnaci\u00f3n y no se permite la suspensi\u00f3n de las resoluciones que emita el Instituto Federal de Telecomunicaciones.<\/p>\n<p>Esto significa que las medidas regulatorias tendr\u00e1n aplicaci\u00f3n inmediata y no ser\u00e1n evitadas con litigios de a\u00f1os como ven\u00eda ocurriendo.<\/p>\n<p>En fin, un d\u00eda excepcional para un presidente que ha logrado sacar adelante las reformas m\u00e1s importantes de los \u00faltimos tiempos en M\u00e9xico.<\/p>\n<p><em><a href=\"mailto:rvizcainoa@gmail.com\">rvizcainoa@gmail.com<\/a><\/em><\/p>\n","protected":false},"excerpt":{"rendered":"<p><span style=\"color: #005497;\"><strong>Roberto Vizca\u00edno<\/strong><\/span><br \/>\n<br \/>\nEl de ayer fue sin duda uno de los mejores d\u00edas que ha vivido el presidente Enrique Pe\u00f1a Nieto en lo que va de su sexenio.<\/p>\n","protected":false},"author":3,"featured_media":182035,"comment_status":"open","ping_status":"open","sticky":false,"template":"","format":"standard","meta":{"_monsterinsights_skip_tracking":false,"_monsterinsights_sitenote_active":false,"_monsterinsights_sitenote_note":"","_monsterinsights_sitenote_category":0,"footnotes":""},"categories":[136],"tags":[2755,43674,34163,93,94],"class_list":["post-181958","post","type-post","status-publish","format-standard","has-post-thumbnail","hentry","category-roberto-vizcaino-opinion","tag-el-vaticano","tag-opinion","tag-pietro-parolin","tag-roberto-vizcaino","tag-tras-la-puerta-del-poder"],"_links":{"self":[{"href":"https:\/\/www.diarioimagen.net\/index.php?rest_route=\/wp\/v2\/posts\/181958","targetHints":{"allow":["GET"]}}],"collection":[{"href":"https:\/\/www.diarioimagen.net\/index.php?rest_route=\/wp\/v2\/posts"}],"about":[{"href":"https:\/\/www.diarioimagen.net\/index.php?rest_route=\/wp\/v2\/types\/post"}],"author":[{"embeddable":true,"href":"https:\/\/www.diarioimagen.net\/index.php?rest_route=\/wp\/v2\/users\/3"}],"replies":[{"embeddable":true,"href":"https:\/\/www.diarioimagen.net\/index.php?rest_route=%2Fwp%2Fv2%2Fcomments&post=181958"}],"version-history":[{"count":0,"href":"https:\/\/www.diarioimagen.net\/index.php?rest_route=\/wp\/v2\/posts\/181958\/revisions"}],"wp:featuredmedia":[{"embeddable":true,"href":"https:\/\/www.diarioimagen.net\/index.php?rest_route=\/wp\/v2\/media\/182035"}],"wp:attachment":[{"href":"https:\/\/www.diarioimagen.net\/index.php?rest_route=%2Fwp%2Fv2%2Fmedia&parent=181958"}],"wp:term":[{"taxonomy":"category","embeddable":true,"href":"https:\/\/www.diarioimagen.net\/index.php?rest_route=%2Fwp%2Fv2%2Fcategories&post=181958"},{"taxonomy":"post_tag","embeddable":true,"href":"https:\/\/www.diarioimagen.net\/index.php?rest_route=%2Fwp%2Fv2%2Ftags&post=181958"}],"curies":[{"name":"wp","href":"https:\/\/api.w.org\/{rel}","templated":true}]}}