{"id":181962,"date":"2014-07-15T00:09:45","date_gmt":"2014-07-15T05:09:45","guid":{"rendered":"http:\/\/www.diarioimagen.net\/?p=181962"},"modified":"2014-07-15T02:37:30","modified_gmt":"2014-07-15T07:37:30","slug":"mexico-negocia-tratado-comercial-con-turquia","status":"publish","type":"post","link":"https:\/\/www.diarioimagen.net\/?p=181962","title":{"rendered":"M\u00e9xico negocia tratado comercial con Turqu\u00eda"},"content":{"rendered":"<ul>\n<li><strong><em>Profundizan relaciones bilaterales<\/em><\/strong><\/li>\n<\/ul>\n<div id=\"attachment_182048\" style=\"width: 250px\" class=\"wp-caption alignleft\"><a href=\"http:\/\/www.diarioimagen.net\/wp-content\/uploads\/2014\/07\/ECONOMIA-2399.jpg\"><img loading=\"lazy\" decoding=\"async\" aria-describedby=\"caption-attachment-182048\" class=\"size-medium wp-image-182048\" src=\"http:\/\/www.diarioimagen.net\/wp-content\/uploads\/2014\/07\/ECONOMIA-2399-240x159.jpg\" alt=\"Francisco Rosenzweig,\u00a0subsecretario de Comercio Exterior de la Secretar\u00eda de Econom\u00eda.\" width=\"240\" height=\"159\" srcset=\"https:\/\/www.diarioimagen.net\/wp-content\/uploads\/2014\/07\/ECONOMIA-2399-240x159.jpg 240w, https:\/\/www.diarioimagen.net\/wp-content\/uploads\/2014\/07\/ECONOMIA-2399-420x278.jpg 420w, https:\/\/www.diarioimagen.net\/wp-content\/uploads\/2014\/07\/ECONOMIA-2399.jpg 500w\" sizes=\"auto, (max-width: 240px) 100vw, 240px\" \/><\/a><p id=\"caption-attachment-182048\" class=\"wp-caption-text\">Francisco Rosenzweig,\u00a0subsecretario de Comercio Exterior de la Secretar\u00eda de Econom\u00eda.<\/p><\/div>\n<p>Las negociaciones para un tratado comercial entre M\u00e9xico y Turqu\u00eda son muestra del compromiso de ambos gobiernos para profundizar su relaci\u00f3n bilateral, asegur\u00f3 el subsecretario de Comercio Exterior de la Secretar\u00eda de Econom\u00eda, Francisco Rosenzweig.<\/p>\n<p>A trav\u00e9s de su cuenta Twitter, el funcionario reiter\u00f3 la determinaci\u00f3n de M\u00e9xico de realizar una negociaci\u00f3n comercial constructiva y fruct\u00edfera con Turqu\u00eda, debido a que tiene un gran potencial para generar mayores negocios y con ello apoyar cadenas de valor a trav\u00e9s del Atl\u00e1ntico.<\/p>\n<p>El funcionario resalt\u00f3 que las pol\u00edticas de apertura comercial son una caracter\u00edstica de las econom\u00edas mexicana y turca, por lo que la primera ronda de negociaciones que hoy inicia servir\u00e1 para identificar objetivos en las \u00e1reas que cubrir\u00e1 el acuerdo comercial.<\/p>\n<p>Destac\u00f3 que en 2013, el comercio total entre M\u00e9xico y Turqu\u00eda ascendi\u00f3 a 885 millones de d\u00f3lares, cifra 11.3 por ciento mayor respecto a la registrada en 2012, mientras que de enero a mayo de este a\u00f1o sum\u00f3 347 millones de d\u00f3lares.<\/p>\n<p>Explic\u00f3 que los principales productos exportados de M\u00e9xico a Turqu\u00eda son pol\u00edmeros de cloruro de vinilo, trigo, autotransportes y autom\u00f3viles.<\/p>\n<p>El subsecretario de la Secretar\u00eda de Econom\u00eda (SE) resalt\u00f3 que de 1999 a marzo de este a\u00f1o la Inversi\u00f3n Extranjera Directa (IED) de Turqu\u00ed en M\u00e9xico sum\u00f3 2.98 millones de d\u00f3lares.<\/p>\n<p>En este contexto, asegur\u00f3 que el objetivo es seguir posicionando a M\u00e9xico como un Pa\u00eds comprometido con el libre comercio, donde la pol\u00edtica comercial impulsa el acceso a mercados con mayor crecimiento y consolidar preferencias comerciales existentes.<\/p>\n<p>Indic\u00f3 que a 20 a\u00f1os, el comercio de M\u00e9xico con el mundo se multiplic\u00f3 m\u00e1s de seis veces y que s\u00f3lo en 2013 el intercambio comercial del pa\u00eds alcanz\u00f3 un r\u00e9cord de 761 mil millones de d\u00f3lares.<\/p>\n","protected":false},"excerpt":{"rendered":"<p>Las negociaciones para un tratado comercial entre M\u00e9xico y Turqu\u00eda son muestra del compromiso de ambos gobiernos para profundizar su relaci\u00f3n bilateral, asegur\u00f3 el subsecretario de Comercio Exterior de la Secretar\u00eda de Econom\u00eda, Francisco Rosenzweig.<\/p>\n","protected":false},"author":3,"featured_media":182048,"comment_status":"open","ping_status":"open","sticky":false,"template":"","format":"standard","meta":{"_monsterinsights_skip_tracking":false,"_monsterinsights_sitenote_active":false,"_monsterinsights_sitenote_note":"","_monsterinsights_sitenote_category":0,"footnotes":""},"categories":[3],"tags":[3793,44,43673,3479],"class_list":["post-181962","post","type-post","status-publish","format-standard","has-post-thumbnail","hentry","category-nacional","tag-atlantico","tag-mexico","tag-nacional","tag-turquia"],"_links":{"self":[{"href":"https:\/\/www.diarioimagen.net\/index.php?rest_route=\/wp\/v2\/posts\/181962","targetHints":{"allow":["GET"]}}],"collection":[{"href":"https:\/\/www.diarioimagen.net\/index.php?rest_route=\/wp\/v2\/posts"}],"about":[{"href":"https:\/\/www.diarioimagen.net\/index.php?rest_route=\/wp\/v2\/types\/post"}],"author":[{"embeddable":true,"href":"https:\/\/www.diarioimagen.net\/index.php?rest_route=\/wp\/v2\/users\/3"}],"replies":[{"embeddable":true,"href":"https:\/\/www.diarioimagen.net\/index.php?rest_route=%2Fwp%2Fv2%2Fcomments&post=181962"}],"version-history":[{"count":0,"href":"https:\/\/www.diarioimagen.net\/index.php?rest_route=\/wp\/v2\/posts\/181962\/revisions"}],"wp:featuredmedia":[{"embeddable":true,"href":"https:\/\/www.diarioimagen.net\/index.php?rest_route=\/wp\/v2\/media\/182048"}],"wp:attachment":[{"href":"https:\/\/www.diarioimagen.net\/index.php?rest_route=%2Fwp%2Fv2%2Fmedia&parent=181962"}],"wp:term":[{"taxonomy":"category","embeddable":true,"href":"https:\/\/www.diarioimagen.net\/index.php?rest_route=%2Fwp%2Fv2%2Fcategories&post=181962"},{"taxonomy":"post_tag","embeddable":true,"href":"https:\/\/www.diarioimagen.net\/index.php?rest_route=%2Fwp%2Fv2%2Ftags&post=181962"}],"curies":[{"name":"wp","href":"https:\/\/api.w.org\/{rel}","templated":true}]}}