{"id":181997,"date":"2014-07-15T00:02:36","date_gmt":"2014-07-15T05:02:36","guid":{"rendered":"http:\/\/www.diarioimagen.net\/?p=181997"},"modified":"2014-07-15T02:33:58","modified_gmt":"2014-07-15T07:33:58","slug":"nuevos-partidos-2","status":"publish","type":"post","link":"https:\/\/www.diarioimagen.net\/?p=181997","title":{"rendered":"Nuevos partidos"},"content":{"rendered":"<h2>Desde el portal<\/h2>\n<h5>\u00c1ngel Soriano<\/h5>\n<p>&nbsp;<\/p>\n<p>El Consejo General del Instituto Nacional Electoral aprob\u00f3 por unanimidad la existencia de los nuevos partidos, Movimiento Regeneraci\u00f3n Nacional, Partido Encuentro Social y el Partido Humanista, y que reciban cada uno 36.5 millones de pesos para actividades ordinarias y espec\u00edficas a partir del 1 de agosto y hasta el final del 2014.<\/p>\n<p>En la sesi\u00f3n extraordinaria, los consejeros acordaron dividir el presupuesto entre los diez partidos pol\u00edticos -incluidos los tres de nueva creaci\u00f3n- y aclararon que se trata de un monto para los \u00faltimos cinco meses del a\u00f1o que no representa un incremento a lo aprobado en enero de 2014 para los siete partidos existentes.<\/p>\n<p>De esta manera, consideramos, se pretende justificar el derroche presupuestal en lo que se consideran tres nuevas y lucrativas empresas en el negocio pol\u00edtico-electoral, algunos de cuyos dirigentes tienen experiencia en el manejo de membretes y en el vivir del erario p\u00fablico con desfachatez pues han encontrado la forma de servir al poder desde la \u201coposici\u00f3n\u201d en lo que se han especializado los partidos sat\u00e9lite.<\/p>\n<p>Tal es su desprestigio y de sus dirigentes, que bastar\u00eda revisar qu\u00e9 es lo que han hecho en las \u00faltimas semanas legisladores, alcaldes, y funcionarios delegacionales del PAN que, como oposici\u00f3n presentaron un rostro, y estando en el poder otro y, sin rubor, sigan \u201csirviendo\u201d a la sociedad desde los cargos p\u00fablicos.<\/p>\n<p style=\"text-align: center;\"><strong>TURBULENCIAS<br \/>\nNegocia PAN fuera del Senado: Barbosa<\/strong><\/p>\n<p>El coordinador del PRD en el Senado, <strong>Miguel Barbosa<\/strong>, acus\u00f3 al PRI y al PAN de negociar modificaciones a los cuatro dict\u00e1menes de las leyes secundarias de la reforma energ\u00e9tica fuera del Senado pues eso revela que la votaci\u00f3n se realizar\u00e1 el mi\u00e9rcoles y no el martes como se hab\u00eda anunciado&#8230;<strong>Martha Alicia Escamilla<\/strong>, presidenta de la Comisi\u00f3n de Turismo del Congreso local de Oaxaca, pidi\u00f3 al gobierno del estado garantizar la tranquilidad a propios y extra\u00f1os durante la presentaci\u00f3n de la Guelaguetza y que sea una fiesta de los y para los oaxaque\u00f1os, y no para una \u00e9lite pol\u00edtica; y como \u00e9lite pol\u00edtica se entiende a los empleados y funcionarios que \u201cdeterminan\u201d qui\u00e9nes tienen derecho y qui\u00e9nes no a presenciar la fiesta&#8230;<strong>Miguel Romo<\/strong>,el delegado perredista en la Miguel Hidalgo, no s\u00f3lo dio el permiso a la actriz <strong>Claudia Cervantes Hinojosa<\/strong> para utilizar la Rotonda de los Hombres Ilustres en el Pante\u00f3n de Dolores para su fiesta de cumplea\u00f1os, sino le dio todas las facilidades como parte de su precampa\u00f1a para diputado federal&#8230;.Ayer el rector de la UAEM, <strong>Jorge Olvera Garc\u00eda<\/strong> firm\u00f3 en Santiago un Acuerdo de Intercambio Estudiantil y Memorando de Cooperaci\u00f3n con el rector de la Universidad de Chile,<strong> Ennio<\/strong> <strong>Vivaldi V\u00e9jar<\/strong>, de donde 20 de los 38 presidentes chilenos egresaron, y se ubica dentro de las primeras 225 del mundo, sexta a nivel latinoamericano y 7o lugar en el ranking de universidades latinoamericanas del Consejo Superior de Investigaciones Cient\u00edficas de Espa\u00f1a (CSIC); tambi\u00e9n suscribi\u00f3 el Acuerdo de Movilidad y Memor\u00e1ndum de Entendimiento con el rector <strong>Ernesto Schiefelbein<\/strong> <strong>Fuenzalida<\/strong>, de la Universidad Aut\u00f3noma de Chile; ambos documentos impulsar\u00e1n la movilidad estudiantil de licenciatura y posgrado, de profesores e investigadores y desarrollar proyectos productivos, de colaboraci\u00f3n, investigaci\u00f3n, intercambio y arbitraje de programas de pregrado, posgrado, publicaciones cient\u00edficas y otros materiales&#8230;<\/p>\n<p><em><a href=\"http:\/\/www.revista-brecha.com\/\" target=\"_blank\">www.revista-brecha.com<br \/>\n<\/a><a href=\"mailto:vidanacional@yahoo.com.mx\" target=\"_blank\">vidanacional@yahoo.com.mx<\/a><\/em><\/p>\n<p>&nbsp;<\/p>\n","protected":false},"excerpt":{"rendered":"<p><span style=\"color: #005497;\"><strong>\u00c1ngel Soriano<\/strong><\/span><\/p>\n","protected":false},"author":3,"featured_media":0,"comment_status":"open","ping_status":"open","sticky":false,"template":"","format":"standard","meta":{"_monsterinsights_skip_tracking":false,"_monsterinsights_sitenote_active":false,"_monsterinsights_sitenote_note":"","_monsterinsights_sitenote_category":0,"footnotes":""},"categories":[135],"tags":[85,86,43674],"class_list":["post-181997","post","type-post","status-publish","format-standard","hentry","category-angel-soriano-opinion","tag-angel-soriano","tag-desde-el-portal","tag-opinion"],"_links":{"self":[{"href":"https:\/\/www.diarioimagen.net\/index.php?rest_route=\/wp\/v2\/posts\/181997","targetHints":{"allow":["GET"]}}],"collection":[{"href":"https:\/\/www.diarioimagen.net\/index.php?rest_route=\/wp\/v2\/posts"}],"about":[{"href":"https:\/\/www.diarioimagen.net\/index.php?rest_route=\/wp\/v2\/types\/post"}],"author":[{"embeddable":true,"href":"https:\/\/www.diarioimagen.net\/index.php?rest_route=\/wp\/v2\/users\/3"}],"replies":[{"embeddable":true,"href":"https:\/\/www.diarioimagen.net\/index.php?rest_route=%2Fwp%2Fv2%2Fcomments&post=181997"}],"version-history":[{"count":0,"href":"https:\/\/www.diarioimagen.net\/index.php?rest_route=\/wp\/v2\/posts\/181997\/revisions"}],"wp:attachment":[{"href":"https:\/\/www.diarioimagen.net\/index.php?rest_route=%2Fwp%2Fv2%2Fmedia&parent=181997"}],"wp:term":[{"taxonomy":"category","embeddable":true,"href":"https:\/\/www.diarioimagen.net\/index.php?rest_route=%2Fwp%2Fv2%2Fcategories&post=181997"},{"taxonomy":"post_tag","embeddable":true,"href":"https:\/\/www.diarioimagen.net\/index.php?rest_route=%2Fwp%2Fv2%2Ftags&post=181997"}],"curies":[{"name":"wp","href":"https:\/\/api.w.org\/{rel}","templated":true}]}}