{"id":182022,"date":"2014-07-15T00:09:25","date_gmt":"2014-07-15T05:09:25","guid":{"rendered":"http:\/\/www.diarioimagen.net\/?p=182022"},"modified":"2014-07-15T03:35:55","modified_gmt":"2014-07-15T08:35:55","slug":"metro-rinde-homenaje-a-federico-campbell","status":"publish","type":"post","link":"https:\/\/www.diarioimagen.net\/?p=182022","title":{"rendered":"Metro rinde homenaje a Federico Campbell"},"content":{"rendered":"<ul>\n<li><strong><em>En la L\u00ednea 9 ya da servicio el convoy n\u00famero 12 que el STC ha rehabilitado en el presente a\u00f1o<\/em><\/strong><\/li>\n<\/ul>\n<div id=\"attachment_182064\" style=\"width: 250px\" class=\"wp-caption alignleft\"><a href=\"http:\/\/www.diarioimagen.net\/wp-content\/uploads\/2014\/07\/METRO-2399.jpg\"><img loading=\"lazy\" decoding=\"async\" aria-describedby=\"caption-attachment-182064\" class=\"size-medium wp-image-182064\" src=\"http:\/\/www.diarioimagen.net\/wp-content\/uploads\/2014\/07\/METRO-2399-240x161.jpg\" alt=\"El convoy n\u00famero 12 que rehabilit\u00f3 el STC Metro ya opera nuevamente.\" width=\"240\" height=\"161\" srcset=\"https:\/\/www.diarioimagen.net\/wp-content\/uploads\/2014\/07\/METRO-2399-240x161.jpg 240w, https:\/\/www.diarioimagen.net\/wp-content\/uploads\/2014\/07\/METRO-2399-420x282.jpg 420w, https:\/\/www.diarioimagen.net\/wp-content\/uploads\/2014\/07\/METRO-2399.jpg 500w\" sizes=\"auto, (max-width: 240px) 100vw, 240px\" \/><\/a><p id=\"caption-attachment-182064\" class=\"wp-caption-text\">El convoy n\u00famero 12 que rehabilit\u00f3 el STC Metro ya opera nuevamente.<\/p><\/div>\n<p>El tren recuperado n\u00famero 12 del Sistema de Transporte Colectivo (STC) Metro que lleva el nombre de Federico Campbell, en honor al escritor tijuanense que falleci\u00f3 este a\u00f1o, se reincorpor\u00f3 al servicio en la L\u00ednea 9.<\/p>\n<p>As\u00ed lo dio a conocer el STC, tras recordar que el convoy rinde homenaje p\u00f3stumo al destacado periodista, editor y ensayista mexicano, quien dej\u00f3 este mundo el 15 de febrero pasado.<\/p>\n<p>El tren motrices M0510\/\u00adM0482 es uno de los 25 trenes modelo NM-83B, adquiridos por el STC en los a\u00f1os de 1986 a 1989 y uno de los 29 trenes asignados a la L\u00ednea 9, que va de Pantitl\u00e1n a Tacubaya.<\/p>\n<p>Sobre las labores de rehabilitaci\u00f3n, el Metro precis\u00f3 que se le instalaron tres bancos de bater\u00edas nuevos, de los 285 adquiridos recientemente, equipo indispensable para garantizar la correcta circulaci\u00f3n de este convoy.<\/p>\n<p>Tambi\u00e9n se le hizo revisi\u00f3n general, que es un proceso integral de mantenimiento de sus partes, y el repintado de la carrocer\u00eda, lo cual represent\u00f3 un costo total de 18 millones 580 mil 962 pesos. Con esta inversi\u00f3n, el Metro suma cerca de 120 millones de pesos de recursos para la rehabilitaci\u00f3n de trenes.<\/p>\n<p>Con el tren Federico Campbell en circulaci\u00f3n, el total de trenes recuperados suman 12 que ya circulan uno en la L\u00ednea 3; dos en la 5; uno en la 7; uno en la 8; dos en la 9; tres en la A y dos en la B.<\/p>\n<p>Adem\u00e1s se alcanza el 54.5 por ciento de avance en la meta programada por las autoridades del gobierno del Distrito Federal de incorporar para este a\u00f1o otros 22 trenes.<\/p>\n<p>Actualmente, la L\u00ednea 9, Pantitl\u00e1n- Tacubaya, tiene una afluencia de 354 mil usuarios en promedio en d\u00eda h\u00e1bil, destac\u00f3 el Metro, al precisar que con este tren en el servicio de la zona oriente del Distrito Federal, la capacidad de traslado de usuarios alcanza la cifra de un mill\u00f3n 250 mil pasajeros.<\/p>\n","protected":false},"excerpt":{"rendered":"<p>El tren recuperado n\u00famero 12 del Sistema de Transporte Colectivo (STC) Metro que lleva el nombre de Federico Campbell, en honor al escritor tijuanense que falleci\u00f3 este a\u00f1o, se reincorpor\u00f3 al servicio en la L\u00ednea 9.<\/p>\n","protected":false},"author":3,"featured_media":182064,"comment_status":"open","ping_status":"open","sticky":false,"template":"","format":"standard","meta":{"_monsterinsights_skip_tracking":false,"_monsterinsights_sitenote_active":false,"_monsterinsights_sitenote_note":"","_monsterinsights_sitenote_category":0,"footnotes":""},"categories":[6],"tags":[204,30532,22932,163],"class_list":["post-182022","post","type-post","status-publish","format-standard","has-post-thumbnail","hentry","category-cd-de-mexico","tag-ciudad-de-mexico","tag-federico-campbell","tag-homenaje","tag-metro"],"_links":{"self":[{"href":"https:\/\/www.diarioimagen.net\/index.php?rest_route=\/wp\/v2\/posts\/182022","targetHints":{"allow":["GET"]}}],"collection":[{"href":"https:\/\/www.diarioimagen.net\/index.php?rest_route=\/wp\/v2\/posts"}],"about":[{"href":"https:\/\/www.diarioimagen.net\/index.php?rest_route=\/wp\/v2\/types\/post"}],"author":[{"embeddable":true,"href":"https:\/\/www.diarioimagen.net\/index.php?rest_route=\/wp\/v2\/users\/3"}],"replies":[{"embeddable":true,"href":"https:\/\/www.diarioimagen.net\/index.php?rest_route=%2Fwp%2Fv2%2Fcomments&post=182022"}],"version-history":[{"count":0,"href":"https:\/\/www.diarioimagen.net\/index.php?rest_route=\/wp\/v2\/posts\/182022\/revisions"}],"wp:featuredmedia":[{"embeddable":true,"href":"https:\/\/www.diarioimagen.net\/index.php?rest_route=\/wp\/v2\/media\/182064"}],"wp:attachment":[{"href":"https:\/\/www.diarioimagen.net\/index.php?rest_route=%2Fwp%2Fv2%2Fmedia&parent=182022"}],"wp:term":[{"taxonomy":"category","embeddable":true,"href":"https:\/\/www.diarioimagen.net\/index.php?rest_route=%2Fwp%2Fv2%2Fcategories&post=182022"},{"taxonomy":"post_tag","embeddable":true,"href":"https:\/\/www.diarioimagen.net\/index.php?rest_route=%2Fwp%2Fv2%2Ftags&post=182022"}],"curies":[{"name":"wp","href":"https:\/\/api.w.org\/{rel}","templated":true}]}}