{"id":182107,"date":"2014-07-16T00:04:23","date_gmt":"2014-07-16T05:04:23","guid":{"rendered":"http:\/\/www.diarioimagen.net\/?p=182107"},"modified":"2014-07-17T05:49:20","modified_gmt":"2014-07-17T10:49:20","slug":"humberto-mayans-canabal-atendera-migracion-en-el-sur","status":"publish","type":"post","link":"https:\/\/www.diarioimagen.net\/?p=182107","title":{"rendered":"Humberto Mayans Canabal atender\u00e1 migraci\u00f3n en el sur"},"content":{"rendered":"<ul>\n<li><em><strong>Lo nombran coordinador para atender la emergencia humanitaria en la frontera\n<p><\/strong><\/em><\/li>\n<\/ul>\n<div id=\"attachment_182108\" style=\"width: 250px\" class=\"wp-caption alignleft\"><a href=\"http:\/\/www.diarioimagen.net\/wp-content\/uploads\/2014\/07\/HUMBERTO-PORTAL.jpg\"><img loading=\"lazy\" decoding=\"async\" aria-describedby=\"caption-attachment-182108\" class=\"size-medium wp-image-182108\" src=\"http:\/\/www.diarioimagen.net\/wp-content\/uploads\/2014\/07\/HUMBERTO-PORTAL-240x135.jpg\" alt=\"Fue el secretario de Gobernaci\u00f3n, Miguel \u00c1ngel Osorio Chong, el encargado de presentar a Humberto Mayans Canabal como coordinador para la Atenci\u00f3n Integral de la Migraci\u00f3n en la Frontera Sur.\" width=\"240\" height=\"135\" srcset=\"https:\/\/www.diarioimagen.net\/wp-content\/uploads\/2014\/07\/HUMBERTO-PORTAL-240x135.jpg 240w, https:\/\/www.diarioimagen.net\/wp-content\/uploads\/2014\/07\/HUMBERTO-PORTAL-420x236.jpg 420w, https:\/\/www.diarioimagen.net\/wp-content\/uploads\/2014\/07\/HUMBERTO-PORTAL-235x132.jpg 235w, https:\/\/www.diarioimagen.net\/wp-content\/uploads\/2014\/07\/HUMBERTO-PORTAL-202x114.jpg 202w, https:\/\/www.diarioimagen.net\/wp-content\/uploads\/2014\/07\/HUMBERTO-PORTAL-350x196.jpg 350w, https:\/\/www.diarioimagen.net\/wp-content\/uploads\/2014\/07\/HUMBERTO-PORTAL-220x123.jpg 220w, https:\/\/www.diarioimagen.net\/wp-content\/uploads\/2014\/07\/HUMBERTO-PORTAL-237x132.jpg 237w, https:\/\/www.diarioimagen.net\/wp-content\/uploads\/2014\/07\/HUMBERTO-PORTAL.jpg 480w\" sizes=\"auto, (max-width: 240px) 100vw, 240px\" \/><\/a><p id=\"caption-attachment-182108\" class=\"wp-caption-text\">Fue el secretario de Gobernaci\u00f3n, Miguel \u00c1ngel Osorio Chong, el encargado de presentar a Humberto Mayans Canabal como coordinador para la Atenci\u00f3n Integral de la Migraci\u00f3n en la Frontera Sur.<\/p><\/div>\n<p>Humberto Mayans Canabal fue designado coordinador para la Atenci\u00f3n Integral de la Migraci\u00f3n en la Frontera Sur. Ser\u00e1 el encargado de las acciones que se realicen en esa regi\u00f3n para la atenci\u00f3n de los migrantes que cruzan al territorio nacional.<\/p>\n<p>El secretario de Gobernaci\u00f3n, Miguel \u00c1ngel Osorio Chong, inform\u00f3 que trav\u00e9s de un decreto presidencial se cre\u00f3 esta coordinaci\u00f3n como un \u00f3rgano desconcentrado de la Secretar\u00eda de Gobernaci\u00f3n que trabajar\u00e1 en coordinaci\u00f3n con los gobiernos estatales, municipales y organismos de la sociedad civil.<\/p>\n<p>Mayans Canabal, quien se desempe\u00f1aba como senador de la Rep\u00fablica, cargo al que solicit\u00f3 licencia, fue presentado en conferencia de prensa. Dijo que su encargo estar\u00e1 basado en \u201catender la emergencia humanitaria e incrementar la capacidad de repuesta del Estado mexicano en todos los \u00f3rdenes de una manera integrada para lograr un espacio de estabilidad y gobernabilidad\u201d en la frontera sur. Osorio Chong record\u00f3 que el pasado 7 de julio se dio a conocer el programa Frontera Sur con el objetivo de fortalecer la pol\u00edtica de Estado en materia migratoria.<\/p>\n<p>Por su parte, el Consejo Ciudadano del Instituto Nacional de Migraci\u00f3n (INM) propuso a las secretar\u00edas de Gobernaci\u00f3n y de Relaciones Exteriores disminuir los requisitos para que los migrantes obtengan, con mayor facilidad, una visa para realizar actividades remuneradas en M\u00e9xico. El objetivo es evitar que contin\u00faen en un viaje clandestino y peligroso hacia el norte. Adem\u00e1s, generar alternativas a la detenci\u00f3n (o alojamiento) de migrantes, en particular para los menores de edad.<\/p>\n","protected":false},"excerpt":{"rendered":"<p>Humberto Mayans Canabal fue designado coordinador para la Atenci\u00f3n Integral de la Migraci\u00f3n en la Frontera Sur. Ser\u00e1 el encargado de las acciones que se realicen en esa regi\u00f3n para la atenci\u00f3n de los migrantes que cruzan al territorio nacional.<\/p>\n","protected":false},"author":5,"featured_media":182108,"comment_status":"open","ping_status":"open","sticky":false,"template":"","format":"standard","meta":{"_monsterinsights_skip_tracking":false,"_monsterinsights_sitenote_active":false,"_monsterinsights_sitenote_note":"","_monsterinsights_sitenote_category":0,"footnotes":""},"categories":[3],"tags":[10826,3676],"class_list":["post-182107","post","type-post","status-publish","format-standard","has-post-thumbnail","hentry","category-nacional","tag-humberto-mayans-canabal","tag-miguel-angel-osorio-chong"],"_links":{"self":[{"href":"https:\/\/www.diarioimagen.net\/index.php?rest_route=\/wp\/v2\/posts\/182107","targetHints":{"allow":["GET"]}}],"collection":[{"href":"https:\/\/www.diarioimagen.net\/index.php?rest_route=\/wp\/v2\/posts"}],"about":[{"href":"https:\/\/www.diarioimagen.net\/index.php?rest_route=\/wp\/v2\/types\/post"}],"author":[{"embeddable":true,"href":"https:\/\/www.diarioimagen.net\/index.php?rest_route=\/wp\/v2\/users\/5"}],"replies":[{"embeddable":true,"href":"https:\/\/www.diarioimagen.net\/index.php?rest_route=%2Fwp%2Fv2%2Fcomments&post=182107"}],"version-history":[{"count":0,"href":"https:\/\/www.diarioimagen.net\/index.php?rest_route=\/wp\/v2\/posts\/182107\/revisions"}],"wp:featuredmedia":[{"embeddable":true,"href":"https:\/\/www.diarioimagen.net\/index.php?rest_route=\/wp\/v2\/media\/182108"}],"wp:attachment":[{"href":"https:\/\/www.diarioimagen.net\/index.php?rest_route=%2Fwp%2Fv2%2Fmedia&parent=182107"}],"wp:term":[{"taxonomy":"category","embeddable":true,"href":"https:\/\/www.diarioimagen.net\/index.php?rest_route=%2Fwp%2Fv2%2Fcategories&post=182107"},{"taxonomy":"post_tag","embeddable":true,"href":"https:\/\/www.diarioimagen.net\/index.php?rest_route=%2Fwp%2Fv2%2Ftags&post=182107"}],"curies":[{"name":"wp","href":"https:\/\/api.w.org\/{rel}","templated":true}]}}