{"id":182138,"date":"2014-07-16T00:06:45","date_gmt":"2014-07-16T05:06:45","guid":{"rendered":"http:\/\/www.diarioimagen.net\/?p=182138"},"modified":"2014-07-17T05:49:11","modified_gmt":"2014-07-17T10:49:11","slug":"edomex-fortalece-desarrollo-de-ninos-y-jovenes-eruviel-avila","status":"publish","type":"post","link":"https:\/\/www.diarioimagen.net\/?p=182138","title":{"rendered":"Edomex fortalece desarrollo de ni\u00f1os y j\u00f3venes: Eruviel \u00c1vila"},"content":{"rendered":"<ul>\n<li><strong><em>El mandatario entreg\u00f3 en el Centro Cultural Bicentenario los premios a ganadores del concurso <\/em>Cantemos Juntos Yo soy Mexiquense<\/strong><\/li>\n<\/ul>\n<div id=\"attachment_182174\" style=\"width: 430px\" class=\"wp-caption aligncenter\"><a href=\"http:\/\/www.diarioimagen.net\/wp-content\/uploads\/2014\/07\/eruviel-2400.jpg\"><img loading=\"lazy\" decoding=\"async\" aria-describedby=\"caption-attachment-182174\" class=\"size-large wp-image-182174\" src=\"http:\/\/www.diarioimagen.net\/wp-content\/uploads\/2014\/07\/eruviel-2400-420x232.jpg\" alt=\"El gobierno del Estado de M\u00e9xico apuesta a la cultura y el arte como una oportunidad para fortalecer los lazos de amistad y la convivencia familiar de ni\u00f1os y j\u00f3venes, as\u00ed como para alejarlos de la delincuencia, se\u00f1al\u00f3 el gobernador Eruviel \u00c1vila Villegas, quien invit\u00f3 a los 4 millones 300 mil alumnos mexiquenses a aprovechar este periodo vacacional para practicar alg\u00fan deporte y prepararse para el regreso a clases.\" width=\"420\" height=\"232\" srcset=\"https:\/\/www.diarioimagen.net\/wp-content\/uploads\/2014\/07\/eruviel-2400-420x232.jpg 420w, https:\/\/www.diarioimagen.net\/wp-content\/uploads\/2014\/07\/eruviel-2400-240x132.jpg 240w, https:\/\/www.diarioimagen.net\/wp-content\/uploads\/2014\/07\/eruviel-2400-220x123.jpg 220w, https:\/\/www.diarioimagen.net\/wp-content\/uploads\/2014\/07\/eruviel-2400-237x132.jpg 237w, https:\/\/www.diarioimagen.net\/wp-content\/uploads\/2014\/07\/eruviel-2400.jpg 1200w\" sizes=\"auto, (max-width: 420px) 100vw, 420px\" \/><\/a><p id=\"caption-attachment-182174\" class=\"wp-caption-text\">El gobierno del Estado de M\u00e9xico apuesta a la cultura y el arte como una oportunidad para fortalecer los lazos de amistad y la convivencia familiar de ni\u00f1os y j\u00f3venes, as\u00ed como para alejarlos de la delincuencia, se\u00f1al\u00f3 el gobernador Eruviel \u00c1vila Villegas, quien invit\u00f3 a los 4 millones 300 mil alumnos mexiquenses a aprovechar este periodo vacacional para practicar alg\u00fan deporte y prepararse para el regreso a clases.<\/p><\/div>\n<p><strong>Texcoco, Estado de M\u00e9xico<\/strong>.- El Centro Cultural Mexiquense Bicentenario fue la sede de la Gran Gala para escuchar a los ni\u00f1os y j\u00f3venes estudiantes de todos los niveles educativos, ganadores del concurso <em>Cantemos Juntos Yo Soy Mexiquense<\/em>, quienes entonaron junto con la Orquesta Sinf\u00f3nica de la entidad, este tema musical que da identidad al Estado de M\u00e9xico, y en donde el gobernador Eruviel \u00c1vila Villegas afirm\u00f3 que su administraci\u00f3n apuesta a la cultura y al arte como una oportunidad para fortalecer los lazos de amistad y la convivencia familiar, as\u00ed como alejarlos de la delincuencia.<\/p>\n<p>En el concurso participaron 39 mil alumnos de 2 mil 517 escuelas, conformando 3 mil 218 equipos participantes. Los ganadores del primero, segundo y tercer lugares, recibieron 100 mil, 75 mil y 50 mil pesos, respectivamente, adem\u00e1s de una computadora, y a las escuelas se les apoyar\u00e1 con un laboratorio de c\u00f3mputo con internet gratuito.<\/p>\n<p>\u201cLa cultura es una oportunidad para fortalecer los lazos de amistad, para fortalecer la convivencia entre familias, para poder comunicarnos, como ven ahorita, aqu\u00ed estamos todos unidos por la cultura, por las artes, por la m\u00fasica, por estas ni\u00f1as, por estos ni\u00f1os que son nuestra raz\u00f3n de ser, y por quienes vamos a seguir trabajando con mucho cari\u00f1o, con mucho entusiasmo\u201d expres\u00f3 el gobernador.<\/p>\n<p>En este sentido, el compositor Gil Rivera, quien particip\u00f3 como jurado del concurso, expres\u00f3 que la calidad de un pueblo se puede medir por su trato a los sectores m\u00e1s desprotegidos y la grandeza de un gobierno se mide por la calidad de acercar la cultura a todos los sectores, como lo hace el Gobierno del Estado de M\u00e9xico que encabeza Eruviel \u00c1vila.<\/p>\n<p>Dijo que el concurso \u201cCantemos Todos Yo Soy Mexiquense\u201d, del compositor Gustavo Far\u00edas, es un est\u00edmulo al arte, y destac\u00f3 que todos los participantes demostraron un gran profesionalismo porque cantaron con el orgullo de ser mexiquenses.<\/p>\n<p>Por otra parte, el Ejecutivo estatal invit\u00f3 a los 4 millones 300 mil alumnos mexiquenses que este d\u00eda salen de vacaciones, a aprovechar este periodo vacacional para practicar alg\u00fan deporte y preparase muy bien para el regreso a clases.<\/p>\n<p>Adem\u00e1s, reiter\u00f3 que su administraci\u00f3n continuar\u00e1 trabajando para fortalecer las 10 Acciones por la Educaci\u00f3n, en donde al inicio del nuevo ciclo escolar, que ser\u00e1 el 18 de agosto, se entregar\u00e1n los paquetes de \u00fatiles escolares, as\u00ed como las tabletas electr\u00f3nicas para todos los ni\u00f1os de quinto grado, para empezar a acercar a las nuevas tecnolog\u00edas a estos peque\u00f1os, y continuar\u00e1n las becas al extranjero para los mejores estudiantes de universidad, entre otros apoyos y est\u00edmulos.<\/p>\n","protected":false},"excerpt":{"rendered":"<p> El Centro Cultural Mexiquense Bicentenario fue la sede de la Gran Gala para escuchar a los ni\u00f1os y j\u00f3venes estudiantes de todos los niveles educativos, ganadores del concurso Cantemos Juntos Yo Soy Mexiquense, quienes entonaron junto con la Orquesta Sinf\u00f3nica de la entidad, este tema musical que da identidad al Estado de M\u00e9xico, y en donde el gobernador Eruviel \u00c1vila Villegas afirm\u00f3 que su administraci\u00f3n apuesta a la cultura y al arte como una oportunidad para fortalecer los lazos de amistad y la convivencia familiar, as\u00ed como alejarlos de la delincuencia.<\/p>\n","protected":false},"author":3,"featured_media":182174,"comment_status":"open","ping_status":"open","sticky":false,"template":"","format":"standard","meta":{"_monsterinsights_skip_tracking":false,"_monsterinsights_sitenote_active":false,"_monsterinsights_sitenote_note":"","_monsterinsights_sitenote_category":0,"footnotes":""},"categories":[5],"tags":[5828,43675,540],"class_list":["post-182138","post","type-post","status-publish","format-standard","has-post-thumbnail","hentry","category-estado-de-mexico","tag-eruviel-avila-villegas","tag-estado-de-mexico","tag-texcoco"],"_links":{"self":[{"href":"https:\/\/www.diarioimagen.net\/index.php?rest_route=\/wp\/v2\/posts\/182138","targetHints":{"allow":["GET"]}}],"collection":[{"href":"https:\/\/www.diarioimagen.net\/index.php?rest_route=\/wp\/v2\/posts"}],"about":[{"href":"https:\/\/www.diarioimagen.net\/index.php?rest_route=\/wp\/v2\/types\/post"}],"author":[{"embeddable":true,"href":"https:\/\/www.diarioimagen.net\/index.php?rest_route=\/wp\/v2\/users\/3"}],"replies":[{"embeddable":true,"href":"https:\/\/www.diarioimagen.net\/index.php?rest_route=%2Fwp%2Fv2%2Fcomments&post=182138"}],"version-history":[{"count":0,"href":"https:\/\/www.diarioimagen.net\/index.php?rest_route=\/wp\/v2\/posts\/182138\/revisions"}],"wp:featuredmedia":[{"embeddable":true,"href":"https:\/\/www.diarioimagen.net\/index.php?rest_route=\/wp\/v2\/media\/182174"}],"wp:attachment":[{"href":"https:\/\/www.diarioimagen.net\/index.php?rest_route=%2Fwp%2Fv2%2Fmedia&parent=182138"}],"wp:term":[{"taxonomy":"category","embeddable":true,"href":"https:\/\/www.diarioimagen.net\/index.php?rest_route=%2Fwp%2Fv2%2Fcategories&post=182138"},{"taxonomy":"post_tag","embeddable":true,"href":"https:\/\/www.diarioimagen.net\/index.php?rest_route=%2Fwp%2Fv2%2Ftags&post=182138"}],"curies":[{"name":"wp","href":"https:\/\/api.w.org\/{rel}","templated":true}]}}