{"id":182141,"date":"2014-07-16T00:13:28","date_gmt":"2014-07-16T05:13:28","guid":{"rendered":"http:\/\/www.diarioimagen.net\/?p=182141"},"modified":"2014-07-16T03:32:08","modified_gmt":"2014-07-16T08:32:08","slug":"contra-la-delincuencia-arte-y-cultura","status":"publish","type":"post","link":"https:\/\/www.diarioimagen.net\/?p=182141","title":{"rendered":"Contra la delincuencia, arte y cultura"},"content":{"rendered":"<h2>Arco Norte<\/h2>\n<h5>Jos\u00e9 Luis Monta\u00f1ez Aguilar<\/h5>\n<p>&nbsp;<\/p>\n<div id=\"attachment_182176\" style=\"width: 250px\" class=\"wp-caption alignleft\"><a href=\"http:\/\/www.diarioimagen.net\/wp-content\/uploads\/2014\/07\/arco-2400.jpg\"><img loading=\"lazy\" decoding=\"async\" aria-describedby=\"caption-attachment-182176\" class=\"size-medium wp-image-182176\" src=\"http:\/\/www.diarioimagen.net\/wp-content\/uploads\/2014\/07\/arco-2400-240x135.jpg\" alt=\"El Gobierno del Estado de M\u00e9xico apuesta a la cultura y el arte como una oportunidad para fortalecer los lazos de amistad y la convivencia familiar de ni\u00f1os y j\u00f3venes, as\u00ed como para alejarlos de la delincuencia, afirm\u00f3 el gobernador Eruviel \u00c1vila Villegas, durante la Gran Gala de la entrega de premios del concurso Cantemos Juntos Yo Soy Mexiquense.\" width=\"240\" height=\"135\" srcset=\"https:\/\/www.diarioimagen.net\/wp-content\/uploads\/2014\/07\/arco-2400-240x135.jpg 240w, https:\/\/www.diarioimagen.net\/wp-content\/uploads\/2014\/07\/arco-2400-420x236.jpg 420w, https:\/\/www.diarioimagen.net\/wp-content\/uploads\/2014\/07\/arco-2400-235x132.jpg 235w, https:\/\/www.diarioimagen.net\/wp-content\/uploads\/2014\/07\/arco-2400-202x114.jpg 202w, https:\/\/www.diarioimagen.net\/wp-content\/uploads\/2014\/07\/arco-2400-350x196.jpg 350w, https:\/\/www.diarioimagen.net\/wp-content\/uploads\/2014\/07\/arco-2400-220x123.jpg 220w, https:\/\/www.diarioimagen.net\/wp-content\/uploads\/2014\/07\/arco-2400-237x132.jpg 237w, https:\/\/www.diarioimagen.net\/wp-content\/uploads\/2014\/07\/arco-2400.jpg 480w\" sizes=\"auto, (max-width: 240px) 100vw, 240px\" \/><\/a><p id=\"caption-attachment-182176\" class=\"wp-caption-text\">El Gobierno del Estado de M\u00e9xico apuesta a la cultura y el arte como una oportunidad para fortalecer los lazos de amistad y la convivencia familiar de ni\u00f1os y j\u00f3venes, as\u00ed como para alejarlos de la delincuencia, afirm\u00f3 el gobernador Eruviel \u00c1vila Villegas, durante la Gran Gala de la entrega de premios del concurso Cantemos Juntos Yo Soy Mexiquense.<\/p><\/div>\n<p>El gobernador Eruviel \u00c1vila Villegas se\u00f1al\u00f3 que su administraci\u00f3n apuesta a la cultura y el arte como una oportunidad para fortalecer los lazos de amistad y la convivenvia familiar, para evitar que ni\u00f1os y j\u00f3venes caigan en manos de la delincuencia. En el Centro Cultural Mexiquense Bicentenario, el gobernador asisiti\u00f3 a la Gran Gala donde ni\u00f1os y j\u00f3venes, estudiantes de todos los niveles educativos, ganadores del concurso \u201cCantemos Juntos Yo Soy Mexiquense\u201d, entonaron la canci\u00f3n junto con la Orquesta Sinf\u00f3nica del Estado de M\u00e9xico. En el concurso participaron 39 mil alumnos de 2 mil 517 escuelas, conformando 3 mil 218 equipos participantes. Los ganadores del primero, segundo y tercer lugares, recibieron 100 mil, 75 mil y 50 mil pesos, respectivamente, adem\u00e1s de una computadora, y a las escuelas se les apoyar\u00e1 con un laboratorio de c\u00f3mputo con internet gratuito. \u201cLa cultura es una oportunidad para fortalecer los lazos de amistad, para la convivencia entre familias, para poder comunicarnos, como ven ahorita, aqu\u00ed estamos todos unidos por la cultura, por las artes, por la m\u00fasica, por estas ni\u00f1as, por estos ni\u00f1os que son nuestra raz\u00f3n de ser, y por quienes vamos a seguir trabajando con mucho cari\u00f1o, con entusiasmo\u201d expres\u00f3 el gobernador. En este sentido, el compositor Gil Rivera, quien particip\u00f3 como presidente del jurado calificador del concurso, expres\u00f3 que la calidad de un pueblo se puede medir por su trato a los sectores m\u00e1s desprotegidos y la grandeza de un gobierno se mide por la calidad de acercar la cultura a todos los sectores, como lo hace el gobierno del Estado de M\u00e9xico que encabeza Eruviel \u00c1vila Villegas.<\/p>\n<p><em><a href=\"mailto:montanezaguilar@gmail.com\" target=\"_blank\">montanezaguilar@gmail.com<\/a><\/em><\/p>\n","protected":false},"excerpt":{"rendered":"<p><span style=\"color: #005497;\"><strong>Jos\u00e9 Luis Monta\u00f1ez Aguilar<\/strong><\/span><br \/>\n<br \/>\nEl gobernador Eruviel \u00c1vila Villegas se\u00f1al\u00f3 que su administraci\u00f3n apuesta a la cultura y el arte como una oportunidad para fortalecer los lazos de amistad y la convivenvia familiar, para evitar que ni\u00f1os y j\u00f3venes caigan en manos de la delincuencia. En el Centro Cultural Mexiquense Bicentenario, el gobernador asisiti\u00f3 a la Gran Gala donde ni\u00f1os y j\u00f3venes, estudiantes de todos los niveles educativos, ganadores del concurso \u201cCantemos Juntos Yo Soy Mexiquense\u201d, entonaron la canci\u00f3n junto con la Orquesta Sinf\u00f3nica del Estado de M\u00e9xico.<\/p>\n","protected":false},"author":3,"featured_media":182176,"comment_status":"open","ping_status":"open","sticky":false,"template":"","format":"standard","meta":{"_monsterinsights_skip_tracking":false,"_monsterinsights_sitenote_active":false,"_monsterinsights_sitenote_note":"","_monsterinsights_sitenote_category":0,"footnotes":""},"categories":[5],"tags":[13284,43704,43674],"class_list":["post-182141","post","type-post","status-publish","format-standard","has-post-thumbnail","hentry","category-estado-de-mexico","tag-arco-norte","tag-jose-luis-montanez-aguilar","tag-opinion"],"_links":{"self":[{"href":"https:\/\/www.diarioimagen.net\/index.php?rest_route=\/wp\/v2\/posts\/182141","targetHints":{"allow":["GET"]}}],"collection":[{"href":"https:\/\/www.diarioimagen.net\/index.php?rest_route=\/wp\/v2\/posts"}],"about":[{"href":"https:\/\/www.diarioimagen.net\/index.php?rest_route=\/wp\/v2\/types\/post"}],"author":[{"embeddable":true,"href":"https:\/\/www.diarioimagen.net\/index.php?rest_route=\/wp\/v2\/users\/3"}],"replies":[{"embeddable":true,"href":"https:\/\/www.diarioimagen.net\/index.php?rest_route=%2Fwp%2Fv2%2Fcomments&post=182141"}],"version-history":[{"count":0,"href":"https:\/\/www.diarioimagen.net\/index.php?rest_route=\/wp\/v2\/posts\/182141\/revisions"}],"wp:featuredmedia":[{"embeddable":true,"href":"https:\/\/www.diarioimagen.net\/index.php?rest_route=\/wp\/v2\/media\/182176"}],"wp:attachment":[{"href":"https:\/\/www.diarioimagen.net\/index.php?rest_route=%2Fwp%2Fv2%2Fmedia&parent=182141"}],"wp:term":[{"taxonomy":"category","embeddable":true,"href":"https:\/\/www.diarioimagen.net\/index.php?rest_route=%2Fwp%2Fv2%2Fcategories&post=182141"},{"taxonomy":"post_tag","embeddable":true,"href":"https:\/\/www.diarioimagen.net\/index.php?rest_route=%2Fwp%2Fv2%2Ftags&post=182141"}],"curies":[{"name":"wp","href":"https:\/\/api.w.org\/{rel}","templated":true}]}}