{"id":182145,"date":"2014-07-16T00:08:11","date_gmt":"2014-07-16T05:08:11","guid":{"rendered":"http:\/\/www.diarioimagen.net\/?p=182145"},"modified":"2014-07-16T03:45:38","modified_gmt":"2014-07-16T08:45:38","slug":"restringen-transporte-de-carga-en-la-capital","status":"publish","type":"post","link":"https:\/\/www.diarioimagen.net\/?p=182145","title":{"rendered":"Restringen transporte de carga en la capital"},"content":{"rendered":"<ul>\n<li><strong><em>De 7 a 9 de la ma\u00f1ana<\/em><\/strong><\/li>\n<\/ul>\n<div id=\"attachment_182186\" style=\"width: 250px\" class=\"wp-caption alignleft\"><a href=\"http:\/\/www.diarioimagen.net\/wp-content\/uploads\/2014\/07\/MANCERA-2400.jpg\"><img loading=\"lazy\" decoding=\"async\" aria-describedby=\"caption-attachment-182186\" class=\"size-medium wp-image-182186\" src=\"http:\/\/www.diarioimagen.net\/wp-content\/uploads\/2014\/07\/MANCERA-2400-240x146.jpg\" alt=\"El jefe del GDF, Miguel \u00c1ngel Mancera, y los presidentes de Concamin, Canaco-Servytur y Canacar, al firmar un convenio de colaboraci\u00f3n que limita el tr\u00e1fico del transporte pesado.\" width=\"240\" height=\"146\" srcset=\"https:\/\/www.diarioimagen.net\/wp-content\/uploads\/2014\/07\/MANCERA-2400-240x146.jpg 240w, https:\/\/www.diarioimagen.net\/wp-content\/uploads\/2014\/07\/MANCERA-2400-420x256.jpg 420w, https:\/\/www.diarioimagen.net\/wp-content\/uploads\/2014\/07\/MANCERA-2400.jpg 500w\" sizes=\"auto, (max-width: 240px) 100vw, 240px\" \/><\/a><p id=\"caption-attachment-182186\" class=\"wp-caption-text\">El jefe del GDF, Miguel \u00c1ngel Mancera, y los presidentes de Concamin, Canaco-Servytur y Canacar, al firmar un convenio de colaboraci\u00f3n que limita el tr\u00e1fico del transporte pesado.<\/p><\/div>\n<p>El gobierno del Distrito Federal y las c\u00e1maras de comercio e industriales acordaron restringir la circulaci\u00f3n del transporte de carga de 7 a 9 de la ma\u00f1ana, de lunes a viernes, en las avenidas que conectan con los principales accesos carreteros a la ciudad.<\/p>\n<p>Al firmar un convenio de colaboraci\u00f3n con la Confederaci\u00f3n de C\u00e1maras Industriales (Concamin), C\u00e1mara Nacional de Comercio, Servicios y Turismo (Canaco-Servitur) y con la C\u00e1mara Nacional del Autotransporte de Carga (Canacar), el jefe de gobierno, Miguel \u00c1ngel Mancera Espinosa explic\u00f3 que dichas unidades no podr\u00e1n circular en el eje 1 Poniente, Vallejo, Ceyl\u00e1n, Cuitl\u00e1huac, Constituyentes, Calzada Zaragoza, Ermita Iztapalapa, Viaducto Tlalpan, Insurgentes Sur, Avenida 602, Ocean\u00eda, Autopista M\u00e9xico-Pachuca y un tramo de Insurgentes Norte.<\/p>\n<p>Asimismo, convinieron que los camiones, los cuales contribuyen con el 80 por ciento de las emisiones contaminantes en la zona metropolitana, no podr\u00e1n circular las 24 horas del d\u00eda, de lunes a domingo, en carriles centrales de Perif\u00e9rico, Circuito Interior y Viaducto, Insurgentes en el tramo comprendido de Eje 2 Norte, Manuel Gonz\u00e1lez a Eje 10 Sur, avenida Copilco; Eje Central hasta Eje 4 Sur, Xola, Eje 10 Norte, Manuel Gonz\u00e1lez.<\/p>\n<p>\u201cEn el caso espec\u00edfico de este corredor, aplica de lunes a s\u00e1bado de 6:00 a 23:00 horas, en avenida Paseo de la Reforma, en el Eje 3 Sur y en el Eje 4 Sur\u201d, indic\u00f3.<\/p>\n<p style=\"text-align: center;\"><strong>MAM da banderazo de salida a autobuses<\/strong><\/p>\n<p>Por otra parte, Miguel \u00c1ngel Mancera Espinosa, dio el banderazo de salida a los primeros 90 autobuses de un total de 900 que conforman la flota del programa \u201cSonrisas por tu Ciudad\u201d, que beneficiar\u00e1 a m\u00e1s de 52 mil capitalinos y capitalinas con recorridos tur\u00edsticos gratuitos durante este verano.<\/p>\n<p>En Plaza de la Rep\u00fablica, el mandatario capitalino sostuvo que esta iniciativa de turismo social se dise\u00f1\u00f3 y plante\u00f3 para fortalecer la vocaci\u00f3n incluyente de la Capital Social y ofrecer a los grupos con menos posibilidad la oportunidad de viajar por la ciudad de M\u00e9xico e inclusive por otros sitios tur\u00edsticos del pa\u00eds.<\/p>\n","protected":false},"excerpt":{"rendered":"<p>El gobierno del Distrito Federal y las c\u00e1maras de comercio e industriales acordaron restringir la circulaci\u00f3n del transporte de carga de 7 a 9 de la ma\u00f1ana, de lunes a viernes, en las avenidas que conectan con los principales accesos carreteros a la ciudad.<\/p>\n","protected":false},"author":3,"featured_media":182186,"comment_status":"open","ping_status":"open","sticky":false,"template":"","format":"standard","meta":{"_monsterinsights_skip_tracking":false,"_monsterinsights_sitenote_active":false,"_monsterinsights_sitenote_note":"","_monsterinsights_sitenote_category":0,"footnotes":""},"categories":[6],"tags":[204,5314],"class_list":["post-182145","post","type-post","status-publish","format-standard","has-post-thumbnail","hentry","category-cd-de-mexico","tag-ciudad-de-mexico","tag-miguel-angel-mancera-espinosa"],"_links":{"self":[{"href":"https:\/\/www.diarioimagen.net\/index.php?rest_route=\/wp\/v2\/posts\/182145","targetHints":{"allow":["GET"]}}],"collection":[{"href":"https:\/\/www.diarioimagen.net\/index.php?rest_route=\/wp\/v2\/posts"}],"about":[{"href":"https:\/\/www.diarioimagen.net\/index.php?rest_route=\/wp\/v2\/types\/post"}],"author":[{"embeddable":true,"href":"https:\/\/www.diarioimagen.net\/index.php?rest_route=\/wp\/v2\/users\/3"}],"replies":[{"embeddable":true,"href":"https:\/\/www.diarioimagen.net\/index.php?rest_route=%2Fwp%2Fv2%2Fcomments&post=182145"}],"version-history":[{"count":0,"href":"https:\/\/www.diarioimagen.net\/index.php?rest_route=\/wp\/v2\/posts\/182145\/revisions"}],"wp:featuredmedia":[{"embeddable":true,"href":"https:\/\/www.diarioimagen.net\/index.php?rest_route=\/wp\/v2\/media\/182186"}],"wp:attachment":[{"href":"https:\/\/www.diarioimagen.net\/index.php?rest_route=%2Fwp%2Fv2%2Fmedia&parent=182145"}],"wp:term":[{"taxonomy":"category","embeddable":true,"href":"https:\/\/www.diarioimagen.net\/index.php?rest_route=%2Fwp%2Fv2%2Fcategories&post=182145"},{"taxonomy":"post_tag","embeddable":true,"href":"https:\/\/www.diarioimagen.net\/index.php?rest_route=%2Fwp%2Fv2%2Ftags&post=182145"}],"curies":[{"name":"wp","href":"https:\/\/api.w.org\/{rel}","templated":true}]}}