{"id":182166,"date":"2014-07-16T00:05:31","date_gmt":"2014-07-16T05:05:31","guid":{"rendered":"http:\/\/www.diarioimagen.net\/?p=182166"},"modified":"2014-07-17T05:49:15","modified_gmt":"2014-07-17T10:49:15","slug":"epn-respalda-continuidad-de-herrera-en-seleccion-nacional","status":"publish","type":"post","link":"https:\/\/www.diarioimagen.net\/?p=182166","title":{"rendered":"EPN respalda continuidad de Herrera en selecci\u00f3n nacional"},"content":{"rendered":"<ul>\n<li><strong><em>El primer mandatario felicit\u00f3 a los jugadores por su desempe\u00f1o en la Copa del Mundo Brasil 2014 que puso en alto el nombre de M\u00e9xico<\/em><\/strong><\/li>\n<\/ul>\n<div id=\"attachment_182171\" style=\"width: 430px\" class=\"wp-caption aligncenter\"><a href=\"http:\/\/www.diarioimagen.net\/wp-content\/uploads\/2014\/07\/epn-2400.jpg\"><img loading=\"lazy\" decoding=\"async\" aria-describedby=\"caption-attachment-182171\" class=\"size-large wp-image-182171\" src=\"http:\/\/www.diarioimagen.net\/wp-content\/uploads\/2014\/07\/epn-2400-420x295.jpg\" alt=\"El presidente Enrique Pe\u00f1a Nieto\u00a0recibi\u00f3 en la residencia oficial de Los Pinos a la selecci\u00f3n mexicana de futbol, a quien felicit\u00f3 por su desempe\u00f1o en la Copa del Mundo Brasil 2014.\" width=\"420\" height=\"295\" srcset=\"https:\/\/www.diarioimagen.net\/wp-content\/uploads\/2014\/07\/epn-2400-420x295.jpg 420w, https:\/\/www.diarioimagen.net\/wp-content\/uploads\/2014\/07\/epn-2400-240x168.jpg 240w, https:\/\/www.diarioimagen.net\/wp-content\/uploads\/2014\/07\/epn-2400.jpg 1024w\" sizes=\"auto, (max-width: 420px) 100vw, 420px\" \/><\/a><p id=\"caption-attachment-182171\" class=\"wp-caption-text\">El presidente Enrique Pe\u00f1a Nieto\u00a0recibi\u00f3 en la residencia oficial de Los Pinos a la selecci\u00f3n mexicana de futbol, a quien felicit\u00f3 por su desempe\u00f1o en la Copa del Mundo Brasil 2014.<\/p><\/div>\n<p>El presidente Enrique Pe\u00f1a Nieto expres\u00f3 su benepl\u00e1cito con la Federaci\u00f3n Mexicana de Futbol (FMF) por ratificar a Miguel Herrera como t\u00e9cnico de la selecci\u00f3n nacional una vez concluido el Mundial de Brasil 2014.<\/p>\n<p>En la residencia oficial de Los Pinos, Pe\u00f1a Nieto recibi\u00f3 a los integrantes de la selecci\u00f3n mexicana, a quienes felicit\u00f3 por su desempe\u00f1o en la Copa del Mundo, por poner \u201cmuy en alto\u201d el nombre de M\u00e9xico y por las satisfacciones dadas a la afici\u00f3n.<\/p>\n<p>El jefe del Ejecutivo federal sostuvo que M\u00e9xico ya es un rival de clase mundial y a la altura de los mejores en futbol, pues record\u00f3 que al concluir la Copa del Mundo, el combinado mexicano se ubica entre los primeros 10 del mundo.<\/p>\n<p>Confi\u00f3 que la continuidad del \u201cPiojo\u201d se traduzca en buenos resultados en los pr\u00f3ximos torneos, \u201cporque desde hoy vamos a empezar a escribir la historia de M\u00e9xico de nuestra selecci\u00f3n nacional para Rusia 2018\u201d.<\/p>\n<p>Acompa\u00f1ado por integrantes de su gabinete, entre ellos los secretarios de la Defensa Nacional, Marina y Hacienda, as\u00ed como algunas de sus hijas, el mandatario federal se\u00f1al\u00f3 que como Presidente est\u00e1 muy orgulloso de la selecci\u00f3n nacional, toda vez que durante la justa mundialista \u201cnos representaron dignamente, salieron a ganar y a poner muy en alto el nombre de M\u00e9xico\u201d.<\/p>\n<p>En su discurso, dijo que motivados por su director t\u00e9cnico y el liderazgo de su capit\u00e1n jugaron como un solo equipo con actitud y mentalidad ganadora.<\/p>\n<p>Record\u00f3 los goles de Oribe Peralta, Rafael M\u00e1rquez, Andr\u00e9s Guardado, Javier Hern\u00e1ndez, Giovanni Dos Santos \u201ce incluso los que nos anularon, porque nos hicieron poner de pie y gritar con emoci\u00f3n\u201d.<\/p>\n<p>Tambi\u00e9n record\u00f3 las atajadas del portero Guillermo Ochoa, la seguridad de la defensa, la creatividad de la media \u201cy los inolvidables festejos del entrenador, el \u2018Piojo\u2019 Herrera, demostraron la entrega y la pasi\u00f3n que nos distingue a los mexicanos\u201d.<\/p>\n<p>Por ello advirti\u00f3 que frente a Camer\u00fan, Brasil, Croacia y Holanda la selecci\u00f3n dej\u00f3 en claro que M\u00e9xico es ya un rival de clase mundial y a la altura de los mejores.<\/p>\n<p>Dijo que gracias al esfuerzo y entusiasmo de miles de mexicanos que viajaron y se hicieron sentir en la tribuna, la selecci\u00f3n pr\u00e1cticamente jug\u00f3 como local en Brasil.<\/p>\n<p>El presidente Pe\u00f1a record\u00f3 que \u00e9l apoy\u00f3 en cada partido a la selecci\u00f3n, al igual que millones de mexicanos con enorme emoci\u00f3n y orgullo.<\/p>\n<p>Reiter\u00f3 que gracias al buen desempe\u00f1o del representativo nacional, el mundo pudo reconocer en su futbol la transformaci\u00f3n positiva que est\u00e1 viviendo M\u00e9xico en distintos \u00e1mbitos.<\/p>\n<p>Adem\u00e1s de lo lejos que se puede llegar como pa\u00eds cuando se juega en equipo y resalt\u00f3 que la mayor fortaleza de la selecci\u00f3n nacional es su juego en conjunto.<\/p>\n<p>\u201cAl igual que en el futbol, la suma de esfuerzos y voluntades ser\u00e1 tambi\u00e9n siempre la mayor fortaleza de M\u00e9xico para seguir en la ruta de transformaci\u00f3n y que depare a todos los mexicanos condiciones de mayor bienestar\u201d.<\/p>\n<p>En Brasil 2014, enfatiz\u00f3, la selecci\u00f3n fue reflejo de grandeza y talento de los mexicanos, por lo que deben sentirse orgullosos de su desempe\u00f1o y seguir apuntando a lo m\u00e1s alto.<\/p>\n<p>Pe\u00f1a Nieto a\u00f1adi\u00f3 que lamentablemente no lleg\u00f3 aqu\u00ed la Copa del Mundo como todos quer\u00edamos. \u201cIremos por ella a Rusia 2018\u201d.<\/p>\n<p>Por \u00faltimo agradeci\u00f3 a la selecci\u00f3n por la emoci\u00f3n que sembraron en todos los mexicanos y por compartir este sentimiento de esta fuerza de coraz\u00f3n y de esta emoci\u00f3n que embarg\u00f3 a todos los mexicanos\u201d.<\/p>\n<p style=\"text-align: center;\"><strong>Gran participaci\u00f3n: \u201cPiojo\u201d Herrera<\/strong><\/p>\n<p>Por su parte, el t\u00e9cnico Miguel Herrera expres\u00f3 que la familia del futbol mexicano puede celebrar por la notable participaci\u00f3n de M\u00e9xico en la Copa del Mundo Brasil 2014, por la entrega y alegr\u00eda de sus seleccionados.<\/p>\n<p>El estratega record\u00f3 que inici\u00f3 la aventura mundialista en octubre cuando se le dio la encomienda de llevar a M\u00e9xico al la Copa del Mundo a trav\u00e9s del repechaje ante Nueva Zelanda.<\/p>\n<p>\u201cHoy me siento sumamente orgulloso por el grupo de jugadores que se entregaron al m\u00e1ximo durante el mundial\u201d, declar\u00f3 Herrera, quien dijo que \u201cno pudimos cumplir con el objetivo trazado, pero me siento tranquilo porque lo demostrado por este grupo de jugadores es que nos representan muy bien y se mostr\u00f3 un muy buen f\u00fatbol\u201d.<\/p>\n<p>Asegur\u00f3 que esta selecci\u00f3n ser\u00e1 recordada por su alegr\u00eda, buen toque de bal\u00f3n y porque dej\u00f3 huella en cada cancha que se present\u00f3.<\/p>\n<p>Afirm\u00f3 que este equipo \u201cdej\u00f3 el alma y la piel en cada bal\u00f3n que disput\u00f3 en cada cancha, como nos comprometimos. La ilusi\u00f3n y esperanza fueron nuestros continuos acompa\u00f1antes\u201d<\/p>\n<p>Tras dar las gracias a los presentes y a todos los mexicanos por su apoyo, se despidi\u00f3 con la frase \u201cy como dijo el Presidente, no fue penal\u201d, en alusi\u00f3n al disparo desde los 11 pasos a favor de Holanda, en tiempo de reposici\u00f3n, para la eliminaci\u00f3n por marcador de 1-2.<\/p>\n","protected":false},"excerpt":{"rendered":"<p>El presidente Enrique Pe\u00f1a Nieto expres\u00f3 su benepl\u00e1cito con la Federaci\u00f3n Mexicana de Futbol (FMF) por ratificar a Miguel Herrera como t\u00e9cnico de la selecci\u00f3n nacional una vez concluido el Mundial de Brasil 2014.<\/p>\n","protected":false},"author":3,"featured_media":182171,"comment_status":"open","ping_status":"open","sticky":false,"template":"","format":"standard","meta":{"_monsterinsights_skip_tracking":false,"_monsterinsights_sitenote_active":false,"_monsterinsights_sitenote_note":"","_monsterinsights_sitenote_category":0,"footnotes":""},"categories":[3],"tags":[20859,18,5774],"class_list":["post-182166","post","type-post","status-publish","format-standard","has-post-thumbnail","hentry","category-nacional","tag-copa-del-mundo-brasil-2014","tag-enrique-pena-nieto","tag-fmf"],"_links":{"self":[{"href":"https:\/\/www.diarioimagen.net\/index.php?rest_route=\/wp\/v2\/posts\/182166","targetHints":{"allow":["GET"]}}],"collection":[{"href":"https:\/\/www.diarioimagen.net\/index.php?rest_route=\/wp\/v2\/posts"}],"about":[{"href":"https:\/\/www.diarioimagen.net\/index.php?rest_route=\/wp\/v2\/types\/post"}],"author":[{"embeddable":true,"href":"https:\/\/www.diarioimagen.net\/index.php?rest_route=\/wp\/v2\/users\/3"}],"replies":[{"embeddable":true,"href":"https:\/\/www.diarioimagen.net\/index.php?rest_route=%2Fwp%2Fv2%2Fcomments&post=182166"}],"version-history":[{"count":0,"href":"https:\/\/www.diarioimagen.net\/index.php?rest_route=\/wp\/v2\/posts\/182166\/revisions"}],"wp:featuredmedia":[{"embeddable":true,"href":"https:\/\/www.diarioimagen.net\/index.php?rest_route=\/wp\/v2\/media\/182171"}],"wp:attachment":[{"href":"https:\/\/www.diarioimagen.net\/index.php?rest_route=%2Fwp%2Fv2%2Fmedia&parent=182166"}],"wp:term":[{"taxonomy":"category","embeddable":true,"href":"https:\/\/www.diarioimagen.net\/index.php?rest_route=%2Fwp%2Fv2%2Fcategories&post=182166"},{"taxonomy":"post_tag","embeddable":true,"href":"https:\/\/www.diarioimagen.net\/index.php?rest_route=%2Fwp%2Fv2%2Ftags&post=182166"}],"curies":[{"name":"wp","href":"https:\/\/api.w.org\/{rel}","templated":true}]}}