{"id":182202,"date":"2014-07-16T00:10:38","date_gmt":"2014-07-16T05:10:38","guid":{"rendered":"http:\/\/www.diarioimagen.net\/?p=182202"},"modified":"2014-07-16T04:36:20","modified_gmt":"2014-07-16T09:36:20","slug":"sep-aplicara-evaluacion-en-oaxaca-y-michoacan","status":"publish","type":"post","link":"https:\/\/www.diarioimagen.net\/?p=182202","title":{"rendered":"SEP aplicar\u00e1 evaluaci\u00f3n en Oaxaca y Michoac\u00e1n"},"content":{"rendered":"<ul>\n<li><em><b>Concurso de oposici\u00f3n<\/b><\/em><\/li>\n<\/ul>\n<p>&nbsp;<\/p>\n<div id=\"attachment_182203\" style=\"width: 250px\" class=\"wp-caption alignleft\"><a href=\"http:\/\/www.diarioimagen.net\/wp-content\/uploads\/2014\/07\/sep-2400.jpg\"><img loading=\"lazy\" decoding=\"async\" aria-describedby=\"caption-attachment-182203\" class=\"size-medium wp-image-182203\" src=\"http:\/\/www.diarioimagen.net\/wp-content\/uploads\/2014\/07\/sep-2400-240x135.jpg\" alt=\"Emilio Chuayffet Chemor asegura que el examen para concursar por una plaza docente ser\u00e1 aplicado.\" width=\"240\" height=\"135\" srcset=\"https:\/\/www.diarioimagen.net\/wp-content\/uploads\/2014\/07\/sep-2400-240x135.jpg 240w, https:\/\/www.diarioimagen.net\/wp-content\/uploads\/2014\/07\/sep-2400-420x236.jpg 420w, https:\/\/www.diarioimagen.net\/wp-content\/uploads\/2014\/07\/sep-2400-235x132.jpg 235w, https:\/\/www.diarioimagen.net\/wp-content\/uploads\/2014\/07\/sep-2400-202x114.jpg 202w, https:\/\/www.diarioimagen.net\/wp-content\/uploads\/2014\/07\/sep-2400-350x196.jpg 350w, https:\/\/www.diarioimagen.net\/wp-content\/uploads\/2014\/07\/sep-2400-220x123.jpg 220w, https:\/\/www.diarioimagen.net\/wp-content\/uploads\/2014\/07\/sep-2400-237x132.jpg 237w, https:\/\/www.diarioimagen.net\/wp-content\/uploads\/2014\/07\/sep-2400.jpg 480w\" sizes=\"auto, (max-width: 240px) 100vw, 240px\" \/><\/a><p id=\"caption-attachment-182203\" class=\"wp-caption-text\">Emilio Chuayffet Chemor asegura que el examen para concursar por una plaza docente ser\u00e1 aplicado.<\/p><\/div>\n<p>El secretario de Educaci\u00f3n P\u00fablica, Emilio Chuayffet Chemor, se comprometi\u00f3 a realizar este mes los ex\u00e1menes del concurso de oposici\u00f3n para los aspirantes a una plaza docente en Oaxaca y Michoac\u00e1n, donde fue aplazada la evaluaci\u00f3n.<\/p>\n<p>En un comunicado, Chuayffet Chemor advirti\u00f3 que no ser\u00e1 conculcado por nadie el derecho de los 3 mil 655 aspirantes a obtener una plaza docente en Oaxaca y Michoac\u00e1n.<\/p>\n<p>Asimismo, dijo que el aplazamiento de los ex\u00e1menes en dichas entidades no se debi\u00f3 a una omisi\u00f3n de la Secretar\u00eda de Educaci\u00f3n P\u00fablica (SEP), sino a la amenaza de que los centros de aplicaci\u00f3n ser\u00edan cerrados.<\/p>\n<p>A los sustentantes registrados (2 mil 492 de Michoac\u00e1n y mil 163 de Oaxaca), el titular de SEP les dio la garant\u00eda de que realizar\u00e1n sus evaluaciones. \u201cNoso\u00adtros creemos que este derecho no les va a ser conculcado\u201d.<\/p>\n<p>Adelant\u00f3 que los ex\u00e1menes se les aplicar\u00e1n durante el presente mes, \u201cno digo en qu\u00e9 condiciones, porque me someto a las mismas que provocaron que se suspendieran\u201d.<\/p>\n<p>Calific\u00f3 de exitosa el Concurso de Oposici\u00f3n para el Ingreso a la Educaci\u00f3n B\u00e1sica, realizado el pasado fin de semana, en el que participaron casi 146 mil aspirantes a docentes de 30 entidades del pa\u00eds.<\/p>\n<p>El encargado de la pol\u00edtica educativa del pa\u00eds record\u00f3 que el proceso de calificaci\u00f3n est\u00e1 a cargo del Instituto Nacional de Evaluaci\u00f3n para la Educaci\u00f3n (INEE).<\/p>\n<p>Dijo que a diferencia de otras evaluaciones, en las que s\u00f3lo se trataba de llenar el n\u00famero de vacantes, ahora se utilizar\u00e1 un sistema criterial, en el que pasa s\u00f3lo aprueba quien sabe ense\u00f1ar.<\/p>\n","protected":false},"excerpt":{"rendered":"<p>El secretario de Educaci\u00f3n P\u00fablica, Emilio Chuayffet Chemor, se comprometi\u00f3 a realizar este mes los ex\u00e1menes del concurso de oposici\u00f3n para los aspirantes a una plaza docente en Oaxaca y Michoac\u00e1n, donde fue aplazada la evaluaci\u00f3n. En un comunicado, Chuayffet Chemor advirti\u00f3 que no ser\u00e1 conculcado por nadie el derecho de los 3 mil 655 aspirantes a obtener una plaza docente en Oaxaca y Michoac\u00e1n.<\/p>\n","protected":false},"author":1,"featured_media":182203,"comment_status":"open","ping_status":"open","sticky":false,"template":"","format":"standard","meta":{"_monsterinsights_skip_tracking":false,"_monsterinsights_sitenote_active":false,"_monsterinsights_sitenote_note":"","_monsterinsights_sitenote_category":0,"footnotes":""},"categories":[3],"tags":[3183,43673,459],"class_list":["post-182202","post","type-post","status-publish","format-standard","has-post-thumbnail","hentry","category-nacional","tag-emilio-chuayffet-chemor","tag-nacional","tag-sep"],"_links":{"self":[{"href":"https:\/\/www.diarioimagen.net\/index.php?rest_route=\/wp\/v2\/posts\/182202","targetHints":{"allow":["GET"]}}],"collection":[{"href":"https:\/\/www.diarioimagen.net\/index.php?rest_route=\/wp\/v2\/posts"}],"about":[{"href":"https:\/\/www.diarioimagen.net\/index.php?rest_route=\/wp\/v2\/types\/post"}],"author":[{"embeddable":true,"href":"https:\/\/www.diarioimagen.net\/index.php?rest_route=\/wp\/v2\/users\/1"}],"replies":[{"embeddable":true,"href":"https:\/\/www.diarioimagen.net\/index.php?rest_route=%2Fwp%2Fv2%2Fcomments&post=182202"}],"version-history":[{"count":0,"href":"https:\/\/www.diarioimagen.net\/index.php?rest_route=\/wp\/v2\/posts\/182202\/revisions"}],"wp:featuredmedia":[{"embeddable":true,"href":"https:\/\/www.diarioimagen.net\/index.php?rest_route=\/wp\/v2\/media\/182203"}],"wp:attachment":[{"href":"https:\/\/www.diarioimagen.net\/index.php?rest_route=%2Fwp%2Fv2%2Fmedia&parent=182202"}],"wp:term":[{"taxonomy":"category","embeddable":true,"href":"https:\/\/www.diarioimagen.net\/index.php?rest_route=%2Fwp%2Fv2%2Fcategories&post=182202"},{"taxonomy":"post_tag","embeddable":true,"href":"https:\/\/www.diarioimagen.net\/index.php?rest_route=%2Fwp%2Fv2%2Ftags&post=182202"}],"curies":[{"name":"wp","href":"https:\/\/api.w.org\/{rel}","templated":true}]}}