{"id":182208,"date":"2014-07-16T00:10:31","date_gmt":"2014-07-16T05:10:31","guid":{"rendered":"http:\/\/www.diarioimagen.net\/?p=182208"},"modified":"2014-07-16T04:42:00","modified_gmt":"2014-07-16T09:42:00","slug":"educacion-base-del-progreso-social-enrique-mendoza","status":"publish","type":"post","link":"https:\/\/www.diarioimagen.net\/?p=182208","title":{"rendered":"Educaci\u00f3n, base del progreso social: Enrique Mendoza"},"content":{"rendered":"<ul>\n<li><em><b>Clausura ciclo escolar en dos planteles<\/b><\/em><\/li>\n<\/ul>\n<p>&nbsp;<\/p>\n<div id=\"attachment_182209\" style=\"width: 250px\" class=\"wp-caption alignleft\"><a href=\"http:\/\/www.diarioimagen.net\/wp-content\/uploads\/2014\/07\/LEGISLATURA-2400.jpg\"><img loading=\"lazy\" decoding=\"async\" aria-describedby=\"caption-attachment-182209\" class=\"size-medium wp-image-182209\" src=\"http:\/\/www.diarioimagen.net\/wp-content\/uploads\/2014\/07\/LEGISLATURA-2400-240x135.jpg\" alt=\"El diputado mexiquense, Enrique Mendoza, encabez\u00f3 el festival de clausura de los cursos en Toluca.\" width=\"240\" height=\"135\" srcset=\"https:\/\/www.diarioimagen.net\/wp-content\/uploads\/2014\/07\/LEGISLATURA-2400-240x135.jpg 240w, https:\/\/www.diarioimagen.net\/wp-content\/uploads\/2014\/07\/LEGISLATURA-2400-420x236.jpg 420w, https:\/\/www.diarioimagen.net\/wp-content\/uploads\/2014\/07\/LEGISLATURA-2400-235x132.jpg 235w, https:\/\/www.diarioimagen.net\/wp-content\/uploads\/2014\/07\/LEGISLATURA-2400-202x114.jpg 202w, https:\/\/www.diarioimagen.net\/wp-content\/uploads\/2014\/07\/LEGISLATURA-2400-350x196.jpg 350w, https:\/\/www.diarioimagen.net\/wp-content\/uploads\/2014\/07\/LEGISLATURA-2400-220x123.jpg 220w, https:\/\/www.diarioimagen.net\/wp-content\/uploads\/2014\/07\/LEGISLATURA-2400-237x132.jpg 237w, https:\/\/www.diarioimagen.net\/wp-content\/uploads\/2014\/07\/LEGISLATURA-2400.jpg 480w\" sizes=\"auto, (max-width: 240px) 100vw, 240px\" \/><\/a><p id=\"caption-attachment-182209\" class=\"wp-caption-text\">El diputado mexiquense, Enrique Mendoza, encabez\u00f3 el festival de clausura de los cursos en Toluca.<\/p><\/div>\n<p><strong>Toluca, Estado de M\u00e9xico.-<\/strong> \u201cQuienes tienen la convicci\u00f3n de seguir bajo el cauce de la educaci\u00f3n tendr\u00e1n un futuro promisorio\u201d, manifest\u00f3 el diputado Enrique Mendoza Vel\u00e1zquez (PRI), durante la ceremonia de clausura del ciclo escolar en los planteles de nivel b\u00e1sico de las delegaciones Cacalomac\u00e1n y Capultitl\u00e1n de la capital mexiquense.<\/p>\n<p>Acompa\u00f1ado de Teodoro N\u00fa\u00f1ez Armas y Magdalena Mungu\u00eda, directores de la Escuela Telesecundaria \u201cHeriberto Enr\u00edquez\u201d y de la primaria \u201cMariano Abasolo\u201d, respectivamente, el tambi\u00e9n presidente de la Comisi\u00f3n de Asuntos Electorales en la LVIII Legislatura local manifest\u00f3 que \u201cuna sociedad fortalecida es aquella que tiene en la educaci\u00f3n su principal herramienta para enfrentar los retos presentes y futuros\u201d.<\/p>\n<p>Asimismo, en presencia de Pamela Gonz\u00e1lez M\u00e9ndez, presidenta de Encuentro con Movimientos Vecinales, padres de familia y alumnos, el representante popular agradeci\u00f3 a las autoridades educativas, as\u00ed como a los docentes por su trabajo en favor de los ni\u00f1os.<\/p>\n<p>Se\u00f1al\u00f3 que la ense\u00f1anza \u201ces la base de cualquier progreso social\u201d, as\u00ed como \u201cla \u00fanica v\u00eda y ant\u00eddoto contra la ignorancia y la esclavitud, porque un hombre que es educado es redimido\u201d.<\/p>\n<p>En su visita a los planteles, Enrique Mendoza convoc\u00f3 a los estudiantes a seguir form\u00e1ndose a trav\u00e9s del estudio y la disciplina, aspectos a los que se refiri\u00f3 como f\u00f3rmulas que abrir\u00e1n las puertas.<\/p>\n<p>En su participaci\u00f3n, Magali Arias S\u00e1nchez, alumna de la escuela Mariano Abasolo, agradeci\u00f3, en nombre de los egresados, que el legislador haya sido su padrino de generaci\u00f3n, y destac\u00f3 que con la ayuda y respaldo de autoridades como el diputado mexiquense \u201cestamos seguros de que seremos hombres y mujeres de provecho para nuestra comunidad y pa\u00eds\u201d.<\/p>\n","protected":false},"excerpt":{"rendered":"<p> \u201cQuienes tienen la convicci\u00f3n de seguir bajo el cauce de la educaci\u00f3n tendr\u00e1n un futuro promisorio\u201d, manifest\u00f3 el diputado Enrique Mendoza Vel\u00e1zquez (PRI), durante la ceremonia de clausura del ciclo escolar en los planteles de nivel b\u00e1sico de las delegaciones Cacalomac\u00e1n y Capultitl\u00e1n de la capital mexiquense. Acompa\u00f1ado de Teodoro N\u00fa\u00f1ez Armas y Magdalena Mungu\u00eda, directores de la Escuela Telesecundaria \u201cHeriberto Enr\u00edquez\u201d y de la primaria \u201cMariano Abasolo\u201d, respectivamente, el tambi\u00e9n presidente de la Comisi\u00f3n de Asuntos Electorales en la LVIII Legislatura local manifest\u00f3 que \u201cuna sociedad fortalecida es aquella que tiene en la educaci\u00f3n su principal herramienta para enfrentar los retos presentes y futuros\u201d.<\/p>\n","protected":false},"author":1,"featured_media":182209,"comment_status":"open","ping_status":"open","sticky":false,"template":"","format":"standard","meta":{"_monsterinsights_skip_tracking":false,"_monsterinsights_sitenote_active":false,"_monsterinsights_sitenote_note":"","_monsterinsights_sitenote_category":0,"footnotes":""},"categories":[5],"tags":[43675],"class_list":["post-182208","post","type-post","status-publish","format-standard","has-post-thumbnail","hentry","category-estado-de-mexico","tag-estado-de-mexico"],"_links":{"self":[{"href":"https:\/\/www.diarioimagen.net\/index.php?rest_route=\/wp\/v2\/posts\/182208","targetHints":{"allow":["GET"]}}],"collection":[{"href":"https:\/\/www.diarioimagen.net\/index.php?rest_route=\/wp\/v2\/posts"}],"about":[{"href":"https:\/\/www.diarioimagen.net\/index.php?rest_route=\/wp\/v2\/types\/post"}],"author":[{"embeddable":true,"href":"https:\/\/www.diarioimagen.net\/index.php?rest_route=\/wp\/v2\/users\/1"}],"replies":[{"embeddable":true,"href":"https:\/\/www.diarioimagen.net\/index.php?rest_route=%2Fwp%2Fv2%2Fcomments&post=182208"}],"version-history":[{"count":0,"href":"https:\/\/www.diarioimagen.net\/index.php?rest_route=\/wp\/v2\/posts\/182208\/revisions"}],"wp:featuredmedia":[{"embeddable":true,"href":"https:\/\/www.diarioimagen.net\/index.php?rest_route=\/wp\/v2\/media\/182209"}],"wp:attachment":[{"href":"https:\/\/www.diarioimagen.net\/index.php?rest_route=%2Fwp%2Fv2%2Fmedia&parent=182208"}],"wp:term":[{"taxonomy":"category","embeddable":true,"href":"https:\/\/www.diarioimagen.net\/index.php?rest_route=%2Fwp%2Fv2%2Fcategories&post=182208"},{"taxonomy":"post_tag","embeddable":true,"href":"https:\/\/www.diarioimagen.net\/index.php?rest_route=%2Fwp%2Fv2%2Ftags&post=182208"}],"curies":[{"name":"wp","href":"https:\/\/api.w.org\/{rel}","templated":true}]}}