{"id":182213,"date":"2014-07-16T00:04:21","date_gmt":"2014-07-16T05:04:21","guid":{"rendered":"http:\/\/www.diarioimagen.net\/?p=182213"},"modified":"2014-07-16T04:50:57","modified_gmt":"2014-07-16T09:50:57","slug":"fallece-menor-en-juchitan-oaxaca","status":"publish","type":"post","link":"https:\/\/www.diarioimagen.net\/?p=182213","title":{"rendered":"Fallece menor en Juchit\u00e1n, Oaxaca"},"content":{"rendered":"<ul>\n<li><em><b>Fue atacado junto con su padre<\/b><\/em><\/li>\n<\/ul>\n<p>&nbsp;<\/p>\n<div id=\"attachment_182214\" style=\"width: 250px\" class=\"wp-caption alignleft\"><a href=\"http:\/\/www.diarioimagen.net\/wp-content\/uploads\/2014\/07\/seguridad-2400.jpg\"><img loading=\"lazy\" decoding=\"async\" aria-describedby=\"caption-attachment-182214\" class=\"size-medium wp-image-182214\" src=\"http:\/\/www.diarioimagen.net\/wp-content\/uploads\/2014\/07\/seguridad-2400-240x135.jpg\" alt=\"El menor herido durante un ataque a una organizaci\u00f3n social perdi\u00f3 ayer la vida.\" width=\"240\" height=\"135\" srcset=\"https:\/\/www.diarioimagen.net\/wp-content\/uploads\/2014\/07\/seguridad-2400-240x135.jpg 240w, https:\/\/www.diarioimagen.net\/wp-content\/uploads\/2014\/07\/seguridad-2400-420x236.jpg 420w, https:\/\/www.diarioimagen.net\/wp-content\/uploads\/2014\/07\/seguridad-2400-235x132.jpg 235w, https:\/\/www.diarioimagen.net\/wp-content\/uploads\/2014\/07\/seguridad-2400-202x114.jpg 202w, https:\/\/www.diarioimagen.net\/wp-content\/uploads\/2014\/07\/seguridad-2400-350x196.jpg 350w, https:\/\/www.diarioimagen.net\/wp-content\/uploads\/2014\/07\/seguridad-2400-220x123.jpg 220w, https:\/\/www.diarioimagen.net\/wp-content\/uploads\/2014\/07\/seguridad-2400-237x132.jpg 237w, https:\/\/www.diarioimagen.net\/wp-content\/uploads\/2014\/07\/seguridad-2400.jpg 480w\" sizes=\"auto, (max-width: 240px) 100vw, 240px\" \/><\/a><p id=\"caption-attachment-182214\" class=\"wp-caption-text\">El menor herido durante un ataque a una organizaci\u00f3n social perdi\u00f3 ayer la vida.<\/p><\/div>\n<p><strong>Oaxaca, Oax.-<\/strong> El ni\u00f1o Michel Robledo M\u00e1rquez, que fue herido de bala el lunes pasado durante un ataque armado contra activistas vinculados al Movimiento Regeneraci\u00f3n Nacional (Morena) en Juchit\u00e1n, falleci\u00f3 ayer.<\/p>\n<p>De acuerdo con el reporte ministerial, el menor, de 11 a\u00f1os de edad, present\u00f3 lesi\u00f3n por proyectil de arma de fuego a la altura de la cabeza, lo que le provoc\u00f3 muerte cerebral.<\/p>\n<p>El lunes por la tarde, sujetos armados ingresaron a las oficinas de la Organizaci\u00f3n Ciudadana para la Liberaci\u00f3n del Istmo y abrieron fuego contra tres personas que se encontraban en su interior, entre ellos, el menor.<\/p>\n<p>Tras el ataque perdieron la vida Jaime Robledo S\u00e1nchez, padre de Michel, y Arturo S\u00e1nchez L\u00f3pez que muri\u00f3 cuando era trasladado al Hospital Regional de Juchit\u00e1n. Estos dos activistas de la regi\u00f3n del Istmo fueron identificados como militantes de Morena.<\/p>\n","protected":false},"excerpt":{"rendered":"<p>El ni\u00f1o Michel Robledo M\u00e1rquez, que fue herido de bala el lunes pasado durante un ataque armado contra activistas vinculados al Movimiento Regeneraci\u00f3n Nacional (Morena) en Juchit\u00e1n, falleci\u00f3 ayer.<\/p>\n","protected":false},"author":1,"featured_media":182214,"comment_status":"open","ping_status":"open","sticky":false,"template":"","format":"standard","meta":{"_monsterinsights_skip_tracking":false,"_monsterinsights_sitenote_active":false,"_monsterinsights_sitenote_note":"","_monsterinsights_sitenote_category":0,"footnotes":""},"categories":[7],"tags":[43677],"class_list":["post-182213","post","type-post","status-publish","format-standard","has-post-thumbnail","hentry","category-seguridad","tag-seguridad"],"_links":{"self":[{"href":"https:\/\/www.diarioimagen.net\/index.php?rest_route=\/wp\/v2\/posts\/182213","targetHints":{"allow":["GET"]}}],"collection":[{"href":"https:\/\/www.diarioimagen.net\/index.php?rest_route=\/wp\/v2\/posts"}],"about":[{"href":"https:\/\/www.diarioimagen.net\/index.php?rest_route=\/wp\/v2\/types\/post"}],"author":[{"embeddable":true,"href":"https:\/\/www.diarioimagen.net\/index.php?rest_route=\/wp\/v2\/users\/1"}],"replies":[{"embeddable":true,"href":"https:\/\/www.diarioimagen.net\/index.php?rest_route=%2Fwp%2Fv2%2Fcomments&post=182213"}],"version-history":[{"count":0,"href":"https:\/\/www.diarioimagen.net\/index.php?rest_route=\/wp\/v2\/posts\/182213\/revisions"}],"wp:featuredmedia":[{"embeddable":true,"href":"https:\/\/www.diarioimagen.net\/index.php?rest_route=\/wp\/v2\/media\/182214"}],"wp:attachment":[{"href":"https:\/\/www.diarioimagen.net\/index.php?rest_route=%2Fwp%2Fv2%2Fmedia&parent=182213"}],"wp:term":[{"taxonomy":"category","embeddable":true,"href":"https:\/\/www.diarioimagen.net\/index.php?rest_route=%2Fwp%2Fv2%2Fcategories&post=182213"},{"taxonomy":"post_tag","embeddable":true,"href":"https:\/\/www.diarioimagen.net\/index.php?rest_route=%2Fwp%2Fv2%2Ftags&post=182213"}],"curies":[{"name":"wp","href":"https:\/\/api.w.org\/{rel}","templated":true}]}}