{"id":182243,"date":"2014-07-16T12:57:14","date_gmt":"2014-07-16T17:57:14","guid":{"rendered":"http:\/\/www.diarioimagen.net\/?p=182243"},"modified":"2014-07-17T05:48:53","modified_gmt":"2014-07-17T10:48:53","slug":"gobierno-empenado-en-entregar-recursos-energeticos-a-extranjeros-cardenas","status":"publish","type":"post","link":"https:\/\/www.diarioimagen.net\/?p=182243","title":{"rendered":"Gobierno, empe\u00f1ado en entregar recursos energ\u00e9ticos a extranjeros: C\u00e1rdenas"},"content":{"rendered":"<div id=\"attachment_182244\" style=\"width: 250px\" class=\"wp-caption alignleft\"><img loading=\"lazy\" decoding=\"async\" aria-describedby=\"caption-attachment-182244\" class=\"size-medium wp-image-182244\" src=\"http:\/\/www.diarioimagen.net\/wp-content\/uploads\/2014\/07\/PRD-PORTAL-240x135.jpg\" alt=\"De acuerdo con el PRD, parte de los \u201cpeligros de la reforma y sus leyes complementarias, es que la Secretar\u00eda de Energ\u00eda estar\u00e1 facultada a obligar Pemex a no invertir, producir o competir en la industria petrolera nacional.\" width=\"240\" height=\"135\" srcset=\"https:\/\/www.diarioimagen.net\/wp-content\/uploads\/2014\/07\/PRD-PORTAL-240x135.jpg 240w, https:\/\/www.diarioimagen.net\/wp-content\/uploads\/2014\/07\/PRD-PORTAL-420x236.jpg 420w, https:\/\/www.diarioimagen.net\/wp-content\/uploads\/2014\/07\/PRD-PORTAL-235x132.jpg 235w, https:\/\/www.diarioimagen.net\/wp-content\/uploads\/2014\/07\/PRD-PORTAL-202x114.jpg 202w, https:\/\/www.diarioimagen.net\/wp-content\/uploads\/2014\/07\/PRD-PORTAL-350x196.jpg 350w, https:\/\/www.diarioimagen.net\/wp-content\/uploads\/2014\/07\/PRD-PORTAL-220x123.jpg 220w, https:\/\/www.diarioimagen.net\/wp-content\/uploads\/2014\/07\/PRD-PORTAL-237x132.jpg 237w, https:\/\/www.diarioimagen.net\/wp-content\/uploads\/2014\/07\/PRD-PORTAL.jpg 480w\" sizes=\"auto, (max-width: 240px) 100vw, 240px\" \/><p id=\"caption-attachment-182244\" class=\"wp-caption-text\">De acuerdo con el PRD, parte de los \u201cpeligros de la reforma y sus leyes complementarias, es que la Secretar\u00eda de Energ\u00eda estar\u00e1 facultada a obligar Pemex a no invertir, producir o competir en la industria petrolera nacional.<\/p><\/div>\n<p>El PRD y sus grupos parlamentarios en el Congreso advirtieron que con la reforma energ\u00e9tica y sus leyes secundarias, Petr\u00f3leos Mexicanos \u00a0y la Comisi\u00f3n Federal de Electricidad se \u201cconvertir\u00e1n en testigos de piedra viendo pasar a la competencia internacional, acelerando con ello su desaparici\u00f3n en el mediano plazo, aumentando la dependencia energ\u00e9tica y la extranjerizaci\u00f3n del sector\u201d. Adem\u00e1s de que se legaliza el despojo de tierras en favor de las empresas extranjeras.<\/p>\n<p>En conferencia de prensa para dar a conocer los \u201cpeligros m\u00e1s inminentes\u201d en lo que se discute en el Congreso, Cuauht\u00e9moc C\u00e1rdenas acus\u00f3 que hay un atropello al procedimiento legislativo, porque no se han respetado los mecanismos para abrir una discusi\u00f3n en torno a los dict\u00e1menes de las leyes secundarias de la reforma.<\/p>\n<p>\u201cNos hace ver que el gobierno est\u00e1 empe\u00f1ado en entregar los recursos energ\u00e9ticos a intereses extranjeros y contrarios al pa\u00eds, pero nosotros seguiremos dando la lucha para revertir la reforma energ\u00e9tica\u201d, sostuvo en referencia a la consulta popular que impulsan para junio de 2015.<\/p>\n<p>Por otro lado la dirigencia nacional del partido no descart\u00f3 que haya toma de tribuna en el Congreso en el intento por frenar las leyes secundarias de la reforma.<\/p>\n<p>Jes\u00fas Zambrano, presidente nacional del partido, dijo que eso ser\u00e1 decisi\u00f3n de los legisladores, mientras el secretario general, Alejandro S\u00e1nchez Camacho, afirm\u00f3 que est\u00e1n en alerta m\u00e1xima y elaborar\u00e1n un plan de acci\u00f3n emergente en el cual se incluyen acciones tanto dentro como fuera del Congreso.<\/p>\n","protected":false},"excerpt":{"rendered":"<p>El PRD y sus grupos parlamentarios en el Congreso advirtieron que con la reforma energ\u00e9tica y sus leyes secundarias, Petr\u00f3leos Mexicanos  y la Comisi\u00f3n Federal de Electricidad se \u201cconvertir\u00e1n en testigos de piedra viendo pasar a la competencia internacional, acelerando con ello su desaparici\u00f3n en el mediano plazo, aumentando la dependencia energ\u00e9tica y la extranjerizaci\u00f3n del sector\u201d. Adem\u00e1s de que se legaliza el despojo de tierras en favor de las empresas extranjeras.<\/p>\n","protected":false},"author":5,"featured_media":182244,"comment_status":"open","ping_status":"open","sticky":false,"template":"","format":"standard","meta":{"_monsterinsights_skip_tracking":false,"_monsterinsights_sitenote_active":false,"_monsterinsights_sitenote_note":"","_monsterinsights_sitenote_category":0,"footnotes":""},"categories":[3],"tags":[31754],"class_list":["post-182243","post","type-post","status-publish","format-standard","has-post-thumbnail","hentry","category-nacional","tag-jesus-zambrano"],"_links":{"self":[{"href":"https:\/\/www.diarioimagen.net\/index.php?rest_route=\/wp\/v2\/posts\/182243","targetHints":{"allow":["GET"]}}],"collection":[{"href":"https:\/\/www.diarioimagen.net\/index.php?rest_route=\/wp\/v2\/posts"}],"about":[{"href":"https:\/\/www.diarioimagen.net\/index.php?rest_route=\/wp\/v2\/types\/post"}],"author":[{"embeddable":true,"href":"https:\/\/www.diarioimagen.net\/index.php?rest_route=\/wp\/v2\/users\/5"}],"replies":[{"embeddable":true,"href":"https:\/\/www.diarioimagen.net\/index.php?rest_route=%2Fwp%2Fv2%2Fcomments&post=182243"}],"version-history":[{"count":0,"href":"https:\/\/www.diarioimagen.net\/index.php?rest_route=\/wp\/v2\/posts\/182243\/revisions"}],"wp:featuredmedia":[{"embeddable":true,"href":"https:\/\/www.diarioimagen.net\/index.php?rest_route=\/wp\/v2\/media\/182244"}],"wp:attachment":[{"href":"https:\/\/www.diarioimagen.net\/index.php?rest_route=%2Fwp%2Fv2%2Fmedia&parent=182243"}],"wp:term":[{"taxonomy":"category","embeddable":true,"href":"https:\/\/www.diarioimagen.net\/index.php?rest_route=%2Fwp%2Fv2%2Fcategories&post=182243"},{"taxonomy":"post_tag","embeddable":true,"href":"https:\/\/www.diarioimagen.net\/index.php?rest_route=%2Fwp%2Fv2%2Ftags&post=182243"}],"curies":[{"name":"wp","href":"https:\/\/api.w.org\/{rel}","templated":true}]}}