{"id":182278,"date":"2014-07-17T00:06:38","date_gmt":"2014-07-17T05:06:38","guid":{"rendered":"http:\/\/www.diarioimagen.net\/?p=182278"},"modified":"2014-07-21T03:06:35","modified_gmt":"2014-07-21T08:06:35","slug":"pena-nieto-reitera-voluntad-de-trabajo-conjunto-con-eruviel-avila","status":"publish","type":"post","link":"https:\/\/www.diarioimagen.net\/?p=182278","title":{"rendered":"Pe\u00f1a Nieto reitera voluntad de trabajo conjunto con Eruviel \u00c1vila"},"content":{"rendered":"<ul>\n<li><strong><em>El Presidente y el gobernador mexiquense inauguraron en la capital del estado la planta recicladora de PET m\u00e1s grande del mundo<\/em><\/strong><\/li>\n<\/ul>\n<div id=\"attachment_182362\" style=\"width: 430px\" class=\"wp-caption aligncenter\"><a href=\"http:\/\/www.diarioimagen.net\/wp-content\/uploads\/2014\/07\/eruviel-2401.jpg\"><img loading=\"lazy\" decoding=\"async\" aria-describedby=\"caption-attachment-182362\" class=\"size-large wp-image-182362\" src=\"http:\/\/www.diarioimagen.net\/wp-content\/uploads\/2014\/07\/eruviel-2401-420x236.jpg\" alt=\"Para concretar los grandes proyectos de infraestructura en materia de comunicaciones y transportes que impulsan los gobiernos federal y estatal, el presidente de la Rep\u00fablica, Enrique Pe\u00f1a Nieto, reafirm\u00f3 su compromiso para continuar trabajando de la mano con el gobernador Eruviel \u00c1vila Villegas y su administraci\u00f3n y realizar de manera conjunta las obras que impulsar\u00e1n al estado.\" width=\"420\" height=\"236\" srcset=\"https:\/\/www.diarioimagen.net\/wp-content\/uploads\/2014\/07\/eruviel-2401-420x236.jpg 420w, https:\/\/www.diarioimagen.net\/wp-content\/uploads\/2014\/07\/eruviel-2401-240x135.jpg 240w, https:\/\/www.diarioimagen.net\/wp-content\/uploads\/2014\/07\/eruviel-2401-480x270.jpg 480w, https:\/\/www.diarioimagen.net\/wp-content\/uploads\/2014\/07\/eruviel-2401-235x132.jpg 235w, https:\/\/www.diarioimagen.net\/wp-content\/uploads\/2014\/07\/eruviel-2401-202x114.jpg 202w, https:\/\/www.diarioimagen.net\/wp-content\/uploads\/2014\/07\/eruviel-2401-350x196.jpg 350w, https:\/\/www.diarioimagen.net\/wp-content\/uploads\/2014\/07\/eruviel-2401-220x123.jpg 220w, https:\/\/www.diarioimagen.net\/wp-content\/uploads\/2014\/07\/eruviel-2401-237x132.jpg 237w, https:\/\/www.diarioimagen.net\/wp-content\/uploads\/2014\/07\/eruviel-2401.jpg 700w\" sizes=\"auto, (max-width: 420px) 100vw, 420px\" \/><\/a><p id=\"caption-attachment-182362\" class=\"wp-caption-text\">Para concretar los grandes proyectos de infraestructura en materia de comunicaciones y transportes que impulsan los gobiernos federal y estatal, el presidente de la Rep\u00fablica, Enrique Pe\u00f1a Nieto, reafirm\u00f3 su compromiso para continuar trabajando de la mano con el gobernador Eruviel \u00c1vila Villegas y su administraci\u00f3n y realizar de manera conjunta las obras que impulsar\u00e1n al estado.<\/p><\/div>\n<p><strong>Toluca, Estado de M\u00e9xico<\/strong>.- Al inaugurar la ampliaci\u00f3n de la Planta de PET Reciclado Grado Alimenticio m\u00e1s grande del mundo, el presidente de la Rep\u00fablica, Enrique Pe\u00f1a Nieto, reafirm\u00f3 su compromiso para continuar trabajando de la mano con el gobernador Eruviel \u00c1vila Villegas y su administraci\u00f3n, para concretar los grandes proyectos de infraestructura en materia de comunicaciones y transportes que impulsan los gobiernos federal y estatal, como la construcci\u00f3n de la autopista La Marquesa-Toluca, el tren interurbano M\u00e9xico-Toluca, as\u00ed como los distribuidores viales ubicados en el cruce del Boulevard Aeropuerto y la carretera federal M\u00e9xico-Toluca, y en la avenida Las Torres; obras que permitir\u00e1n continuar elevando la competitividad y generar empleos en la regi\u00f3n del Valle de Toluca.<\/p>\n<p>\u201cEstas v\u00edas y esta arter\u00eda de comunicaci\u00f3n, sin duda, facilitar\u00e1n el tr\u00e1nsito de personas, de bienes, que van entre ambas zonas, y esto lograr\u00e1 una mayor integraci\u00f3n de esta regi\u00f3n del Estado de M\u00e9xico con la regi\u00f3n del Valle de M\u00e9xico, en donde se ubican varios de los municipios con amplia concentraci\u00f3n demogr\u00e1fica del Estado de M\u00e9xico, y con la capital del pa\u00eds.<\/p>\n<p>\u201cA m\u00ed me da mucho gusto estar nuevamente aqu\u00ed en mi tierra, siempre es para el presidente de la Rep\u00fablica, originario del Estado de M\u00e9xico, un honor y un privilegio regresar a su tierra natal, y frente a ustedes reafirmar el compromiso que tiene el Gobierno de la Rep\u00fablica de que esta relaci\u00f3n de trabajo, de coordinaci\u00f3n, de suma de esfuerzos, sigamos sirviendo bien al Estado de M\u00e9xico y a todo el pa\u00eds\u201d, expres\u00f3.<\/p>\n<p>El presidente Enrique Pe\u00f1a Nieto afirm\u00f3 que para materializar estas obras no s\u00f3lo se necesita de la voluntad de un solo orden de gobierno, sino que es necesario el esfuerzo compartido del Gobierno de la Rep\u00fablica con las autoridades estatales, por lo que agradeci\u00f3 la voluntad del Estado de M\u00e9xico para lograr los proyectos incluidos en el Plan Nacional de Infraestructura, y se\u00f1al\u00f3 que esto crea confianza en los inversionistas para seguir generando empleos y condiciones de bienestar entre los mexicanos, pues tan s\u00f3lo en el primer trimestre de 2014, se generaron 403 mil empleos en el pa\u00eds, lo que representa un incremento de 36 por ciento en relaci\u00f3n con el mismo periodo del a\u00f1o anterior.<\/p>\n<p>Por su parte, Eruviel \u00c1vila Villegas agradeci\u00f3 la voluntad de Pet Star y las empresas que lo conforman, por invertir en el territorio mexiquense y establecer la planta de PET m\u00e1s grande del mundo, lo que generar\u00e1 m\u00e1s de mil 100 empleos directos y dos mil indirectos, y contribuir\u00e1 al cuidado del medio ambiente.<\/p>\n<p>En este tenor, afirm\u00f3 que la administraci\u00f3n estatal hace su parte para preservar el medio ambiente, como la sustituci\u00f3n de veh\u00edculos altamente contaminantes a trav\u00e9s de la construcci\u00f3n de sistemas de transporte modernos y ecol\u00f3gicos entre ellos el Mexicable, las l\u00edneas 2 y 4 del Mexib\u00fas, el tren interurbano M\u00e9xico-Toluca y el Metro La Paz-Chalco, con los que se dejar\u00e1n de emitir m\u00e1s de 300 mil toneladas de contaminantes a la atm\u00f3sfera, y con la reformas a la legislaci\u00f3n actual que han posibilitado el reciclaje en dos a\u00f1os de 55 mil autom\u00f3viles que se encontraban abandonados en corralones y contaminaban los mantos acu\u00edferos.<\/p>\n","protected":false},"excerpt":{"rendered":"<p>Al inaugurar la ampliaci\u00f3n de la Planta de PET Reciclado Grado Alimenticio m\u00e1s grande del mundo, el presidente de la Rep\u00fablica, Enrique Pe\u00f1a Nieto, reafirm\u00f3 su compromiso para continuar trabajando de la mano con el gobernador Eruviel \u00c1vila Villegas y su administraci\u00f3n, para concretar los grandes proyectos de infraestructura en materia de comunicaciones y transportes que impulsan los gobiernos federal y estatal, como la construcci\u00f3n de la autopista La Marquesa-Toluca, el tren interurbano M\u00e9xico-Toluca, as\u00ed como los distribuidores viales ubicados en el cruce del Boulevard Aeropuerto y la carretera federal M\u00e9xico-Toluca, y en la avenida Las Torres; obras que permitir\u00e1n continuar elevando la competitividad y generar empleos en la regi\u00f3n del Valle de Toluca.<\/p>\n","protected":false},"author":3,"featured_media":182362,"comment_status":"open","ping_status":"open","sticky":false,"template":"","format":"standard","meta":{"_monsterinsights_skip_tracking":false,"_monsterinsights_sitenote_active":false,"_monsterinsights_sitenote_note":"","_monsterinsights_sitenote_category":0,"footnotes":""},"categories":[5],"tags":[18,5828,43675,452],"class_list":["post-182278","post","type-post","status-publish","format-standard","has-post-thumbnail","hentry","category-estado-de-mexico","tag-enrique-pena-nieto","tag-eruviel-avila-villegas","tag-estado-de-mexico","tag-toluca"],"_links":{"self":[{"href":"https:\/\/www.diarioimagen.net\/index.php?rest_route=\/wp\/v2\/posts\/182278","targetHints":{"allow":["GET"]}}],"collection":[{"href":"https:\/\/www.diarioimagen.net\/index.php?rest_route=\/wp\/v2\/posts"}],"about":[{"href":"https:\/\/www.diarioimagen.net\/index.php?rest_route=\/wp\/v2\/types\/post"}],"author":[{"embeddable":true,"href":"https:\/\/www.diarioimagen.net\/index.php?rest_route=\/wp\/v2\/users\/3"}],"replies":[{"embeddable":true,"href":"https:\/\/www.diarioimagen.net\/index.php?rest_route=%2Fwp%2Fv2%2Fcomments&post=182278"}],"version-history":[{"count":0,"href":"https:\/\/www.diarioimagen.net\/index.php?rest_route=\/wp\/v2\/posts\/182278\/revisions"}],"wp:featuredmedia":[{"embeddable":true,"href":"https:\/\/www.diarioimagen.net\/index.php?rest_route=\/wp\/v2\/media\/182362"}],"wp:attachment":[{"href":"https:\/\/www.diarioimagen.net\/index.php?rest_route=%2Fwp%2Fv2%2Fmedia&parent=182278"}],"wp:term":[{"taxonomy":"category","embeddable":true,"href":"https:\/\/www.diarioimagen.net\/index.php?rest_route=%2Fwp%2Fv2%2Fcategories&post=182278"},{"taxonomy":"post_tag","embeddable":true,"href":"https:\/\/www.diarioimagen.net\/index.php?rest_route=%2Fwp%2Fv2%2Ftags&post=182278"}],"curies":[{"name":"wp","href":"https:\/\/api.w.org\/{rel}","templated":true}]}}