{"id":182284,"date":"2014-07-17T00:07:47","date_gmt":"2014-07-17T05:07:47","guid":{"rendered":"http:\/\/www.diarioimagen.net\/?p=182284"},"modified":"2014-07-17T04:58:10","modified_gmt":"2014-07-17T09:58:10","slug":"inicio-el-tramo-final","status":"publish","type":"post","link":"https:\/\/www.diarioimagen.net\/?p=182284","title":{"rendered":"Inici\u00f3 el tramo final"},"content":{"rendered":"<h2>Tras la puerta del poder<\/h2>\n<h5>Roberto Vizca\u00edno<\/h5>\n<p>&nbsp;<\/p>\n<ul>\n<li><strong><em>Los coordinadores de PRI, PAN, Verde y Panal consideraron que no prosperar\u00e1 la estrategia del PRD\u00a0<\/em><\/strong><\/li>\n<li><strong><em>El extraordinario que iniciar\u00e1 hoy podr\u00eda alargarse incluso 10 d\u00edas para debatir y aprobar todo lo energ\u00e9tico \u00a0<\/em><\/strong><\/li>\n<li><strong><em>Quienes est\u00e1n a favor coinciden en que traer\u00e1 m\u00faltiples beneficios; los opositores dicen que s\u00f3lo habr\u00e1 males\u00a0<\/em><\/strong><\/li>\n<\/ul>\n<div id=\"attachment_182373\" style=\"width: 250px\" class=\"wp-caption alignleft\"><a href=\"http:\/\/www.diarioimagen.net\/wp-content\/uploads\/2014\/07\/ninos-migrantes-MARAL-2401.jpg\" target=\"_blank\"><img loading=\"lazy\" decoding=\"async\" aria-describedby=\"caption-attachment-182373\" class=\"size-medium wp-image-182373\" src=\"http:\/\/www.diarioimagen.net\/wp-content\/uploads\/2014\/07\/ninos-migrantes-MARAL-2401-240x151.jpg\" alt=\"Ni\u00f1os migrantes... | Maral\" width=\"240\" height=\"151\" srcset=\"https:\/\/www.diarioimagen.net\/wp-content\/uploads\/2014\/07\/ninos-migrantes-MARAL-2401-240x151.jpg 240w, https:\/\/www.diarioimagen.net\/wp-content\/uploads\/2014\/07\/ninos-migrantes-MARAL-2401-420x264.jpg 420w, https:\/\/www.diarioimagen.net\/wp-content\/uploads\/2014\/07\/ninos-migrantes-MARAL-2401.jpg 1200w\" sizes=\"auto, (max-width: 240px) 100vw, 240px\" \/><\/a><p id=\"caption-attachment-182373\" class=\"wp-caption-text\">Ni\u00f1os migrantes&#8230; | Maral<\/p><\/div>\n<p>Hoy iniciar\u00e1 el extraordinario en el que senadores y diputados debatir\u00e1n y aprobar\u00e1n las 4 leyes secundarias &#8211;y las que consideren conveniente&#8211; para concluir el tr\u00e1mite de la reforma energ\u00e9tica.<\/p>\n<p>Con este previsible, largo y tortuoso tr\u00e1mite debido a que los legisladores de la llamada izquierda integrada por PRD, PT y Movimiento Ciudadano tienen pensado acudir a todas las acciones posibles, desde reservar los m\u00e1s de 3,000 art\u00edculos (es decir debatirlos uno por uno que de acuerdo a tiempos reglamentarios podr\u00eda llevarles un promedio de media hora por art\u00edculo) o hasta la toma de tribuna o de recintos.<\/p>\n<p>Estas acciones y argucias podr\u00edan complementarse con el establecimiento de cercos ciudadanos alrededor de los recintos parlamentarios &#8211;la sede del Senado en Insurgentes y Reforma y\u00a0 San L\u00e1zaro&#8211;, y la persecuci\u00f3n y hostigamiento de senadores y diputados del PRI, PAN, PVEM y Panal que ya han pactado la aprobaci\u00f3n de las leyes secundarias.<\/p>\n<p>Falta ver si PRD, PT y MC tienen el suficiente poder de convocatoria para realizar estos cercos, pues en las anteriores discusiones y aprobaciones de otras reformas ya pr\u00e1cticamente no aparecieron contingentes de estos partidos.<\/p>\n<p>Por si las dudas, las presidencias del Senado y la C\u00e1mara de Diputados pidieron ayer un resguardo y protecci\u00f3n suficiente al jefe de Gobierno del DF, a Miguel \u00c1ngel Mancera y al presidente Enrique Pe\u00f1a Nieto por lo que se prev\u00e9 que hoy amanezcan protegidas por granaderos capitalinos y agentes federales ambas sedes.<\/p>\n<p>En lo que corresponde al interior de las instalaciones legislativas, coordinadores y presidentes convocaron a perredistas, petistas y del MC a acudir al debate y comportamiento civilizado.<\/p>\n<p>En el senado Emilio Gamboa, coordinador de la fracci\u00f3n del PRI, advirti\u00f3 que su bancada est\u00e1 dispuesta a cumplir todos los tr\u00e1mites conforme al reglamento.<\/p>\n<p>\u201cQueremos que se debata largo y extenso este tema fundamental para el pa\u00eds, donde el PRD ha mostrado su desacuerdo en las Comisiones Unidas de Energ\u00eda y Estudios Legislativos, Primera, pero estoy seguro va a manifestar su inquietud en el pleno, a partir de ma\u00f1ana (hoy)\u2026\u201d<\/p>\n<p>Pero admiti\u00f3 que como coordinador de un grupo, buscar\u00e1 \u201cque tengamos una sesi\u00f3n tranquila; que tengamos el desahogo de un tema fundamental, que no es ning\u00fan <em>fast track<\/em>. Es un tema que se viene discutiendo hace muchos a\u00f1os; era senador hace 12 a\u00f1os y ya se tocaba el tema de la reforma energ\u00e9tica, as\u00ed que es un tema muy discutido por los mexicanos, acad\u00e9micos, cient\u00edficos, conocedores, ingenieros petroleros, por diversas c\u00e1maras que abarcan esta materia.<\/p>\n<p>\u201cA partir de las 9 habr\u00e1 pleno y estaremos discutiendo los cuatro dict\u00e1menes &#8211;los cuatro paquetes&#8211; que ya fueron aprobados en las Comisiones de Energ\u00eda y de Estudios Legislativos, Primera\u201d, indic\u00f3.<\/p>\n<p>Dijo que en principio se buscar\u00e1 que las sesiones sean de 9 de la ma\u00f1ana a 9 de la noche a fin de que los senadores puedan ir a descansar.<\/p>\n<p>\u201cEstamos viendo si se van a incluir s\u00e1bados y domingos o no, todav\u00eda no est\u00e1 definido\u2026<\/p>\n<p>\u201cAyer tuve todo el paquete (de las 4 leyes), creo que trae grandes beneficios y algo fundamental: nos va a meter a la modernidad, M\u00e9xico puede ser &#8211;sin duda alguna&#8211; uno de los diez pa\u00edses m\u00e1s importantes en materia econ\u00f3mica\u2026<\/p>\n<p>\u201cEstoy seguro que esta reforma y la de telecomunicaciones, van a hacer m\u00e1s importante\u00a0 econ\u00f3micamente a M\u00e9xico con generaci\u00f3n de empleos mejor pagados\u201d, precis\u00f3.<\/p>\n<p>Interrogado sobre si se van a discutir todas las reservas como lo pretende el PRD, Gamboa indic\u00f3:<\/p>\n<p>\u201cDesde luego\u2026 est\u00e1n en su derecho. Si ellos vienen y reservan todo, est\u00e1n en su derecho\u201d.<\/p>\n<p>&#8211; Oiga, \u00a1pero son 3 mil!.<\/p>\n<p>\u201cPues veremos 3 mil, o las que sean. El presidente de la Mesa Directiva, el senador (Ra\u00fal) Cervantes, tendr\u00e1 que actuar apegado a la Ley Org\u00e1nica del Congreso de la Uni\u00f3n y sin duda alguna estaremos atentos a todas las reservas, no s\u00f3lo del PRD, del PAN y del PRI\u201d.<\/p>\n<p>&#8211; Pero, \u00bfes sano subir a la tribuna 3 mil reservas para que sean rechazadas?, se le insisti\u00f3.<\/p>\n<p>\u201cSi no estamos de acuerdo con ellas, vamos a rechazarlas; las que consideremos buenas, las vamos a aprobar\u2026. ellos est\u00e1n en su posici\u00f3n de decir que no est\u00e1n de acuerdo y\u00a0 reservarse todos los art\u00edculos\u201d, concluy\u00f3.<\/p>\n<p style=\"text-align: center;\"><strong>A PUNTO DE FINALIZAR<\/strong><\/p>\n<p>En el otro extremo del Congreso, en la C\u00e1mara de Diputados, el sonorense Manlio Fabio Beltrones, coordinador de los pri\u00edstas, consider\u00f3 que lo importante es que est\u00e1 a punto de completarse toda la reforma energ\u00e9tica.<\/p>\n<p>\u201cCreo que despu\u00e9s de largos d\u00edas, semanas, meses que se han generado en la discusi\u00f3n abierta para poder concluir con las leyes reglamentarias que le den cuerpo al esp\u00edritu de la reforma constitucional en materia energ\u00e9tica, estamos llegando a la culminaci\u00f3n de\u00a0 este proceso\u201d.<\/p>\n<p>Explic\u00f3 que una vez que el Senado tramite su parte de leyes secundarias, los diputados deber\u00e1n pedir su per\u00edodo extraordinario y tramitar la suya.<\/p>\n<p>\u201cLa pr\u00f3xima semana nosotros estaremos en condiciones de solicitar tambi\u00e9n un periodo extraordinario a fin de\u00a0 desahogar las minutas que nos env\u00ede el Senado de la Rep\u00fablica, adem\u00e1s de las iniciativas que en materia energ\u00e9tica tenemos en la C\u00e1mara de Diputados.<\/p>\n<p>\u201cPara ello, la Comisi\u00f3n de Energ\u00eda de la C\u00e1mara de Diputados se ha declarado ya en sesi\u00f3n permanente. Estar\u00e1 muy atenta a la productividad del Senado de la Rep\u00fablica que nos enviar\u00e1 minutas, que de inmediato la Mesa Directiva de C\u00e1mara de Diputados turnar\u00e1 para conocimiento, discusi\u00f3n y debate en Comisiones de lo que concluya el Senado de la Rep\u00fablica.<\/p>\n<p>\u201cEstamos ya en un momento en el cual la modernizaci\u00f3n, en todos los conceptos que ha planteado el gobierno del presidente Enrique Pe\u00f1a Nieto, va a cristalizar en una reforma energ\u00e9tica\u201d, subray\u00f3 Beltrones.<\/p>\n<p>Interrogado respecto a si la decisi\u00f3n del PRD de obstaculizar el debate tiene raz\u00f3n\u00a0 de ser, el sonorense indic\u00f3:<\/p>\n<p>\u201cLo que veo es que hay posiciones de los grupos parlamentarios que son distintas. Hemos logrado un acuerdo entre el grupo parlamentario del PRI, el PAN, el Partido Verde y el Panal, que nos permiten vislumbrar la aprobaci\u00f3n de lo que se ha trabajado en comisiones y que ya forman parte del dictamen con modificaciones que son de avanzada.<\/p>\n<p>\u201cNosotros hemos decidido que no aprobaremos ninguna expresi\u00f3n que hable al respecto de expropiaciones.\u00a0 Esta reforma energ\u00e9tica es para beneficio de todos, no para afectar a algunos que son los propietarios de toda la vida de sus terrenos, queremos que tambi\u00e9n se les incluya en lo que es el progreso\u201d, dijo al se\u00f1alar que va a ser muy dif\u00edcil que las t\u00e1cticas dilatorias de la izquierda puedan progresar.<\/p>\n<p style=\"text-align: center;\"><strong>AHORA S\u00cd, HAY PARA TODAS<\/strong><\/p>\n<p>Por primera vez en la historia del pa\u00eds, afirmo la senadora Cristina D\u00edaz, secretaria general de la CNOP del PRI y precandidata a la gubernatura de Nuevo Le\u00f3n, gracias a la reforma electoral, en el 2015 las mujeres estaremos representadas en todas las boletas, en todas las urnas y en todos los partidos, en igualdad de condiciones, compitiendo por todas las posiciones electorales.<\/p>\n<p>Por esto convoc\u00f3 a todas las mujeres con aspiraciones electorales, a que se capaciten y muestren toda su fuerza y m\u00fasculo en los comicios del a\u00f1o pr\u00f3ximo. Ante casi un millar de mujeres afirm\u00f3 que \u201ces un hecho que en el 2015 estaremos viendo el 50 por ciento de las mujeres participando por cada partido pol\u00edtico y por cada puesto de elecci\u00f3n popular, dando la batalla para lograr una posici\u00f3n pol\u00edtica\u201d.<\/p>\n<p style=\"text-align: center;\"><strong>SIN DESCANSO<\/strong><\/p>\n<p>La secretaria de Turismo del gobierno de Enrique Pe\u00f1a Nieto, la guerrerense Claudia Ruiz Massieu, contin\u00faa con un intenso recorrido por el territorio nacional y ayer estuvo de nuevo en Hidalgo, donde present\u00f3 programas de desarrollo tur\u00edstico en la entidad que comprender\u00e1n la aplicaci\u00f3n por 100 millones de pesos, los cuales -dijo-, traer\u00e1n m\u00e1s y mejores empleos para la poblaci\u00f3n de esa entidad que tiene en el turismo una importante palanca de desarrollo econ\u00f3mico.<\/p>\n<p><em><a href=\"mailto:rvizcainoa@gmail.com\">rvizcainoa@gmail.com<\/a><\/em><\/p>\n","protected":false},"excerpt":{"rendered":"<p><span style=\"color: #005497;\"><strong>Roberto Vizca\u00edno<\/strong><\/span><br \/>\n<br \/>\nHoy iniciar\u00e1 el extraordinario en el que senadores y diputados debatir\u00e1n y aprobar\u00e1n las 4 leyes secundarias &#8211;y las que consideren conveniente&#8211; para concluir el tr\u00e1mite de la reforma energ\u00e9tica.<\/p>\n","protected":false},"author":3,"featured_media":182373,"comment_status":"open","ping_status":"open","sticky":false,"template":"","format":"standard","meta":{"_monsterinsights_skip_tracking":false,"_monsterinsights_sitenote_active":false,"_monsterinsights_sitenote_note":"","_monsterinsights_sitenote_category":0,"footnotes":""},"categories":[136],"tags":[43674,91,362,93,94],"class_list":["post-182284","post","type-post","status-publish","format-standard","has-post-thumbnail","hentry","category-roberto-vizcaino-opinion","tag-opinion","tag-pan","tag-pri","tag-roberto-vizcaino","tag-tras-la-puerta-del-poder"],"_links":{"self":[{"href":"https:\/\/www.diarioimagen.net\/index.php?rest_route=\/wp\/v2\/posts\/182284","targetHints":{"allow":["GET"]}}],"collection":[{"href":"https:\/\/www.diarioimagen.net\/index.php?rest_route=\/wp\/v2\/posts"}],"about":[{"href":"https:\/\/www.diarioimagen.net\/index.php?rest_route=\/wp\/v2\/types\/post"}],"author":[{"embeddable":true,"href":"https:\/\/www.diarioimagen.net\/index.php?rest_route=\/wp\/v2\/users\/3"}],"replies":[{"embeddable":true,"href":"https:\/\/www.diarioimagen.net\/index.php?rest_route=%2Fwp%2Fv2%2Fcomments&post=182284"}],"version-history":[{"count":0,"href":"https:\/\/www.diarioimagen.net\/index.php?rest_route=\/wp\/v2\/posts\/182284\/revisions"}],"wp:featuredmedia":[{"embeddable":true,"href":"https:\/\/www.diarioimagen.net\/index.php?rest_route=\/wp\/v2\/media\/182373"}],"wp:attachment":[{"href":"https:\/\/www.diarioimagen.net\/index.php?rest_route=%2Fwp%2Fv2%2Fmedia&parent=182284"}],"wp:term":[{"taxonomy":"category","embeddable":true,"href":"https:\/\/www.diarioimagen.net\/index.php?rest_route=%2Fwp%2Fv2%2Fcategories&post=182284"},{"taxonomy":"post_tag","embeddable":true,"href":"https:\/\/www.diarioimagen.net\/index.php?rest_route=%2Fwp%2Fv2%2Ftags&post=182284"}],"curies":[{"name":"wp","href":"https:\/\/api.w.org\/{rel}","templated":true}]}}