{"id":182298,"date":"2014-07-17T00:05:51","date_gmt":"2014-07-17T05:05:51","guid":{"rendered":"http:\/\/www.diarioimagen.net\/?p=182298"},"modified":"2014-07-17T04:58:38","modified_gmt":"2014-07-17T09:58:38","slug":"dia-del-abogado","status":"publish","type":"post","link":"https:\/\/www.diarioimagen.net\/?p=182298","title":{"rendered":"D\u00eda del Abogado"},"content":{"rendered":"<h2>De frente y de perfil<\/h2>\n<h5>Ram\u00f3n Zurita Sahag\u00fan<\/h5>\n<p>&nbsp;<\/p>\n<p>Los abogados han representado desde siempre la parte sustantiva de la administraci\u00f3n p\u00fablica en los tres niveles de gobierno: federal, estatal y local, aunque ahora comparten parte de esa responsabilidad con los economistas.<\/p>\n<p>Desde que asumi\u00f3 la Presidencia de la Rep\u00fablica el primer civil de la historia moderna del pa\u00eds, Miguel Alem\u00e1n Vald\u00e9s, pocos han sido los ejecutivos federales que no han ostentado esa profesi\u00f3n de licenciados en Derecho.<\/p>\n<p>Adolfo Ruiz Cortines, Carlos Salinas de Gortari, Ernesto Zedillo Ponce de Le\u00f3n y Vicente Fox Quesada son los ex presidentes que no han sido abogados.<\/p>\n<p>Miguel Alem\u00e1n Vald\u00e9s, Adolfo L\u00f3pez Mateos, Gustavo D\u00edaz Ordaz, Luis Echeverr\u00eda \u00c1lvarez, Jos\u00e9 L\u00f3pez Portillo, Miguel de la Madrid Hurtado, Felipe Calder\u00f3n Hinojosa y Enrique Pe\u00f1a Nieto forman parte del grueso de los abogados Presidentes de la Rep\u00fablica.<\/p>\n<p>La presencia de los abogados en todas las dependencias p\u00fablicas hacen que las aulas de las universidades p\u00fablicas y privadas se encuentren nutridas por la presencia de alumnos que desean cursar esa carrera, aunque no todos desean incorporarse a tareas gubernamentales.<\/p>\n<p>El pasado viernes 11 de julio se celebr\u00f3 en Los Pinos, con la presencia del presidente Enrique Pe\u00f1a Nieto, el D\u00eda del Abogado, evento en el que desde dos administraciones anteriores no participaba el Ejecutivo federal, con todo y que Felipe Calder\u00f3n Hinojosa era de esa extracci\u00f3n acad\u00e9mica.<\/p>\n<p>Fue precisamente el Ejecutivo federal el encargado de dar la noticia de que el D\u00eda del Abogado contar\u00eda con la presencia del Presidente de la Rep\u00fablica durante toda su administraci\u00f3n y que, incluso, el a\u00f1o pr\u00f3ximo lo har\u00edan m\u00e1s grande, ya que en esta ocasi\u00f3n los espacios se limitaron para 300 asistentes.<\/p>\n<p>La ceremonia fue sumamente c\u00e1lida y con la nutrida presencia de los funcionarios del gobierno federal, aunque muchos se preguntaban el porqu\u00e9 el organizador del evento fue el secretario del Trabajo, Alfonso Navarrete Prida y no otros abogados, como el procurador general de la Rep\u00fablica, al que se le considera como el abogado de la naci\u00f3n.<\/p>\n<p>Tal vez fue eso lo que molest\u00f3 a varios abogados el que a Navarrete Prida se le diera un trato especial por parte del Presidente, ya que fue el secretario del Trabajo el que se coordin\u00f3 con el Congreso Nacional de la Abogac\u00eda, que preside Juan Carlos S\u00e1nchez Magall\u00e1n, para realizar el magno evento en que, adem\u00e1s, participaron m\u00e1s de 20 organizaciones de abogados del pa\u00eds.<\/p>\n<p>En su discurso, Pe\u00f1a Nieto destac\u00f3 las reformas logradas durante su administraci\u00f3n en todos los rubros, aunque prioriz\u00f3 las del \u00e1mbito penal, derechos humanos, Ley de Amparo, ya que con ellas se consigue una mejor impartici\u00f3n de justicia.<\/p>\n<p>Son muchos los d\u00edas que han transcurrido desde el viernes 11 en que se celebr\u00f3 el evento del D\u00eda del Abogado, aunque saltan muchas preguntas que nadie ha respondido, sobre lo sucedido en esa fecha.<\/p>\n<p>Entre ellos resalta el comentario, en tono jocoso, pero que son\u00f3 como una advertencia por parte del mismo Ejecutivo federal, quien alert\u00f3 sobre la importancia de los personajes ah\u00ed reunidos:<\/p>\n<p>\u201cPodr\u00eda invertirse el presidium y no pasar\u00eda nada\u201d, dijo Pe\u00f1a Nieto en clara alusi\u00f3n a que tanto arriba del presidium como abajo del mismo hab\u00eda abogados de gran experiencia que sin ning\u00fan problema podr\u00edan ocupar las eventuales vacantes de los secretarios, ministros de la Corte y dem\u00e1s funcionarios que ah\u00ed se encontraban.<\/p>\n<p>Los de abajo se miraban extra\u00f1ados, pero con un singular mirada por ese aliciente, los de arriba extra\u00f1ados al no saber si era solamente broma o una advertencia a futuro cercano, mediano o de largo plazo.<\/p>\n<p>Otra pregunta que se hac\u00edan fue el porqu\u00e9 Jes\u00fas Murillo, procurador de la Rep\u00fablica, fue sentado al final de la primera fila, mientras que otros personajes se manten\u00edan m\u00e1s cercanos al Presidente. Llam\u00f3 m\u00e1s la atenci\u00f3n que otro abogado, como lo es el secretario de Educaci\u00f3n P\u00fablica, Emilio Chuayffet Chemor, fuese ubicado en la segunda fila, aunque nos se sabe si por la ubicaci\u00f3n o por no ser tomado en cuenta como uno de los distinguidos licenciados en derecho.<\/p>\n<p>Murillo Karam y Chuayffet Chemor fueron estaban alejados del presidium donde se ubicaron otros miembros del gabinete, como los secretarios del Trabajo, Alfonso Navarrete; Comunicaciones y Transportes, Gerardo Ruiz Esparza; Relaciones Exteriores, Jos\u00e9 Antonio Meade, entre otros abogados del servicio p\u00fablico.<\/p>\n<p>La frialdad hacia el titular de PGR y el secretario de Educaci\u00f3n P\u00fablica fue notoria, como tambi\u00e9n lo fue el distanciamiento existente entre dos abogados, que en el pasado mantuvieron cercan\u00eda, el ex procurador general de la Rep\u00fablica, Rafael Macedo de la Concha y la titular de la secretar\u00eda t\u00e9cnica del Consejo de Coordinaci\u00f3n para la Implementaci\u00f3n del Sistema de Justicia Penal. Tambi\u00e9n se not\u00f3 el gran vac\u00edo que le hicieron la mayor parte de los asistentes al zar antisecuestros, Renato Sales Heredia, quien fue mandado hasta la tercera fila.<\/p>\n<p style=\"text-align: center;\"><strong>FALLECI\u00d3 RIVA PALACIO<\/strong><\/p>\n<p>A los 88 a\u00f1os muri\u00f3 el ex gobernador de Morelos, Antonio Riva Palacio, quien fue un destacado pol\u00edtico, militante pri\u00edsta por varias d\u00e9cadas.<\/p>\n<p>Riva Palacio fung\u00eda como asesor del actual gobierno de Morelos que encabeza Graco Ram\u00edrez Garrido, aunque antes presidi\u00f3 la Gran Comisi\u00f3n del Senado de la Rep\u00fablica, durante la administraci\u00f3n de Miguel de la Madrid Hurtado y antes de eso fue diputado federal y desempe\u00f1\u00f3 otras funciones dentro de su partido y de gobierno.<\/p>\n<p><em><a href=\"mailto:ramonzurita44@hotmail.com\" target=\"_blank\">ramonzurita44@hotmail.com<\/a><\/em><br \/>\n<a href=\"mailto:%20zurita_sahagun@hotmail.com\" target=\"_blank\"><em>zurita_sahagun@hotmail.com<\/em><\/a><\/p>\n","protected":false},"excerpt":{"rendered":"<p><span style=\"color: #005497;\"><strong>Ram\u00f3n Zurita Sahag\u00fan<\/strong><\/span><\/p>\n","protected":false},"author":3,"featured_media":0,"comment_status":"open","ping_status":"open","sticky":false,"template":"","format":"standard","meta":{"_monsterinsights_skip_tracking":false,"_monsterinsights_sitenote_active":false,"_monsterinsights_sitenote_note":"","_monsterinsights_sitenote_category":0,"footnotes":""},"categories":[234],"tags":[304,43674,1238,43687],"class_list":["post-182298","post","type-post","status-publish","format-standard","hentry","category-ramon-zurita-sahagun","tag-de-frente-y-de-perfil","tag-opinion","tag-presidencia-de-la-republica","tag-ramon-zurita-sahagun"],"_links":{"self":[{"href":"https:\/\/www.diarioimagen.net\/index.php?rest_route=\/wp\/v2\/posts\/182298","targetHints":{"allow":["GET"]}}],"collection":[{"href":"https:\/\/www.diarioimagen.net\/index.php?rest_route=\/wp\/v2\/posts"}],"about":[{"href":"https:\/\/www.diarioimagen.net\/index.php?rest_route=\/wp\/v2\/types\/post"}],"author":[{"embeddable":true,"href":"https:\/\/www.diarioimagen.net\/index.php?rest_route=\/wp\/v2\/users\/3"}],"replies":[{"embeddable":true,"href":"https:\/\/www.diarioimagen.net\/index.php?rest_route=%2Fwp%2Fv2%2Fcomments&post=182298"}],"version-history":[{"count":0,"href":"https:\/\/www.diarioimagen.net\/index.php?rest_route=\/wp\/v2\/posts\/182298\/revisions"}],"wp:attachment":[{"href":"https:\/\/www.diarioimagen.net\/index.php?rest_route=%2Fwp%2Fv2%2Fmedia&parent=182298"}],"wp:term":[{"taxonomy":"category","embeddable":true,"href":"https:\/\/www.diarioimagen.net\/index.php?rest_route=%2Fwp%2Fv2%2Fcategories&post=182298"},{"taxonomy":"post_tag","embeddable":true,"href":"https:\/\/www.diarioimagen.net\/index.php?rest_route=%2Fwp%2Fv2%2Ftags&post=182298"}],"curies":[{"name":"wp","href":"https:\/\/api.w.org\/{rel}","templated":true}]}}