{"id":182341,"date":"2014-07-17T00:04:03","date_gmt":"2014-07-17T05:04:03","guid":{"rendered":"http:\/\/www.diarioimagen.net\/?p=182341"},"modified":"2014-07-21T03:06:20","modified_gmt":"2014-07-21T08:06:20","slug":"en-marcha-operativo-vacaciones-de-verano","status":"publish","type":"post","link":"https:\/\/www.diarioimagen.net\/?p=182341","title":{"rendered":"En marcha, Operativo Vacaciones de Verano"},"content":{"rendered":"<ul>\n<li><strong><em>Vigente hasta el 17 de agosto<\/em><\/strong><\/li>\n<\/ul>\n<p>&nbsp;<\/p>\n<div id=\"attachment_182376\" style=\"width: 430px\" class=\"wp-caption aligncenter\"><a href=\"http:\/\/www.diarioimagen.net\/wp-content\/uploads\/2014\/07\/operativo-vacaciones-2401.jpg\"><img loading=\"lazy\" decoding=\"async\" aria-describedby=\"caption-attachment-182376\" class=\"size-large wp-image-182376\" src=\"http:\/\/www.diarioimagen.net\/wp-content\/uploads\/2014\/07\/operativo-vacaciones-2401-420x280.jpg\" alt=\"En el Museo Nacional de Antropolog\u00eda e Historia\u00a0se dio el banderazo de salida a las acciones para dar seguridad en esta temporada vacacional.\" width=\"420\" height=\"280\" srcset=\"https:\/\/www.diarioimagen.net\/wp-content\/uploads\/2014\/07\/operativo-vacaciones-2401-420x280.jpg 420w, https:\/\/www.diarioimagen.net\/wp-content\/uploads\/2014\/07\/operativo-vacaciones-2401-240x160.jpg 240w, https:\/\/www.diarioimagen.net\/wp-content\/uploads\/2014\/07\/operativo-vacaciones-2401.jpg 1200w\" sizes=\"auto, (max-width: 420px) 100vw, 420px\" \/><\/a><p id=\"caption-attachment-182376\" class=\"wp-caption-text\">En el Museo Nacional de Antropolog\u00eda e Historia\u00a0se dio el banderazo de salida a las acciones para dar seguridad en esta temporada vacacional.<\/p><\/div>\n<p>Fue puesto en marcha el Operativo Vacaciones de Verano 2014, el cual estar\u00e1 vigente hasta el 17 de agosto, el cual incluir\u00e1 reportes en tiempo real, mediante internet, de las incidencias ocurridas en carreteras y la sugerencia de rutas seguras para los mexicanos residentes en Estados Unidos.<\/p>\n<p>Las acciones son coordinadas por la Secretar\u00eda de Turismo y en ellas participan 12 dependencias federales, 19 organismos p\u00fablicos y tres privados, con el fin de dar seguridad a los paseantes.<\/p>\n<p>El banderazo de salid al operativo se realiz\u00f3 en el Museo Nacional de Antropolog\u00eda e Historia, donde el subsecretario de Innovaci\u00f3n y Desarrollo Tur\u00edstico de la Secretar\u00eda de Turismo, Carlos Joaqu\u00edn Gonz\u00e1lez, destac\u00f3 que las acciones en este sentido realizadas en 2013 fueron un \u00e9xito.<\/p>\n<p>El operativo consistir\u00e1 en vigilar las carreteras y destinos, as\u00ed como verificar la prestaci\u00f3n de servicios, mediante los trabajos que realizar\u00e1n Caminos y Puentes Federales, la Polic\u00eda Federal y la Procuradur\u00eda Federal del Consumidor.<\/p>\n<p>En el pa\u00eds habr\u00e1n 252 rutas seguras patrulladas por agentes federales con la instalaci\u00f3n de 77 campamentos, de los cuales, 52 son en coordinaci\u00f3n con la Polic\u00eda Federal y el Instituto Nacional de Migraci\u00f3n (Programa Paisano).<\/p>\n<p>La Sectur puso a disposici\u00f3n el n\u00famero de tel\u00e9fono gratuito 088, a trav\u00e9s del cual se proporcionar\u00e1 informaci\u00f3n, orientaci\u00f3n y auxilio a los turistas. Adem\u00e1s, la Secretar\u00eda de Comunicaciones y Transportes y Capufe abrir\u00e1n un chat y una p\u00e1gina para reportar, en tiempo real, de las \u201cincidencias en la red carretera concesionada\u201d.<\/p>\n","protected":false},"excerpt":{"rendered":"<p>La ma\u00f1ana de ayer fue puesto en marcha el Operativo Vacaciones de Verano 2014, el cual estar\u00e1 vigente hasta el 17 de agosto, el cual incluir\u00e1 reportes en tiempo real, mediante internet, de las incidencias ocurridas en carreteras y la sugerencia de rutas seguras para los mexicanos residentes en Estados Unidos.<\/p>\n","protected":false},"author":3,"featured_media":182376,"comment_status":"open","ping_status":"open","sticky":false,"template":"","format":"standard","meta":{"_monsterinsights_skip_tracking":false,"_monsterinsights_sitenote_active":false,"_monsterinsights_sitenote_note":"","_monsterinsights_sitenote_category":0,"footnotes":""},"categories":[3],"tags":[177,43673],"class_list":["post-182341","post","type-post","status-publish","format-standard","has-post-thumbnail","hentry","category-nacional","tag-estados-unidos","tag-nacional"],"_links":{"self":[{"href":"https:\/\/www.diarioimagen.net\/index.php?rest_route=\/wp\/v2\/posts\/182341","targetHints":{"allow":["GET"]}}],"collection":[{"href":"https:\/\/www.diarioimagen.net\/index.php?rest_route=\/wp\/v2\/posts"}],"about":[{"href":"https:\/\/www.diarioimagen.net\/index.php?rest_route=\/wp\/v2\/types\/post"}],"author":[{"embeddable":true,"href":"https:\/\/www.diarioimagen.net\/index.php?rest_route=\/wp\/v2\/users\/3"}],"replies":[{"embeddable":true,"href":"https:\/\/www.diarioimagen.net\/index.php?rest_route=%2Fwp%2Fv2%2Fcomments&post=182341"}],"version-history":[{"count":0,"href":"https:\/\/www.diarioimagen.net\/index.php?rest_route=\/wp\/v2\/posts\/182341\/revisions"}],"wp:featuredmedia":[{"embeddable":true,"href":"https:\/\/www.diarioimagen.net\/index.php?rest_route=\/wp\/v2\/media\/182376"}],"wp:attachment":[{"href":"https:\/\/www.diarioimagen.net\/index.php?rest_route=%2Fwp%2Fv2%2Fmedia&parent=182341"}],"wp:term":[{"taxonomy":"category","embeddable":true,"href":"https:\/\/www.diarioimagen.net\/index.php?rest_route=%2Fwp%2Fv2%2Fcategories&post=182341"},{"taxonomy":"post_tag","embeddable":true,"href":"https:\/\/www.diarioimagen.net\/index.php?rest_route=%2Fwp%2Fv2%2Ftags&post=182341"}],"curies":[{"name":"wp","href":"https:\/\/api.w.org\/{rel}","templated":true}]}}