{"id":182347,"date":"2014-07-17T00:08:45","date_gmt":"2014-07-17T05:08:45","guid":{"rendered":"http:\/\/www.diarioimagen.net\/?p=182347"},"modified":"2014-07-17T04:52:23","modified_gmt":"2014-07-17T09:52:23","slug":"la-uaem-firma-acuerdo-con-universidad-uruguaya","status":"publish","type":"post","link":"https:\/\/www.diarioimagen.net\/?p=182347","title":{"rendered":"La UAEM firma acuerdo con universidad uruguaya"},"content":{"rendered":"<ul>\n<li><em><strong>Fortalecen el intercambio estudiantil<\/strong><\/em><\/li>\n<\/ul>\n<div id=\"attachment_182368\" style=\"width: 430px\" class=\"wp-caption aligncenter\"><a href=\"http:\/\/www.diarioimagen.net\/wp-content\/uploads\/2014\/07\/UAEM-2401.jpg\"><img loading=\"lazy\" decoding=\"async\" aria-describedby=\"caption-attachment-182368\" class=\"size-large wp-image-182368\" src=\"http:\/\/www.diarioimagen.net\/wp-content\/uploads\/2014\/07\/UAEM-2401-420x300.jpg\" alt=\"El rector de la UAEM, Jorge Olvera Garc\u00eda, firm\u00f3 con su similar de la Universidad de la Rep\u00fablica de Uruguay, Rodrigo Arocena Linn, el Acuerdo de Movilidad.\" width=\"420\" height=\"300\" srcset=\"https:\/\/www.diarioimagen.net\/wp-content\/uploads\/2014\/07\/UAEM-2401-420x300.jpg 420w, https:\/\/www.diarioimagen.net\/wp-content\/uploads\/2014\/07\/UAEM-2401-240x171.jpg 240w, https:\/\/www.diarioimagen.net\/wp-content\/uploads\/2014\/07\/UAEM-2401-90x65.jpg 90w, https:\/\/www.diarioimagen.net\/wp-content\/uploads\/2014\/07\/UAEM-2401.jpg 700w\" sizes=\"auto, (max-width: 420px) 100vw, 420px\" \/><\/a><p id=\"caption-attachment-182368\" class=\"wp-caption-text\">El rector de la UAEM, Jorge Olvera Garc\u00eda, firm\u00f3 con su similar de la Universidad de la Rep\u00fablica de Uruguay, Rodrigo Arocena Linn, el Acuerdo de Movilidad.<\/p><\/div>\n<p><strong>Montevideo, Uruguay<\/strong>.- El rector de la UAEM, Jorge Olvera Garc\u00eda, sign\u00f3 con su similar de la Universidad de la Rep\u00fablica de Uruguay, Rodrigo Arocena Linn, el Acuerdo de Movilidad que permitir\u00e1 a estudiantes de licenciatura y posgrado participar en el programa de intercambio estudiantil entre ambas instituciones.<\/p>\n<p>Olvera Garc\u00eda resalt\u00f3 que uno de los objetivos de la administraci\u00f3n que encabeza es consolidar la internacionalizaci\u00f3n de la Aut\u00f3noma mexiquense y promover las acciones que permitan a sus estudiantes cursar un semestre en una universidad extranjera.<\/p>\n<p>Arocena Linn subray\u00f3 la importancia del v\u00ednculo establecido con la UAEM, con el objetivo de fomentar el intercambio de estudiantes de licenciatura y posgrado, principalmente en las \u00e1reas de Ciencias Sociales, Ciencias de la Salud y tecnolog\u00edas.<\/p>\n<p>En la continuaci\u00f3n de la gira de trabajo que realiza por Sudam\u00e9rica, el rector de la Universidad Aut\u00f3noma del Estado de M\u00e9xico, Jorge Olvera Garc\u00eda, sign\u00f3 con su similar de la Universidad de la Rep\u00fablica de Uruguay (UDELAR), Rodrigo Arocena Linn, el Acuerdo de Movilidad que permitir\u00e1 a estudiantes de licenciatura y posgrado participar en el programa de intercambio estudiantil entre ambas instituciones.<\/p>\n<p>En la sede de la universidad uruguaya \u2013que cuenta con una matr\u00edcula superior a los 85 mil estudiantes-, en Montevideo, Olvera Garc\u00eda y Arocena Linn acordaron las bases de funcionamiento de dicho programa, al que podr\u00e1n acceder los alumnos de licenciatura que tengan cubierto 50 por ciento de los cr\u00e9ditos de sus programas de estudio y los de posgrado que tengan cubierto 35 por ciento; en ambos casos, podr\u00e1n cursar hasta un semestre en la instituci\u00f3n contraparte.<\/p>\n<p>Ante las directoras general de Relaciones y Cooperaci\u00f3n, Ana Mar\u00eda Castro, y de Convenios de la UDELAR, Beatriz Rodr\u00edguez, Jorge Olvera Garc\u00eda resalt\u00f3 que uno de los objetivos de la administraci\u00f3n que encabeza es consolidar la internacionalizaci\u00f3n de la m\u00e1xima casa de estudios mexiquense y promover acciones que permitan a sus cerca de 70 mil estudiantes cursar un semestre en una universidad extranjera.<\/p>\n","protected":false},"excerpt":{"rendered":"<p>El rector de la UAEM, Jorge Olvera Garc\u00eda, sign\u00f3 con su similar de la Universidad de la Rep\u00fablica de Uruguay, Rodrigo Arocena Linn, el Acuerdo de Movilidad que permitir\u00e1 a estudiantes de licenciatura y posgrado participar en el programa de intercambio estudiantil entre ambas instituciones.<\/p>\n","protected":false},"author":3,"featured_media":182368,"comment_status":"open","ping_status":"open","sticky":false,"template":"","format":"standard","meta":{"_monsterinsights_skip_tracking":false,"_monsterinsights_sitenote_active":false,"_monsterinsights_sitenote_note":"","_monsterinsights_sitenote_category":0,"footnotes":""},"categories":[5],"tags":[43675,1491,4680],"class_list":["post-182347","post","type-post","status-publish","format-standard","has-post-thumbnail","hentry","category-estado-de-mexico","tag-estado-de-mexico","tag-uaem","tag-uruguay"],"_links":{"self":[{"href":"https:\/\/www.diarioimagen.net\/index.php?rest_route=\/wp\/v2\/posts\/182347","targetHints":{"allow":["GET"]}}],"collection":[{"href":"https:\/\/www.diarioimagen.net\/index.php?rest_route=\/wp\/v2\/posts"}],"about":[{"href":"https:\/\/www.diarioimagen.net\/index.php?rest_route=\/wp\/v2\/types\/post"}],"author":[{"embeddable":true,"href":"https:\/\/www.diarioimagen.net\/index.php?rest_route=\/wp\/v2\/users\/3"}],"replies":[{"embeddable":true,"href":"https:\/\/www.diarioimagen.net\/index.php?rest_route=%2Fwp%2Fv2%2Fcomments&post=182347"}],"version-history":[{"count":0,"href":"https:\/\/www.diarioimagen.net\/index.php?rest_route=\/wp\/v2\/posts\/182347\/revisions"}],"wp:featuredmedia":[{"embeddable":true,"href":"https:\/\/www.diarioimagen.net\/index.php?rest_route=\/wp\/v2\/media\/182368"}],"wp:attachment":[{"href":"https:\/\/www.diarioimagen.net\/index.php?rest_route=%2Fwp%2Fv2%2Fmedia&parent=182347"}],"wp:term":[{"taxonomy":"category","embeddable":true,"href":"https:\/\/www.diarioimagen.net\/index.php?rest_route=%2Fwp%2Fv2%2Fcategories&post=182347"},{"taxonomy":"post_tag","embeddable":true,"href":"https:\/\/www.diarioimagen.net\/index.php?rest_route=%2Fwp%2Fv2%2Ftags&post=182347"}],"curies":[{"name":"wp","href":"https:\/\/api.w.org\/{rel}","templated":true}]}}