{"id":182355,"date":"2014-07-17T00:02:43","date_gmt":"2014-07-17T05:02:43","guid":{"rendered":"http:\/\/www.diarioimagen.net\/?p=182355"},"modified":"2014-07-17T04:58:53","modified_gmt":"2014-07-17T09:58:53","slug":"puebla-y-la-ley-bala","status":"publish","type":"post","link":"https:\/\/www.diarioimagen.net\/?p=182355","title":{"rendered":"Puebla y la ley bala"},"content":{"rendered":"<h2>Desde el portal<\/h2>\n<h5>\u00c1ngel Soriano<\/h5>\n<p>&nbsp;<\/p>\n<p>No procede la renuncia \u2014como se ha solicitado- del gobernador de Puebla, Rafael Moreno Valle, porque ocupa un cargo de elecci\u00f3n popular y porque se duda que el Congreso local le otorgue licencia debido al brutal uso de la fuerza p\u00fablica contra manifestantes de San Bernardino Chalchihuap\u00e1n que, al igual que el ingeniero Cuauht\u00e9moc C\u00e1rdenas y Andr\u00e9s Manuel L\u00f3pez Obrador \u2014en el caso del petr\u00f3leo-,\u00a0\u00a0 pretend\u00edan hacer valer el derecho ciudadano mediante la recolecci\u00f3n de firmas para que se les restituya el servicio del Registro Civil.<\/p>\n<p>Una demanda ciudadana fue recibida con balas de goma, gases lacrim\u00f3genos, misiles de pl\u00e1stico negro de 20 cent\u00edmetros de largo lanzados desde helic\u00f3pteros, todo esto ordenado por el polic\u00eda represor Facundo Rosas contra indefensos ciudadanos, que resultaron heridos entre ellos el menor Jos\u00e9 Luis Tehuatlie Tamayo que se encuentra en estado de coma.<\/p>\n<p>Seguramente, el gobernador Moreno Valle en su precampa\u00f1a presidencial, busca hacerse de una imagen de gobernante \u201cduro\u201d o de aplicador de justicia mediante la fuerza, imponiendo la autoridad en contra de los que considera un peligro para la sociedad, reprimiendo manifestaciones sociales para mantener al estado en paz, como seguramente es su proyecto para el pa\u00eds.<\/p>\n<p>De acuerdo al \u201cMovimiento Nacional Los de Abajo\u201d, el gobernador panista \u201cse conduce con cerraz\u00f3n pol\u00edtica, anteponiendo el uso de la fuerza policiaca para cerrarle el paso a la civilidad pol\u00edtica y hoy mantiene encarcelados a 37 l\u00edderes sociales\u201d.<\/p>\n<p>Los inconformes piden la intervenci\u00f3n de la Secretar\u00eda de Gobernaci\u00f3n para detener la pol\u00edtica abusiva del aspirante a Los Pinos.<\/p>\n<p style=\"text-align: center;\"><strong>TURBULENCIAS<br \/>\nComisi\u00f3n de trabajo piden diputados<\/strong><\/p>\n<p>Ricardo Monreal, del PT, Miguel Alonso Raya y Roxana Luna, del PRD, pidieron en la Comisi\u00f3n Permanente del Congreso de la Uni\u00f3n se integre una comisi\u00f3n de trabajo para investigar los hechos de San Bernardino Chalchihuap\u00e1n, toda vez que consideran injusto que las leg\u00edtimas demandas ciudadanas \u2014como el obtener facilidades en el Registro Civil- reciban del gobierno del estado como respuesta a una agresi\u00f3n policiaca, lo cual resulta intolerable pues la autoridad est\u00e1 para servir a la sociedad y no para golpearla\u2026El gobernador Gabino Cu\u00e9 se\u00f1al\u00f3 que no hay motivo para que la secci\u00f3n 22 de la CNTE promueva un boicot a la Guelaguetza, pues sus demandas han obtenido respuestas y se mantiene la mesa de di\u00e1logo a nivel federal, no hay retraso en sus pagos y est\u00e1n atendidos debidamente\u2026.El presidente de la Comisi\u00f3n de Vigilancia de la Auditor\u00eda Superior de la Federaci\u00f3n, diputado Jos\u00e9 Luis Mu\u00f1oz Soria, durante una reuni\u00f3n con la ANUIES, dijo que las instituciones de educaci\u00f3n superior representan el mayor reto de este pa\u00eds para el futuro y \u201ceso no debe llevar a creer que porque son aut\u00f3nomas pueden hacer lo que quieran con el manejo de los recursos p\u00fablicos. Nadie puede estar excluido de la fiscalizaci\u00f3n\u201d, en tanto que su dirigente, Enrique Fern\u00e1ndez Fassnacht, expres\u00f3 la disposici\u00f3n de las 180 instituciones agrupadas en la ANUIES de rendir cuentas a la sociedad, para lo cual propuso modificar el art\u00edculo 43 Bis del Presupuesto de Egresos de la Federaci\u00f3n\u2026A invitaci\u00f3n de la lideresa del PRI en Sinaloa, Martha Tamayo, el diputado local H\u00e9ctor Melesio Cu\u00e9n Ojeda se reuni\u00f3 con el mexiquense C\u00e9sar Camacho para establecer una posible alianza con el Partido Sinaloense para las elecciones del 2015 y las del 2016 en que se elije gobernador de la entidad\u2026<\/p>\n<p><em><a href=\"http:\/\/www.revista-brecha.com\/\" target=\"_blank\">www.revista-brecha.com<br \/>\n<\/a><a href=\"mailto:vidanacional@yahoo.com.mx\" target=\"_blank\">vidanacional@yahoo.com.mx<\/a><\/em><\/p>\n","protected":false},"excerpt":{"rendered":"<p><span style=\"color: #005497;\"><strong>\u00c1ngel Soriano<\/strong><\/span><\/p>\n","protected":false},"author":3,"featured_media":0,"comment_status":"open","ping_status":"open","sticky":false,"template":"","format":"standard","meta":{"_monsterinsights_skip_tracking":false,"_monsterinsights_sitenote_active":false,"_monsterinsights_sitenote_note":"","_monsterinsights_sitenote_category":0,"footnotes":""},"categories":[135],"tags":[1352,85,86,43674],"class_list":["post-182355","post","type-post","status-publish","format-standard","hentry","category-angel-soriano-opinion","tag-andres-manuel-lopez-obrador","tag-angel-soriano","tag-desde-el-portal","tag-opinion"],"_links":{"self":[{"href":"https:\/\/www.diarioimagen.net\/index.php?rest_route=\/wp\/v2\/posts\/182355","targetHints":{"allow":["GET"]}}],"collection":[{"href":"https:\/\/www.diarioimagen.net\/index.php?rest_route=\/wp\/v2\/posts"}],"about":[{"href":"https:\/\/www.diarioimagen.net\/index.php?rest_route=\/wp\/v2\/types\/post"}],"author":[{"embeddable":true,"href":"https:\/\/www.diarioimagen.net\/index.php?rest_route=\/wp\/v2\/users\/3"}],"replies":[{"embeddable":true,"href":"https:\/\/www.diarioimagen.net\/index.php?rest_route=%2Fwp%2Fv2%2Fcomments&post=182355"}],"version-history":[{"count":0,"href":"https:\/\/www.diarioimagen.net\/index.php?rest_route=\/wp\/v2\/posts\/182355\/revisions"}],"wp:attachment":[{"href":"https:\/\/www.diarioimagen.net\/index.php?rest_route=%2Fwp%2Fv2%2Fmedia&parent=182355"}],"wp:term":[{"taxonomy":"category","embeddable":true,"href":"https:\/\/www.diarioimagen.net\/index.php?rest_route=%2Fwp%2Fv2%2Fcategories&post=182355"},{"taxonomy":"post_tag","embeddable":true,"href":"https:\/\/www.diarioimagen.net\/index.php?rest_route=%2Fwp%2Fv2%2Ftags&post=182355"}],"curies":[{"name":"wp","href":"https:\/\/api.w.org\/{rel}","templated":true}]}}