{"id":182425,"date":"2014-07-17T16:57:57","date_gmt":"2014-07-17T21:57:57","guid":{"rendered":"http:\/\/www.diarioimagen.net\/?p=182425"},"modified":"2014-07-21T03:07:08","modified_gmt":"2014-07-21T08:07:08","slug":"rafa-marquez-se-suma-al-apoyo-que-han-manifestado-fox-marta-krauze-y-meyer-a-mama-rosa","status":"publish","type":"post","link":"https:\/\/www.diarioimagen.net\/?p=182425","title":{"rendered":"Rafa M\u00e1rquez se suma al apoyo que han manifestado Fox, Marta, Krauze y Meyer a Mam\u00e1 Rosa"},"content":{"rendered":"<div id=\"attachment_182426\" style=\"width: 250px\" class=\"wp-caption alignleft\"><img loading=\"lazy\" decoding=\"async\" aria-describedby=\"caption-attachment-182426\" class=\"size-medium wp-image-182426\" src=\"http:\/\/www.diarioimagen.net\/wp-content\/uploads\/2014\/07\/mama-portal-240x135.jpg\" alt=\"El historiador Lorenzo Meyer ha dicho: \u201cMam\u00e1 Rosa tiene el apoyo de todo el Valle de Zamora y los productores le entregan, todos los d\u00edas, cantidades tan grandes de comida que no sabe qu\u00e9 hacer con ella\u201d.\" width=\"240\" height=\"135\" srcset=\"https:\/\/www.diarioimagen.net\/wp-content\/uploads\/2014\/07\/mama-portal-240x135.jpg 240w, https:\/\/www.diarioimagen.net\/wp-content\/uploads\/2014\/07\/mama-portal-420x236.jpg 420w, https:\/\/www.diarioimagen.net\/wp-content\/uploads\/2014\/07\/mama-portal-235x132.jpg 235w, https:\/\/www.diarioimagen.net\/wp-content\/uploads\/2014\/07\/mama-portal-202x114.jpg 202w, https:\/\/www.diarioimagen.net\/wp-content\/uploads\/2014\/07\/mama-portal-350x196.jpg 350w, https:\/\/www.diarioimagen.net\/wp-content\/uploads\/2014\/07\/mama-portal-220x123.jpg 220w, https:\/\/www.diarioimagen.net\/wp-content\/uploads\/2014\/07\/mama-portal-237x132.jpg 237w, https:\/\/www.diarioimagen.net\/wp-content\/uploads\/2014\/07\/mama-portal.jpg 480w\" sizes=\"auto, (max-width: 240px) 100vw, 240px\" \/><p id=\"caption-attachment-182426\" class=\"wp-caption-text\">El historiador Lorenzo Meyer ha dicho: \u201cMam\u00e1 Rosa tiene el apoyo de todo el Valle de Zamora y los productores le entregan, todos los d\u00edas, cantidades tan grandes de comida que no sabe qu\u00e9 hacer con ella\u201d.<\/p><\/div>\n<p>La Comisi\u00f3n Nacional de los Derechos Humanos investiga las condiciones del albergue La Gran Familia, ubicado en Zamora, Michoac\u00e1n, lugar donde presuntamente se cometieron m\u00faltiples abusos y maltratos contra menores de edad, que pudieran constituir violaciones a derechos humanos.<\/p>\n<p>Fuerzas federales y estatales intervinieron el albergue donde \u201caseguraron\u201d a 596 personas, entre ellas 278 ni\u00f1os, 174 ni\u00f1as, seis beb\u00e9s reci\u00e9n nacidos y 138 mayores de edad. La CNDH dar\u00e1 seguimiento a la atenci\u00f3n que reciban todas estas personas y su destino final.<\/p>\n<p>Personal de la CNDH recab\u00f3 testimonios de testigos y de v\u00edctimas menores de edad que se encontraban en el albergue, sobre abusos, maltratos f\u00edsicos, alimentos en mal estado y hasta de un cuarto de castigos donde los internos eran obligados a estar por horas y sin alimentos. Menores han declarado que adem\u00e1s de las condiciones de hacinamiento e insalubridad, durante a\u00f1os sufrieron abuso psicol\u00f3gico y sexual.<\/p>\n<p>En cambio, para el capit\u00e1n de la Selecci\u00f3n Mexicana de futbol, Rafael M\u00e1rquez, la directora del albergue Rosa del Carmen Verduzco, conocida como \u201cMam\u00e1 Rosa\u201d, es inocente de la situaci\u00f3n de maltrato y abuso que presuntamente ha tenido lugar en el lugar.<\/p>\n<p>\u201cRafa\u201d M\u00e1rquez dese\u00f3 a la mujer \u201c\u00e1nimo y fuerza\u201d a trav\u00e9s de su cuenta de Twiter y con ello se suma al respaldo que tambi\u00e9n han manifestado personajes de la pol\u00edtica, analistas y ciudadanos, tales como el ex presidente Vicente Fox y su esposa Marta Sahag\u00fan; el historiador Enrique Krauze y el polit\u00f3logo Lorenzo Meyer, entre otros.<\/p>\n","protected":false},"excerpt":{"rendered":"<p>La Comisi\u00f3n Nacional de los Derechos Humanos investiga las condiciones del albergue La Gran Familia, ubicado en Zamora, Michoac\u00e1n, lugar donde presuntamente se cometieron m\u00faltiples abusos y maltratos contra menores de edad, que pudieran constituir violaciones a derechos humanos.<\/p>\n","protected":false},"author":5,"featured_media":182426,"comment_status":"open","ping_status":"open","sticky":false,"template":"","format":"standard","meta":{"_monsterinsights_skip_tracking":false,"_monsterinsights_sitenote_active":false,"_monsterinsights_sitenote_note":"","_monsterinsights_sitenote_category":0,"footnotes":""},"categories":[3],"tags":[23642],"class_list":["post-182425","post","type-post","status-publish","format-standard","has-post-thumbnail","hentry","category-nacional","tag-fox"],"_links":{"self":[{"href":"https:\/\/www.diarioimagen.net\/index.php?rest_route=\/wp\/v2\/posts\/182425","targetHints":{"allow":["GET"]}}],"collection":[{"href":"https:\/\/www.diarioimagen.net\/index.php?rest_route=\/wp\/v2\/posts"}],"about":[{"href":"https:\/\/www.diarioimagen.net\/index.php?rest_route=\/wp\/v2\/types\/post"}],"author":[{"embeddable":true,"href":"https:\/\/www.diarioimagen.net\/index.php?rest_route=\/wp\/v2\/users\/5"}],"replies":[{"embeddable":true,"href":"https:\/\/www.diarioimagen.net\/index.php?rest_route=%2Fwp%2Fv2%2Fcomments&post=182425"}],"version-history":[{"count":0,"href":"https:\/\/www.diarioimagen.net\/index.php?rest_route=\/wp\/v2\/posts\/182425\/revisions"}],"wp:featuredmedia":[{"embeddable":true,"href":"https:\/\/www.diarioimagen.net\/index.php?rest_route=\/wp\/v2\/media\/182426"}],"wp:attachment":[{"href":"https:\/\/www.diarioimagen.net\/index.php?rest_route=%2Fwp%2Fv2%2Fmedia&parent=182425"}],"wp:term":[{"taxonomy":"category","embeddable":true,"href":"https:\/\/www.diarioimagen.net\/index.php?rest_route=%2Fwp%2Fv2%2Fcategories&post=182425"},{"taxonomy":"post_tag","embeddable":true,"href":"https:\/\/www.diarioimagen.net\/index.php?rest_route=%2Fwp%2Fv2%2Ftags&post=182425"}],"curies":[{"name":"wp","href":"https:\/\/api.w.org\/{rel}","templated":true}]}}