{"id":182456,"date":"2014-07-18T00:06:16","date_gmt":"2014-07-18T05:06:16","guid":{"rendered":"http:\/\/www.diarioimagen.net\/?p=182456"},"modified":"2014-07-21T03:08:18","modified_gmt":"2014-07-21T08:08:18","slug":"eruviel-avila-anuncia-construccion-de-hospital-oncologico-en-ecatepec","status":"publish","type":"post","link":"https:\/\/www.diarioimagen.net\/?p=182456","title":{"rendered":"Eruviel \u00c1vila anuncia construcci\u00f3n de hospital oncol\u00f3gico en Ecatepec"},"content":{"rendered":"<ul>\n<li><strong><em>El gobernador mexiquense dice que con esta medida se busca que haya m\u00e1s sobrevivientes a la segunda causa de muerte en el pa\u00eds<\/em><\/strong><\/li>\n<\/ul>\n<div id=\"attachment_182468\" style=\"width: 430px\" class=\"wp-caption aligncenter\"><a href=\"http:\/\/www.diarioimagen.net\/wp-content\/uploads\/2014\/07\/eruviel-2402.jpg\"><img loading=\"lazy\" decoding=\"async\" aria-describedby=\"caption-attachment-182468\" class=\"size-large wp-image-182468\" src=\"http:\/\/www.diarioimagen.net\/wp-content\/uploads\/2014\/07\/eruviel-2402-420x278.jpg\" alt=\"Al conmemorar el D\u00eda del Superviviente de C\u00e1ncer, el gobernador Eruviel \u00c1vila Villegas inform\u00f3 que en agosto, iniciar\u00e1 la construcci\u00f3n del hospital oncol\u00f3gico en el municipio de Ecatepec, con una inversi\u00f3n de m\u00e1s de 460 millones de pesos, que atender\u00e1 a la poblaci\u00f3n del Valle de M\u00e9xico y evitar\u00e1 que los pacientes se trasladen al Distrito Federal para recibir tratamiento.\" width=\"420\" height=\"278\" srcset=\"https:\/\/www.diarioimagen.net\/wp-content\/uploads\/2014\/07\/eruviel-2402-420x278.jpg 420w, https:\/\/www.diarioimagen.net\/wp-content\/uploads\/2014\/07\/eruviel-2402-240x159.jpg 240w, https:\/\/www.diarioimagen.net\/wp-content\/uploads\/2014\/07\/eruviel-2402.jpg 1200w\" sizes=\"auto, (max-width: 420px) 100vw, 420px\" \/><\/a><p id=\"caption-attachment-182468\" class=\"wp-caption-text\">Al conmemorar el D\u00eda del Superviviente de C\u00e1ncer, el gobernador Eruviel \u00c1vila Villegas inform\u00f3 que en agosto, iniciar\u00e1 la construcci\u00f3n del hospital oncol\u00f3gico en el municipio de Ecatepec, con una inversi\u00f3n de m\u00e1s de 460 millones de pesos, que atender\u00e1 a la poblaci\u00f3n del Valle de M\u00e9xico y evitar\u00e1 que los pacientes se trasladen al Distrito Federal para recibir tratamiento.<\/p><\/div>\n<p><strong>Toluca, Estado de M\u00e9xico<\/strong>.- En 2011, Ver\u00f3nica Cadena Romero sab\u00eda que algo andaba mal en su cuerpo, a trav\u00e9s de una autoexploraci\u00f3n mamaria sinti\u00f3 una bolita que con el paso de los meses creci\u00f3 y fue detectada como tumor cancer\u00edgeno. Ella, al igual que muchas otras mujeres se someti\u00f3 a quimioterapias y\u00a0 comenz\u00f3 su batalla contra esta enfermedad. Las fuerzas para aferrarse a la vida se las dieron sus hijos y hoy es considerada como una superviviente del c\u00e1ncer, quien adem\u00e1s trabaja para que m\u00e1s mujeres mexiquenses puedan realizarse mastograf\u00edas de forma gratuita y da conferencias para que \u00e9stas tomen conciencia de la importancia de la autoexploraci\u00f3n.<\/p>\n<p>Para lograr que m\u00e1s historias como la de Ver\u00f3nica se repitan en la entidad, el gobernador Eruviel \u00c1vila Villegas anunci\u00f3 que en agosto iniciar\u00e1 la construcci\u00f3n del hospital oncol\u00f3gico en el municipio de Ecatepec, con una inversi\u00f3n de m\u00e1s de 460 millones de pesos, que atender\u00e1 a la poblaci\u00f3n del Valle de M\u00e9xico que padece esta enfermedad y evitar\u00e1 que\u00a0 tengan que trasladarse al Distrito Federal para recibir un tratamiento; adem\u00e1s, inform\u00f3 que se entregar\u00e1n becas a todos los alumnos inscritos en el ciclo escolar 2014-2105 que tengan c\u00e1ncer.<\/p>\n<p>\u201cLos testimonios de algunas personas que han vencido el c\u00e1ncer, sin duda, nos dejan grandes lecciones de vida, ustedes amigas, amigos, son guerreras, guerreros, que con la valent\u00eda se enfrentan a\u00a0 una batalla,\u00a0 y regresan victoriosos de ella, vemos en los testimoniales que algunos de ustedes han superado el c\u00e1ncer, incluso, por segunda ocasi\u00f3n, por ello les reconocemos, les admiramos, valoramos su testimonio de vida, son ejemplo a seguir por su esfuerzo, su entereza, sus ganas de vivir y luchar contra todo lo que venga. Al igual que el INCan, al igual que su patronato, al igual\u00a0 que el presidente Enrique Pe\u00f1a Nieto, el Estado de M\u00e9xico tambi\u00e9n nos la jugamos y nos solidarizamos con estas mujeres y hombres valientes que han ganado la batalla al c\u00e1ncer, y aquellos, que insisto, hoy d\u00eda est\u00e1n ganando la batalla, est\u00e1n siendo o recibiendo tratamiento\u201d, expres\u00f3.<\/p>\n<p>Al conmemorar el D\u00eda del Superviviente de C\u00e1ncer y acompa\u00f1ado de Francisco Gonz\u00e1lez Albuerne, presidente del Patronato del Instituto Nacional de Cancerolog\u00eda (INCan), Eruviel \u00c1vila se\u00f1al\u00f3 que estas acciones forman parte de un plan integral que realiza el gobierno del Estado de M\u00e9xico para apoyar a quienes se enfrentan a la segunda causa de muerte en los mexicanos, y a las que se suman la instalaci\u00f3n de cinco mast\u00f3grafos en los hospitales regionales de Atlacomulco, Ixtlahuaca, San Felipe del Progreso, Tejupilco y Valle de Bravo, as\u00ed como la construcci\u00f3n de la Unidad de Especialidades M\u00e9dicas en la Detecci\u00f3n y Diagn\u00f3stico del C\u00e1ncer de Mama en Cuautitl\u00e1n Izcalli, para la que se destinaron 33 millones de pesos y que registra un 90 por ciento de avance, y se contempla la edificaci\u00f3n de otro espacio de este tipo en Huixquilucan, con un monto de 15 millones de pesos.<\/p>\n","protected":false},"excerpt":{"rendered":"<p> En 2011, Ver\u00f3nica Cadena Romero sab\u00eda que algo andaba mal en su cuerpo, a trav\u00e9s de una autoexploraci\u00f3n mamaria sinti\u00f3 una bolita que con el paso de los meses creci\u00f3 y fue detectada como tumor cancer\u00edgeno. Ella, al igual que muchas otras mujeres se someti\u00f3 a quimioterapias y  comenz\u00f3 su batalla contra esta enfermedad. Las fuerzas para aferrarse a la vida se las dieron sus hijos y hoy es considerada como una superviviente del c\u00e1ncer, quien adem\u00e1s trabaja para que m\u00e1s mujeres mexiquenses puedan realizarse mastograf\u00edas de forma gratuita y da conferencias para que \u00e9stas tomen conciencia de la importancia de la autoexploraci\u00f3n.<\/p>\n","protected":false},"author":3,"featured_media":182468,"comment_status":"open","ping_status":"open","sticky":false,"template":"","format":"standard","meta":{"_monsterinsights_skip_tracking":false,"_monsterinsights_sitenote_active":false,"_monsterinsights_sitenote_note":"","_monsterinsights_sitenote_category":0,"footnotes":""},"categories":[5],"tags":[39,43675,452],"class_list":["post-182456","post","type-post","status-publish","format-standard","has-post-thumbnail","hentry","category-estado-de-mexico","tag-distrito-federal","tag-estado-de-mexico","tag-toluca"],"_links":{"self":[{"href":"https:\/\/www.diarioimagen.net\/index.php?rest_route=\/wp\/v2\/posts\/182456","targetHints":{"allow":["GET"]}}],"collection":[{"href":"https:\/\/www.diarioimagen.net\/index.php?rest_route=\/wp\/v2\/posts"}],"about":[{"href":"https:\/\/www.diarioimagen.net\/index.php?rest_route=\/wp\/v2\/types\/post"}],"author":[{"embeddable":true,"href":"https:\/\/www.diarioimagen.net\/index.php?rest_route=\/wp\/v2\/users\/3"}],"replies":[{"embeddable":true,"href":"https:\/\/www.diarioimagen.net\/index.php?rest_route=%2Fwp%2Fv2%2Fcomments&post=182456"}],"version-history":[{"count":0,"href":"https:\/\/www.diarioimagen.net\/index.php?rest_route=\/wp\/v2\/posts\/182456\/revisions"}],"wp:featuredmedia":[{"embeddable":true,"href":"https:\/\/www.diarioimagen.net\/index.php?rest_route=\/wp\/v2\/media\/182468"}],"wp:attachment":[{"href":"https:\/\/www.diarioimagen.net\/index.php?rest_route=%2Fwp%2Fv2%2Fmedia&parent=182456"}],"wp:term":[{"taxonomy":"category","embeddable":true,"href":"https:\/\/www.diarioimagen.net\/index.php?rest_route=%2Fwp%2Fv2%2Fcategories&post=182456"},{"taxonomy":"post_tag","embeddable":true,"href":"https:\/\/www.diarioimagen.net\/index.php?rest_route=%2Fwp%2Fv2%2Ftags&post=182456"}],"curies":[{"name":"wp","href":"https:\/\/api.w.org\/{rel}","templated":true}]}}