{"id":182458,"date":"2014-07-18T00:13:09","date_gmt":"2014-07-18T05:13:09","guid":{"rendered":"http:\/\/www.diarioimagen.net\/?p=182458"},"modified":"2014-07-18T03:10:05","modified_gmt":"2014-07-18T08:10:05","slug":"mas-acciones-de-salud-en-el-edomex","status":"publish","type":"post","link":"https:\/\/www.diarioimagen.net\/?p=182458","title":{"rendered":"M\u00e1s acciones de salud en el Edomex"},"content":{"rendered":"<h2>Arco Norte<\/h2>\n<h5>Jos\u00e9 Luis Monta\u00f1ez Aguilar<\/h5>\n<p>&nbsp;<\/p>\n<div id=\"attachment_182464\" style=\"width: 430px\" class=\"wp-caption aligncenter\"><a href=\"http:\/\/www.diarioimagen.net\/wp-content\/uploads\/2014\/07\/arco-2402.jpg\"><img loading=\"lazy\" decoding=\"async\" aria-describedby=\"caption-attachment-182464\" class=\"size-large wp-image-182464\" src=\"http:\/\/www.diarioimagen.net\/wp-content\/uploads\/2014\/07\/arco-2402-420x310.jpg\" alt=\"El gobernador del Estado de M\u00e9xico, Eruviel \u00c1vila Villegas.\" width=\"420\" height=\"310\" srcset=\"https:\/\/www.diarioimagen.net\/wp-content\/uploads\/2014\/07\/arco-2402-420x310.jpg 420w, https:\/\/www.diarioimagen.net\/wp-content\/uploads\/2014\/07\/arco-2402-240x177.jpg 240w, https:\/\/www.diarioimagen.net\/wp-content\/uploads\/2014\/07\/arco-2402-90x65.jpg 90w, https:\/\/www.diarioimagen.net\/wp-content\/uploads\/2014\/07\/arco-2402.jpg 700w\" sizes=\"auto, (max-width: 420px) 100vw, 420px\" \/><\/a><p id=\"caption-attachment-182464\" class=\"wp-caption-text\">El gobernador del Estado de M\u00e9xico, Eruviel \u00c1vila Villegas.<\/p><\/div>\n<p><strong>Toluca, Estado de M\u00e9xico<\/strong>.- Para salvar m\u00e1s vidas el gobierno del Estado de M\u00e9xico iniciar\u00e1 la construcci\u00f3n del hospital oncol\u00f3gico en el municipio de Ecatepec, que tendr\u00e1 una inversi\u00f3n de poco m\u00e1s de 460 millones de pesos y atender\u00e1 a la poblaci\u00f3n del Valle de M\u00e9xico, se\u00f1al\u00f3 ayer el gobernador Eruviel \u00c1vila Villegas, quien tambi\u00e9n dijo que todos los alumnos inscritos en el ciclo escolar 2014-2015 y padezcan esta enfermedad tendr\u00e1n una beca. \u201cLos testimonios de algunas personas que han vencido el c\u00e1ncer, sin duda, nos dejan grandes lecciones de vida, ustedes amigas, amigos, son guerreras, guerreros, que con la valent\u00eda se enfrentan a\u00a0 una batalla,\u00a0 y regresan victoriosos de ella, vemos en los testimoniales que algunos de ustedes han superado el c\u00e1ncer, incluso, por segunda ocasi\u00f3n, por ello les reconocemos, les admiramos, valoramos su testimonio de vida, son ejemplo a seguir por su esfuerzo, su entereza, sus ganas de vivir y luchar contra todo lo que venga. Al igual que el INCan, al igual que su patronato, al igual\u00a0que el presidente Enrique Pe\u00f1a Nieto, el Estado de M\u00e9xico tambi\u00e9n nos la jugamos y nos solidarizamos con estas mujeres y hombres valientes que han ganado la batalla al c\u00e1ncer, y aquellos, que insisto, hoy d\u00eda est\u00e1n ganando la batalla, est\u00e1n siendo o recibiendo tratamiento\u201d, expres\u00f3. Al conmemorar el D\u00eda del Superviviente de C\u00e1ncer y acompa\u00f1ado de Francisco Gonz\u00e1lez Albuerne, presidente del Patronato del Instituto Nacional de Cancerolog\u00eda (INCan), el gobernador se\u00f1al\u00f3 que estas acciones forman parte de un plan integral que realiza el gobierno para apoyar a quienes se enfrentan al padecimiento que es la segunda causa de muerte entre los mexicanos.<\/p>\n<p><em><a href=\"mailto:montanezaguilar@gmail.com\" target=\"_blank\">montanezaguilar@gmail.com<\/a><\/em><\/p>\n","protected":false},"excerpt":{"rendered":"<p><span style=\"color: #005497;\"><strong>Jos\u00e9 Luis Monta\u00f1ez Aguilar<\/strong><\/span><br \/>\n<br \/>\nPara salvar m\u00e1s vidas el gobierno del Estado de M\u00e9xico iniciar\u00e1 la construcci\u00f3n del hospital oncol\u00f3gico en el municipio de Ecatepec, que tendr\u00e1 una inversi\u00f3n de poco m\u00e1s de 460 millones de pesos y atender\u00e1 a la poblaci\u00f3n del Valle de M\u00e9xico, se\u00f1al\u00f3 ayer el gobernador Eruviel \u00c1vila Villegas, quien tambi\u00e9n dijo que todos los alumnos inscritos en el ciclo escolar 2014-2015 y padezcan esta enfermedad tendr\u00e1n una beca.<\/p>\n","protected":false},"author":3,"featured_media":182464,"comment_status":"open","ping_status":"open","sticky":false,"template":"","format":"standard","meta":{"_monsterinsights_skip_tracking":false,"_monsterinsights_sitenote_active":false,"_monsterinsights_sitenote_note":"","_monsterinsights_sitenote_category":0,"footnotes":""},"categories":[5],"tags":[13284,43675,43704,44,452],"class_list":["post-182458","post","type-post","status-publish","format-standard","has-post-thumbnail","hentry","category-estado-de-mexico","tag-arco-norte","tag-estado-de-mexico","tag-jose-luis-montanez-aguilar","tag-mexico","tag-toluca"],"_links":{"self":[{"href":"https:\/\/www.diarioimagen.net\/index.php?rest_route=\/wp\/v2\/posts\/182458","targetHints":{"allow":["GET"]}}],"collection":[{"href":"https:\/\/www.diarioimagen.net\/index.php?rest_route=\/wp\/v2\/posts"}],"about":[{"href":"https:\/\/www.diarioimagen.net\/index.php?rest_route=\/wp\/v2\/types\/post"}],"author":[{"embeddable":true,"href":"https:\/\/www.diarioimagen.net\/index.php?rest_route=\/wp\/v2\/users\/3"}],"replies":[{"embeddable":true,"href":"https:\/\/www.diarioimagen.net\/index.php?rest_route=%2Fwp%2Fv2%2Fcomments&post=182458"}],"version-history":[{"count":0,"href":"https:\/\/www.diarioimagen.net\/index.php?rest_route=\/wp\/v2\/posts\/182458\/revisions"}],"wp:featuredmedia":[{"embeddable":true,"href":"https:\/\/www.diarioimagen.net\/index.php?rest_route=\/wp\/v2\/media\/182464"}],"wp:attachment":[{"href":"https:\/\/www.diarioimagen.net\/index.php?rest_route=%2Fwp%2Fv2%2Fmedia&parent=182458"}],"wp:term":[{"taxonomy":"category","embeddable":true,"href":"https:\/\/www.diarioimagen.net\/index.php?rest_route=%2Fwp%2Fv2%2Fcategories&post=182458"},{"taxonomy":"post_tag","embeddable":true,"href":"https:\/\/www.diarioimagen.net\/index.php?rest_route=%2Fwp%2Fv2%2Ftags&post=182458"}],"curies":[{"name":"wp","href":"https:\/\/api.w.org\/{rel}","templated":true}]}}