{"id":182480,"date":"2014-07-18T00:03:41","date_gmt":"2014-07-18T05:03:41","guid":{"rendered":"http:\/\/www.diarioimagen.net\/?p=182480"},"modified":"2014-07-21T03:08:08","modified_gmt":"2014-07-21T08:08:08","slug":"supervisan-entrega-de-apoyos-en-chiapas","status":"publish","type":"post","link":"https:\/\/www.diarioimagen.net\/?p=182480","title":{"rendered":"Supervisan entrega de apoyos en Chiapas"},"content":{"rendered":"<ul>\n<li><em><strong>Rosario Robles, titular de la dependencia, se\u00f1ala que la responsabilidad del gobierno es que todos sean atendidos<\/strong><\/em><\/li>\n<\/ul>\n<p>&nbsp;<\/p>\n<div id=\"attachment_182481\" style=\"width: 250px\" class=\"wp-caption alignleft\"><a href=\"http:\/\/www.diarioimagen.net\/wp-content\/uploads\/2014\/07\/SEDESOL-2402.jpg\"><img loading=\"lazy\" decoding=\"async\" aria-describedby=\"caption-attachment-182481\" class=\"size-medium wp-image-182481\" src=\"http:\/\/www.diarioimagen.net\/wp-content\/uploads\/2014\/07\/SEDESOL-2402-240x160.jpg\" alt=\"Rosario Robles, titular de la Secretar\u00eda de Desarrollo Social, supervis\u00f3 las acciones de ayuda de la dependencia en Chiapas.\" width=\"240\" height=\"160\" srcset=\"https:\/\/www.diarioimagen.net\/wp-content\/uploads\/2014\/07\/SEDESOL-2402-240x160.jpg 240w, https:\/\/www.diarioimagen.net\/wp-content\/uploads\/2014\/07\/SEDESOL-2402-420x280.jpg 420w, https:\/\/www.diarioimagen.net\/wp-content\/uploads\/2014\/07\/SEDESOL-2402.jpg 700w\" sizes=\"auto, (max-width: 240px) 100vw, 240px\" \/><\/a><p id=\"caption-attachment-182481\" class=\"wp-caption-text\">Rosario Robles, titular de la Secretar\u00eda de Desarrollo Social, supervis\u00f3 las acciones de ayuda de la dependencia en Chiapas.<\/p><\/div>\n<p><strong>Tuxtla Guiti\u00e9rrez, Chis.-<\/strong> La titular de la Secretar\u00eda de Desarrollo Social, Rosario Robles, regres\u00f3 a las comunidades m\u00e1s afectadas por el sismo del pasado 7 de julio para supervisar la entrega de apoyos.<\/p>\n<p>Nuestra responsabilidad es que todos tengan el respaldo del gobierno, que todos sean atendidos\u201d, puntualiz\u00f3 la titular de la Sedesol. Especialmente, se est\u00e1n verificando las acciones encaminadas a la reconstrucci\u00f3n de viviendas y en preservar la vida de quienes se encuentran en riesgo.<\/p>\n<p>El gobierno protege a la poblaci\u00f3n, es especial a las familias cuyas casas tienen da\u00f1os mayores o se han declarado inhabitables\u201d.<\/p>\n<p>De acuerdo a las cifras preliminares hubo 10,361 viviendas afectadas en 35 municipios, de las cuales 1,658 presentan da\u00f1os menores, 6,642 afectaciones parciales y 2,061 da\u00f1os totales. Adem\u00e1s, 265 viviendas ser\u00e1n reubicadas por considerarse inhabitables. Para garantizar la reconstrucci\u00f3n de las viviendas los recursos estar\u00e1n en posesi\u00f3n de Banobras, se\u00f1al\u00f3 Jos\u00e9 Mar\u00eda Tapia Franco, director general del Fonden.<\/p>\n<p>No se transfiere a ning\u00fan estado o municipio; todo lo maneja la Secretar\u00eda de Gobernaci\u00f3n, la cual env\u00eda los insumos para atender la emergencia y la integridad f\u00edsica inmediata de las personas\u201d, mencion\u00f3 Tapia Franco.<\/p>\n<p>Adem\u00e1s, el 4 de agosto, fecha en que se d\u00e9 a conocer el diagn\u00f3stico oficial, se habilitar\u00e1 una p\u00e1gina en Internet para informar sobre los procesos financieros, los recursos y las acciones desarrolladas, agreg\u00f3 la secretaria de Desa\u00adrrollo Social.<\/p>\n<p>El recorrido se llev\u00f3 a cabo en El Jocotal, Zinacatl\u00e1n, donde se revisaron las obras de mejoramiento de viviendas del PDZP y se inaugur\u00f3 un comedor comunitario.<\/p>\n<p>En Tapachula se tom\u00f3 protesta junto con el gobernador Velasco Coello a los Comit\u00e9s Comunitarios de Reconstrucci\u00f3n, cuyo objetivo consiste en repartir la ayuda de manera eficiente y en tiempo para recuperar el patrimonio de las familias a la brevedad.<\/p>\n","protected":false},"excerpt":{"rendered":"<p>La titular de la Secretar\u00eda de Desarrollo Social, Rosario Robles, regres\u00f3 a las comunidades m\u00e1s afectadas por el sismo del pasado 7 de julio para supervisar la entrega de apoyos. Nuestra responsabilidad es que todos tengan el respaldo del gobierno, que todos sean atendidos\u201d, puntualiz\u00f3 la titular de la Sedesol. Especialmente, se est\u00e1n verificando las acciones encaminadas a la reconstrucci\u00f3n de viviendas y en preservar la vida de quienes se encuentran en riesgo.<\/p>\n","protected":false},"author":1,"featured_media":182481,"comment_status":"open","ping_status":"open","sticky":false,"template":"","format":"standard","meta":{"_monsterinsights_skip_tracking":false,"_monsterinsights_sitenote_active":false,"_monsterinsights_sitenote_note":"","_monsterinsights_sitenote_category":0,"footnotes":""},"categories":[3],"tags":[43673,9562,1998],"class_list":["post-182480","post","type-post","status-publish","format-standard","has-post-thumbnail","hentry","category-nacional","tag-nacional","tag-rosario-robles-berlanga","tag-sedesol"],"_links":{"self":[{"href":"https:\/\/www.diarioimagen.net\/index.php?rest_route=\/wp\/v2\/posts\/182480","targetHints":{"allow":["GET"]}}],"collection":[{"href":"https:\/\/www.diarioimagen.net\/index.php?rest_route=\/wp\/v2\/posts"}],"about":[{"href":"https:\/\/www.diarioimagen.net\/index.php?rest_route=\/wp\/v2\/types\/post"}],"author":[{"embeddable":true,"href":"https:\/\/www.diarioimagen.net\/index.php?rest_route=\/wp\/v2\/users\/1"}],"replies":[{"embeddable":true,"href":"https:\/\/www.diarioimagen.net\/index.php?rest_route=%2Fwp%2Fv2%2Fcomments&post=182480"}],"version-history":[{"count":0,"href":"https:\/\/www.diarioimagen.net\/index.php?rest_route=\/wp\/v2\/posts\/182480\/revisions"}],"wp:featuredmedia":[{"embeddable":true,"href":"https:\/\/www.diarioimagen.net\/index.php?rest_route=\/wp\/v2\/media\/182481"}],"wp:attachment":[{"href":"https:\/\/www.diarioimagen.net\/index.php?rest_route=%2Fwp%2Fv2%2Fmedia&parent=182480"}],"wp:term":[{"taxonomy":"category","embeddable":true,"href":"https:\/\/www.diarioimagen.net\/index.php?rest_route=%2Fwp%2Fv2%2Fcategories&post=182480"},{"taxonomy":"post_tag","embeddable":true,"href":"https:\/\/www.diarioimagen.net\/index.php?rest_route=%2Fwp%2Fv2%2Ftags&post=182480"}],"curies":[{"name":"wp","href":"https:\/\/api.w.org\/{rel}","templated":true}]}}