{"id":182510,"date":"2014-07-18T00:03:02","date_gmt":"2014-07-18T05:03:02","guid":{"rendered":"http:\/\/www.diarioimagen.net\/?p=182510"},"modified":"2014-07-18T04:59:00","modified_gmt":"2014-07-18T09:59:00","slug":"esos-quieren-ser-presidentes","status":"publish","type":"post","link":"https:\/\/www.diarioimagen.net\/?p=182510","title":{"rendered":"\u00bfEsos quieren ser presidentes?"},"content":{"rendered":"<h2>Detr\u00e1s del Poder<\/h2>\n<h5>Jos\u00e9 Antonio L\u00f3pez Sosa<\/h5>\n<p>&nbsp;<\/p>\n<p>Es sorprendente que el ala m\u00e1s conservadora y con uso desmedido de la fuerza de los gobernadores del pa\u00eds sean quienes aspiran a la Presidencia de la Rep\u00fablica para la pr\u00f3xima elecci\u00f3n de 2018. Se trata de Javier Duarte de Ochoa, gobernador de Veracruz y Rafael Moreno Valle, mandatario de Puebla.<\/p>\n<p>En estos dos gobernadores se engloban los tres partidos pol\u00edticos m\u00e1s importantes del pa\u00eds, Duarte emanado de las filas del PRI y Moreno Valle que llegara en la coalici\u00f3n PAN-PRD.<\/p>\n<p>En Veracruz el reciente caso de Mar\u00eda Jos\u00e9 Gamboa Morales se deja ver la actuaci\u00f3n del gobierno de Veracruz con sus adversarios pol\u00edticos, el cuestionamiento no es por la detenci\u00f3n de la periodista y funcionaria en Boca del R\u00edo despu\u00e9s de atropellar y quitarle la vida a un joven, sino por la forma en que el propio gobierno estatal lleva al cabo sus procedimientos desconfiando p\u00fablicamente de la autoridad municipal en manos de otro partido.<\/p>\n<p>Al escuchar en diversas entrevistas al procurador de Veracruz, Luis \u00c1ngel Bravo Contreras, donde en primera persona pareciera que la justicia es lo que \u00e9l dice, se deja ver la vocaci\u00f3n de autoritarismo del gobernador Javier Duarte, si a ello le sumamos los colegas periodistas asesinados y amedrentados en su administraci\u00f3n, \u00bfqu\u00e9 podr\u00edamos esperar si el gobernador Duarte llegara a ser presidente? si se cumplieran sus deseos.<\/p>\n<p>En Puebla, Rafael Moreno Valle tiene un serio problema con su imagen, ignoro si se trate de narcisismo o una exagerada aspiraci\u00f3n de quedar en la mente de las personas, pero su sobreexposici\u00f3n medi\u00e1tica es burda. Si a ello le agregamos la legislaci\u00f3n que hace permisible el uso de la fuerza p\u00fablica contra manifestantes y leemos lo que sucedi\u00f3 con un ni\u00f1o lesionado con una bala de goma recientemente, \u00bfqu\u00e9 se puede esperar si el gobernador Moreno Valle llegara a la Presidencia de M\u00e9xico?, tal como \u00e9l cree que ocurrir\u00e1 en el a\u00f1o 2018.<\/p>\n<p>La lista comienza a crecer, as\u00ed muchos gobernadores se ven en la silla presidencial, se sienten ya precandidatos y usan (y usar\u00e1n) todo lo que est\u00e9 a su alcance para lograrlo. Comienza la pasarela.<\/p>\n<p><em><a href=\"mailto:lopez.sosa@mexico.com\" target=\"_blank\">lopez.sosa@mexico.com<\/a><\/em><br \/>\n<em><a href=\"http:\/\/twitter.com\/#%21\/joseantonio1977\" target=\"_blank\">@joseantonio1977<br \/>\n<\/a><a href=\"http:\/\/www.formulaconfidencial.com.mx\/\" target=\"_blank\">www.formulaconfidencial.com.mx<\/a><\/em><\/p>\n","protected":false},"excerpt":{"rendered":"<p><span style=\"color: #005497;\"><strong>Jos\u00e9 Antonio L\u00f3pez Sosa<\/strong><\/span><\/p>\n","protected":false},"author":1,"featured_media":0,"comment_status":"open","ping_status":"open","sticky":false,"template":"","format":"standard","meta":{"_monsterinsights_skip_tracking":false,"_monsterinsights_sitenote_active":false,"_monsterinsights_sitenote_note":"","_monsterinsights_sitenote_category":0,"footnotes":""},"categories":[637],"tags":[638,43690,43674],"class_list":["post-182510","post","type-post","status-publish","format-standard","hentry","category-jose-antonio-lopez-sosa","tag-detras-del-poder","tag-jose-antonio-lopez-sosa","tag-opinion"],"_links":{"self":[{"href":"https:\/\/www.diarioimagen.net\/index.php?rest_route=\/wp\/v2\/posts\/182510","targetHints":{"allow":["GET"]}}],"collection":[{"href":"https:\/\/www.diarioimagen.net\/index.php?rest_route=\/wp\/v2\/posts"}],"about":[{"href":"https:\/\/www.diarioimagen.net\/index.php?rest_route=\/wp\/v2\/types\/post"}],"author":[{"embeddable":true,"href":"https:\/\/www.diarioimagen.net\/index.php?rest_route=\/wp\/v2\/users\/1"}],"replies":[{"embeddable":true,"href":"https:\/\/www.diarioimagen.net\/index.php?rest_route=%2Fwp%2Fv2%2Fcomments&post=182510"}],"version-history":[{"count":0,"href":"https:\/\/www.diarioimagen.net\/index.php?rest_route=\/wp\/v2\/posts\/182510\/revisions"}],"wp:attachment":[{"href":"https:\/\/www.diarioimagen.net\/index.php?rest_route=%2Fwp%2Fv2%2Fmedia&parent=182510"}],"wp:term":[{"taxonomy":"category","embeddable":true,"href":"https:\/\/www.diarioimagen.net\/index.php?rest_route=%2Fwp%2Fv2%2Fcategories&post=182510"},{"taxonomy":"post_tag","embeddable":true,"href":"https:\/\/www.diarioimagen.net\/index.php?rest_route=%2Fwp%2Fv2%2Ftags&post=182510"}],"curies":[{"name":"wp","href":"https:\/\/api.w.org\/{rel}","templated":true}]}}