{"id":182618,"date":"2014-07-21T00:13:24","date_gmt":"2014-07-21T05:13:24","guid":{"rendered":"http:\/\/www.diarioimagen.net\/?p=182618"},"modified":"2014-07-21T03:16:04","modified_gmt":"2014-07-21T08:16:04","slug":"en-edomex-fin-de-semana-sin-percances","status":"publish","type":"post","link":"https:\/\/www.diarioimagen.net\/?p=182618","title":{"rendered":"En Edomex, fin de semana sin percances"},"content":{"rendered":"<h2>Arco Norte<\/h2>\n<h5>Jos\u00e9 Luis Monta\u00f1ez Aguilar<\/h5>\n<p>&nbsp;<\/p>\n<div id=\"attachment_182665\" style=\"width: 250px\" class=\"wp-caption alignleft\"><a href=\"http:\/\/www.diarioimagen.net\/wp-content\/uploads\/2014\/07\/arco-2403.jpg\"><img loading=\"lazy\" decoding=\"async\" aria-describedby=\"caption-attachment-182665\" class=\"size-medium wp-image-182665\" src=\"http:\/\/www.diarioimagen.net\/wp-content\/uploads\/2014\/07\/arco-2403-240x137.jpg\" alt=\"El Ejecutivo estatal invit\u00f3 a conocer los nueve corredores tur\u00edsticos de la entidad.\" width=\"240\" height=\"137\" srcset=\"https:\/\/www.diarioimagen.net\/wp-content\/uploads\/2014\/07\/arco-2403-240x137.jpg 240w, https:\/\/www.diarioimagen.net\/wp-content\/uploads\/2014\/07\/arco-2403-420x240.jpg 420w, https:\/\/www.diarioimagen.net\/wp-content\/uploads\/2014\/07\/arco-2403-202x114.jpg 202w, https:\/\/www.diarioimagen.net\/wp-content\/uploads\/2014\/07\/arco-2403.jpg 600w\" sizes=\"auto, (max-width: 240px) 100vw, 240px\" \/><\/a><p id=\"caption-attachment-182665\" class=\"wp-caption-text\">El Ejecutivo estatal invit\u00f3 a conocer los nueve corredores tur\u00edsticos de la entidad.<\/p><\/div>\n<p>De acuerdo con los reportes de la Secretar\u00eda de Seguridad Ciudadana, durante el primer fin de semana del periodo vacacional de verano se rtegistr\u00f3 saldo blanco, pues no hubo registros de accidentes en las carreteras y zonas tur\u00edsticas de la entidad, se\u00f1al\u00f3 el gobernador Eruviel \u00c1vila Villegas. Adem\u00e1s, reiter\u00f3 la invitaci\u00f3n a la poblaci\u00f3n para visite los nueve corredores tur\u00edsticos mexiquenses, donde se puede disfrutar del turismo de aventura, salud, hist\u00f3rico, cultural, deportivo, de naturaleza, arqueol\u00f3gico y religioso. Tambi\u00e9n, exhort\u00f3 a la ciudadan\u00eda a tomar las medidas de precauci\u00f3n para tener un viaje seguro y disfrutar en grande sus vacaciones. Eruviel \u00c1vila record\u00f3 que se encuentra en funcionamiento el Operativo Vacacional 2014, donde participan m\u00e1s de 16 mil elementos de la Secretar\u00eda de Seguridad Ciudadana, dos helic\u00f3pteros y 200 patrullas, as\u00ed como elementos del Ej\u00e9rcito Mexicano, la Secretar\u00eda de Marina y la Polic\u00eda Federal, que tiene como objetivo salvaguardar la integridad y seguridad de los visitantes a los atractivos tur\u00edsticos mexiquenses. En este sentido, el Ejecutivo estatal invit\u00f3 a conocer los nueve corredores tur\u00edsticos de la entidad: el Corredor Volcanes, Santuarios, Herencia Otom\u00ed, Teotihuac\u00e1n, Mariposa Monarca, Toluca y sus Alrededores, Bellezas del Nevado, Esplendor Mazahua y Circuito Compras. Adem\u00e1s de los cinco Pueblos M\u00e1gicos: Valle de Bravo, Tepotzotl\u00e1n, El Oro, Malinalco y Metepec, as\u00ed como los 24 Pueblos con Encanto y las 19 Zonas Arqueol\u00f3gicas abiertas al p\u00fablico, entre las que destaca Teotihuac\u00e1n, la m\u00e1s visitada del mundo con 4.5 millones de personas al a\u00f1o.<\/p>\n<p><em><a href=\"mailto:montanezaguilar@gmail.com\" target=\"_blank\">montanezaguilar@gmail.com<\/a><\/em><\/p>\n","protected":false},"excerpt":{"rendered":"<p><span style=\"color: #005497;\"><strong>Jos\u00e9 Luis Monta\u00f1ez Aguilar<\/strong><\/span><br \/>\n<br \/>\nDe acuerdo con los reportes de la Secretar\u00eda de Seguridad Ciudadana, durante el primer fin de semana del periodo vacacional de verano se rtegistr\u00f3 saldo blanco, pues no hubo registros de accidentes en las carreteras y zonas tur\u00edsticas de la entidad, se\u00f1al\u00f3 el gobernador Eruviel \u00c1vila Villegas.<\/p>\n","protected":false},"author":3,"featured_media":182665,"comment_status":"open","ping_status":"open","sticky":false,"template":"","format":"standard","meta":{"_monsterinsights_skip_tracking":false,"_monsterinsights_sitenote_active":false,"_monsterinsights_sitenote_note":"","_monsterinsights_sitenote_category":0,"footnotes":""},"categories":[5],"tags":[13284,5828,43704,43674],"class_list":["post-182618","post","type-post","status-publish","format-standard","has-post-thumbnail","hentry","category-estado-de-mexico","tag-arco-norte","tag-eruviel-avila-villegas","tag-jose-luis-montanez-aguilar","tag-opinion"],"_links":{"self":[{"href":"https:\/\/www.diarioimagen.net\/index.php?rest_route=\/wp\/v2\/posts\/182618","targetHints":{"allow":["GET"]}}],"collection":[{"href":"https:\/\/www.diarioimagen.net\/index.php?rest_route=\/wp\/v2\/posts"}],"about":[{"href":"https:\/\/www.diarioimagen.net\/index.php?rest_route=\/wp\/v2\/types\/post"}],"author":[{"embeddable":true,"href":"https:\/\/www.diarioimagen.net\/index.php?rest_route=\/wp\/v2\/users\/3"}],"replies":[{"embeddable":true,"href":"https:\/\/www.diarioimagen.net\/index.php?rest_route=%2Fwp%2Fv2%2Fcomments&post=182618"}],"version-history":[{"count":0,"href":"https:\/\/www.diarioimagen.net\/index.php?rest_route=\/wp\/v2\/posts\/182618\/revisions"}],"wp:featuredmedia":[{"embeddable":true,"href":"https:\/\/www.diarioimagen.net\/index.php?rest_route=\/wp\/v2\/media\/182665"}],"wp:attachment":[{"href":"https:\/\/www.diarioimagen.net\/index.php?rest_route=%2Fwp%2Fv2%2Fmedia&parent=182618"}],"wp:term":[{"taxonomy":"category","embeddable":true,"href":"https:\/\/www.diarioimagen.net\/index.php?rest_route=%2Fwp%2Fv2%2Fcategories&post=182618"},{"taxonomy":"post_tag","embeddable":true,"href":"https:\/\/www.diarioimagen.net\/index.php?rest_route=%2Fwp%2Fv2%2Ftags&post=182618"}],"curies":[{"name":"wp","href":"https:\/\/api.w.org\/{rel}","templated":true}]}}