{"id":182660,"date":"2014-07-21T00:08:26","date_gmt":"2014-07-21T05:08:26","guid":{"rendered":"http:\/\/www.diarioimagen.net\/?p=182660"},"modified":"2014-07-21T03:25:43","modified_gmt":"2014-07-21T08:25:43","slug":"inicia-reforestacion-en-parque-los-remedios","status":"publish","type":"post","link":"https:\/\/www.diarioimagen.net\/?p=182660","title":{"rendered":"Inicia reforestaci\u00f3n en parque Los Remedios"},"content":{"rendered":"<ul>\n<li><strong><em>Edil de Naucalpan la encabeza<\/em><\/strong><\/li>\n<\/ul>\n<div id=\"attachment_182672\" style=\"width: 250px\" class=\"wp-caption alignleft\"><a href=\"http:\/\/www.diarioimagen.net\/wp-content\/uploads\/2014\/07\/NAUCALPAN-2403.jpg\"><img loading=\"lazy\" decoding=\"async\" aria-describedby=\"caption-attachment-182672\" class=\"size-medium wp-image-182672\" src=\"http:\/\/www.diarioimagen.net\/wp-content\/uploads\/2014\/07\/NAUCALPAN-2403-240x171.jpg\" alt=\"Arranc\u00f3 una campa\u00f1a m\u00e1s de reforestaci\u00f3n del parque de Los Remedios.\" width=\"240\" height=\"171\" srcset=\"https:\/\/www.diarioimagen.net\/wp-content\/uploads\/2014\/07\/NAUCALPAN-2403-240x171.jpg 240w, https:\/\/www.diarioimagen.net\/wp-content\/uploads\/2014\/07\/NAUCALPAN-2403-420x300.jpg 420w, https:\/\/www.diarioimagen.net\/wp-content\/uploads\/2014\/07\/NAUCALPAN-2403-90x65.jpg 90w, https:\/\/www.diarioimagen.net\/wp-content\/uploads\/2014\/07\/NAUCALPAN-2403.jpg 700w\" sizes=\"auto, (max-width: 240px) 100vw, 240px\" \/><\/a><p id=\"caption-attachment-182672\" class=\"wp-caption-text\">Arranc\u00f3 una campa\u00f1a m\u00e1s de reforestaci\u00f3n del parque de Los Remedios.<\/p><\/div>\n<p><strong>Naucalpan, Estado de M\u00e9xico<\/strong>.- Por segundo a\u00f1o consecutivo el presidente municipal, David S\u00e1nchez Guevara, encabez\u00f3 junto \u00a0con El\u00edas Acosta Sosa, gerente divisional Valle de M\u00e9xico Norte \u00a0la reforestaci\u00f3n de 3 mil \u00e1rboles en el parque Los Remedios, realizada conjuntamente por la Comisi\u00f3n Federal de Electricidad (CFE) y la Direcci\u00f3n de Medio Ambiente local, que aport\u00f3 los \u00e1rboles<\/p>\n<p>\u201cNuestro objetivo no s\u00f3lo se limita a plantar \u00e1rboles sino a mantenerlos con vida. En Naucalpan nuestro objetivo para el 2014 es plantar 50 mil \u00e1rboles, hasta el momento llevamos 15 mil y pr\u00e1cticamente estamos iniciando la temporada de lluvias\u201d, declar\u00f3 el alcalde.<\/p>\n<p>S\u00e1nchez Guevara reconoci\u00f3 que la suma de esfuerzos, haciendo equipo en beneficio de nuestra gente, habla muy bien de la actividad de la Comisi\u00f3n Federal de Electricidad, que no se limita al \u00e1mbito laboral y que re\u00fane a sus familias, generando una conciencia colectiva en pro del medio ambiente.<\/p>\n<p>Durante \u00a0la reforestaci\u00f3n de mil 300 \u00e1rboles de fresnos y mil 700 de cedro blanco, S\u00e1nchez Guevara y Acosta Sosa invitaron a decenas de familias que se dieron cita en el parque Los Remedios a seguir compartiendo su entusiasmo, para recuperar los bosques en todo M\u00e9xico.<\/p>\n<p>\u201cContagiemos con el ejemplo a las nuevas generaciones, pues nuestras acciones son las pautas para obtener un efecto positivo y generar los cambios que requerimos\u201d, dijo.<\/p>\n<p>Previo al arranque de la reforestaci\u00f3n, se inform\u00f3 qu\u00e9 cada dos segundos se deforesta en el mundo el equivalente a un campo de futbol, adem\u00e1s, el consumo de papel en M\u00e9xico se ha incrementado y cada persona consume 340 kilos de papel.<\/p>\n<p>Acosta Sosa reiter\u00f3 su compromiso con el medio ambiente, que dijo, es un gran reto que han asimilado y deben cumplir como un aspecto importante de responsabilidad social con el Valle de M\u00e9xico.<\/p>\n<p>\u201cFortalecer los pulmones que nos oxigenan todos los d\u00edas es un compromiso de cuidar el medio ambiente dentro de las responsabilidades que nuestra empresa tiene, y que s\u00f3lo coordinadamente podemos seguir aumentando nuestra meta\u201d, concluy\u00f3.<\/p>\n","protected":false},"excerpt":{"rendered":"<p>Por segundo a\u00f1o consecutivo el presidente municipal, David S\u00e1nchez Guevara, encabez\u00f3 junto  con El\u00edas Acosta Sosa, gerente divisional Valle de M\u00e9xico Norte  la reforestaci\u00f3n de 3 mil \u00e1rboles en el parque Los Remedios, realizada conjuntamente por la Comisi\u00f3n Federal de Electricidad (CFE) y la Direcci\u00f3n de Medio Ambiente local, que aport\u00f3 los \u00e1rboles<\/p>\n","protected":false},"author":3,"featured_media":182672,"comment_status":"open","ping_status":"open","sticky":false,"template":"","format":"standard","meta":{"_monsterinsights_skip_tracking":false,"_monsterinsights_sitenote_active":false,"_monsterinsights_sitenote_note":"","_monsterinsights_sitenote_category":0,"footnotes":""},"categories":[5],"tags":[43675,1911,970],"class_list":["post-182660","post","type-post","status-publish","format-standard","has-post-thumbnail","hentry","category-estado-de-mexico","tag-estado-de-mexico","tag-los-remedios","tag-naucalpan"],"_links":{"self":[{"href":"https:\/\/www.diarioimagen.net\/index.php?rest_route=\/wp\/v2\/posts\/182660","targetHints":{"allow":["GET"]}}],"collection":[{"href":"https:\/\/www.diarioimagen.net\/index.php?rest_route=\/wp\/v2\/posts"}],"about":[{"href":"https:\/\/www.diarioimagen.net\/index.php?rest_route=\/wp\/v2\/types\/post"}],"author":[{"embeddable":true,"href":"https:\/\/www.diarioimagen.net\/index.php?rest_route=\/wp\/v2\/users\/3"}],"replies":[{"embeddable":true,"href":"https:\/\/www.diarioimagen.net\/index.php?rest_route=%2Fwp%2Fv2%2Fcomments&post=182660"}],"version-history":[{"count":0,"href":"https:\/\/www.diarioimagen.net\/index.php?rest_route=\/wp\/v2\/posts\/182660\/revisions"}],"wp:featuredmedia":[{"embeddable":true,"href":"https:\/\/www.diarioimagen.net\/index.php?rest_route=\/wp\/v2\/media\/182672"}],"wp:attachment":[{"href":"https:\/\/www.diarioimagen.net\/index.php?rest_route=%2Fwp%2Fv2%2Fmedia&parent=182660"}],"wp:term":[{"taxonomy":"category","embeddable":true,"href":"https:\/\/www.diarioimagen.net\/index.php?rest_route=%2Fwp%2Fv2%2Fcategories&post=182660"},{"taxonomy":"post_tag","embeddable":true,"href":"https:\/\/www.diarioimagen.net\/index.php?rest_route=%2Fwp%2Fv2%2Ftags&post=182660"}],"curies":[{"name":"wp","href":"https:\/\/api.w.org\/{rel}","templated":true}]}}