{"id":183212,"date":"2014-07-24T23:59:58","date_gmt":"2014-07-25T04:59:58","guid":{"rendered":"http:\/\/www.diarioimagen.net\/?p=183212"},"modified":"2014-07-25T04:13:37","modified_gmt":"2014-07-25T09:13:37","slug":"osorio-chong-recibe-a-135repatriados-de-eu","status":"publish","type":"post","link":"https:\/\/www.diarioimagen.net\/?p=183212","title":{"rendered":"Osorio Chong recibe a 135 repatriados de EU"},"content":{"rendered":"<ul>\n<li><strong><em>Han regresado a M\u00e9xico aproximadamente 13 mil personas desde junio del a\u00f1o pasado<\/em><\/strong><\/li>\n<\/ul>\n<div id=\"attachment_183213\" style=\"width: 250px\" class=\"wp-caption alignleft\"><img loading=\"lazy\" decoding=\"async\" aria-describedby=\"caption-attachment-183213\" class=\"wp-image-183213 size-medium\" src=\"http:\/\/www.diarioimagen.net\/wp-content\/uploads\/2014\/07\/migracion-portal1-240x135.jpg\" alt=\"En tanto, tras el anuncio del gobernador de Texas, Rick Perry, sobre el despliegue de soldados para reforzar la seguridad en la frontera con M\u00e9xico, derivado a la crisis masiva de menores migrantes no acompa\u00f1ados, el encargado de la Casa del Migrante, Francisco Gallardo, detall\u00f3 que tal acci\u00f3n no representa una soluci\u00f3n para frenar esta crisis humanitaria, donde miles de menores centroamericanos tratan de llegar a la uni\u00f3n americana de manera ilegal.\" width=\"240\" height=\"135\" srcset=\"https:\/\/www.diarioimagen.net\/wp-content\/uploads\/2014\/07\/migracion-portal1-240x135.jpg 240w, https:\/\/www.diarioimagen.net\/wp-content\/uploads\/2014\/07\/migracion-portal1-420x236.jpg 420w, https:\/\/www.diarioimagen.net\/wp-content\/uploads\/2014\/07\/migracion-portal1-235x132.jpg 235w, https:\/\/www.diarioimagen.net\/wp-content\/uploads\/2014\/07\/migracion-portal1-202x114.jpg 202w, https:\/\/www.diarioimagen.net\/wp-content\/uploads\/2014\/07\/migracion-portal1-350x196.jpg 350w, https:\/\/www.diarioimagen.net\/wp-content\/uploads\/2014\/07\/migracion-portal1-220x123.jpg 220w, https:\/\/www.diarioimagen.net\/wp-content\/uploads\/2014\/07\/migracion-portal1-237x132.jpg 237w, https:\/\/www.diarioimagen.net\/wp-content\/uploads\/2014\/07\/migracion-portal1.jpg 480w\" sizes=\"auto, (max-width: 240px) 100vw, 240px\" \/><p id=\"caption-attachment-183213\" class=\"wp-caption-text\">En la Terminal 2 del Aeropuerto Internacional de la Ciudad de M\u00e9xico, el secretario de Gobernaci\u00f3n, Miguel \u00c1ngel Osorio Chong, convers\u00f3 con los mexicanos.<\/p><\/div>\n<p>El secretario de Gobernaci\u00f3n, Miguel \u00c1ngel Osorio Chong recibi\u00f3 a 135 mexicanos repatriados de Estados Unidos en una ceremonia de recepci\u00f3n que se realiz\u00f3 de forma privada en la Terminal 2 del Aeropuerto Internacional de la Ciudad de M\u00e9xico, en el \u00e1rea de Procedimiento de Repatriaci\u00f3n al Interior de M\u00e9xico (PRIM), del Instituto Nacional de Migraci\u00f3n (INM).<\/p>\n<p>El regreso de los mexicanos, desde varias ciudades de EU, es parte de un convenio de repatriaci\u00f3n con aqu\u00e9l pa\u00eds, en donde grupos de connacionales con situaci\u00f3n migratoria irregular regresan en vuelos programados los d\u00edas martes y jueves de cada semana.<\/p>\n<p>De acuerdo con cifras del INM con este programa se han repatriado a M\u00e9xico a aproximadamente 13 mil personas desde junio del a\u00f1o pasado. La Segob inform\u00f3 que en la ceremonia de recepci\u00f3n, el secretario pidi\u00f3 a los repatriados que estuvieran seguros de que en M\u00e9xico pueden hacer una mejor vida, para que sus hijos no migren a Estados Unidos.<\/p>\n<p>El grupo de 135 connacionales repatriados, todos del sexo masculino, recibir\u00e1n las facilidades y recursos para que regresen a sus lugares de origen, as\u00ed como para el tr\u00e1mite de la Clave \u00danica de Registro de Poblaci\u00f3n (CURP), la credencial de Instituto Nacional Electoral (INE) y el ingreso a una bolsa de trabajo. Entre las ventajas con que muchos de los repatriados cuentan es el tener conocimiento del idioma ingl\u00e9s y alguna especialidad aprendida en su trabajo el Estados Unidos.<\/p>\n<p>En tanto, tras el anuncio del gobernador de Texas, Rick Perry, sobre el despliegue de soldados para reforzar la seguridad en la frontera con M\u00e9xico, derivado a la crisis masiva de menores migrantes no acompa\u00f1ados, el encargado de la Casa del Migrante, Francisco Gallardo, detall\u00f3 que tal acci\u00f3n no representa una soluci\u00f3n para frenar esta crisis humanitaria, donde miles de menores centroamericanos tratan de llegar a la uni\u00f3n americana de manera ilegal.<\/p>\n","protected":false},"excerpt":{"rendered":"<p>El secretario de Gobernaci\u00f3n, Miguel \u00c1ngel Osorio Chong recibi\u00f3 a 135 mexicanos repatriados de Estados Unidos en una ceremonia de recepci\u00f3n que se realiz\u00f3 de forma privada en la Terminal 2 del Aeropuerto Internacional de la Ciudad de M\u00e9xico, en el \u00e1rea de Procedimiento de Repatriaci\u00f3n al Interior de M\u00e9xico (PRIM), del Instituto Nacional de Migraci\u00f3n (INM).<\/p>\n","protected":false},"author":5,"featured_media":183213,"comment_status":"open","ping_status":"open","sticky":false,"template":"","format":"standard","meta":{"_monsterinsights_skip_tracking":false,"_monsterinsights_sitenote_active":false,"_monsterinsights_sitenote_note":"","_monsterinsights_sitenote_category":0,"footnotes":""},"categories":[17,3],"tags":[177,2786,3676,43673],"class_list":["post-183212","post","type-post","status-publish","format-standard","has-post-thumbnail","hentry","category-especiales","category-nacional","tag-estados-unidos","tag-eu","tag-miguel-angel-osorio-chong","tag-nacional"],"_links":{"self":[{"href":"https:\/\/www.diarioimagen.net\/index.php?rest_route=\/wp\/v2\/posts\/183212","targetHints":{"allow":["GET"]}}],"collection":[{"href":"https:\/\/www.diarioimagen.net\/index.php?rest_route=\/wp\/v2\/posts"}],"about":[{"href":"https:\/\/www.diarioimagen.net\/index.php?rest_route=\/wp\/v2\/types\/post"}],"author":[{"embeddable":true,"href":"https:\/\/www.diarioimagen.net\/index.php?rest_route=\/wp\/v2\/users\/5"}],"replies":[{"embeddable":true,"href":"https:\/\/www.diarioimagen.net\/index.php?rest_route=%2Fwp%2Fv2%2Fcomments&post=183212"}],"version-history":[{"count":0,"href":"https:\/\/www.diarioimagen.net\/index.php?rest_route=\/wp\/v2\/posts\/183212\/revisions"}],"wp:featuredmedia":[{"embeddable":true,"href":"https:\/\/www.diarioimagen.net\/index.php?rest_route=\/wp\/v2\/media\/183213"}],"wp:attachment":[{"href":"https:\/\/www.diarioimagen.net\/index.php?rest_route=%2Fwp%2Fv2%2Fmedia&parent=183212"}],"wp:term":[{"taxonomy":"category","embeddable":true,"href":"https:\/\/www.diarioimagen.net\/index.php?rest_route=%2Fwp%2Fv2%2Fcategories&post=183212"},{"taxonomy":"post_tag","embeddable":true,"href":"https:\/\/www.diarioimagen.net\/index.php?rest_route=%2Fwp%2Fv2%2Ftags&post=183212"}],"curies":[{"name":"wp","href":"https:\/\/api.w.org\/{rel}","templated":true}]}}